{"id":72962,"date":"2020-01-13T16:50:03","date_gmt":"2020-01-13T21:50:03","guid":{"rendered":"https:\/\/linitiative.ca\/International\/attaque-dans-une-base-en-floride-21-militaires-saoudiens-renvoyes-en-arabie\/"},"modified":"2020-01-13T16:50:03","modified_gmt":"2020-01-13T21:50:03","slug":"attaque-dans-une-base-en-floride-21-militaires-saoudiens-renvoyes-en-arabie","status":"publish","type":"post","link":"https:\/\/linitiative.ca\/International\/attaque-dans-une-base-en-floride-21-militaires-saoudiens-renvoyes-en-arabie\/","title":{"rendered":"Attaque dans une base en Floride: 21 militaires saoudiens renvoy\u00e9s en Arabie"},"content":{"rendered":"<div readability=\"32\">\n<p>Publi\u00e9 le 13.01.2020 \u00e0 22h50 par AFP<\/p>\n<\/div>\n<div readability=\"103\">\n<p>Vingt-et-un militaires saoudiens en formation aux Etats-Unis vont \u00eatre renvoy\u00e9s lundi dans leur pays dans le cadre de l\u2019enqu\u00eate sur la fusillade survenue en d\u00e9cembre sur une base a\u00e9ronavale de Floride, a annonc\u00e9 le ministre am\u00e9ricain de la Justice Bill Barr.<\/p>\n<p>Le 6 d\u00e9cembre un aviateur saoudien a fait trois morts et huit bless\u00e9s avant d\u2019\u00eatre abattu sur une base militaire de Pensacola. Mohammed al-Shamrani \u00e9tait \u00ab\u00a0motiv\u00e9 par l\u2019id\u00e9ologie jihadiste\u00a0\u00bb, a d\u00e9clar\u00e9 Bill Barr lors d\u2019une conf\u00e9rence de presse \u00e0 Washington. \u00ab\u00a0C\u2019\u00e9tait un acte terroriste.\u00a0\u00bb<\/p>\n<p>Le 11 septembre 2019, il avait publi\u00e9 un message sur internet indiquant: \u00ab\u00a0le compte \u00e0 rebours a commenc\u00e9\u00a0\u00bb. Il s\u2019\u00e9tait ensuite rendu sur le site des attentats contre les tours jumelles du World Trade Center, puis avait multipli\u00e9 les messages jihadistes jusqu\u2019\u00e0 deux heures avant de passer \u00e0 l\u2019acte, a pr\u00e9cis\u00e9 le ministre.<\/p>\n<p>Dans le cadre de l\u2019enqu\u00eate, la police f\u00e9d\u00e9rale n\u2019a trouv\u00e9 \u00ab\u00a0aucune preuve d\u2019une collaboration ou de la connaissance pr\u00e9alable de l\u2019attaque\u00a0\u00bb par d\u2019autres militaires en formation aux Etats-Unis, a encore dit Bill Barr.<\/p>\n<p>Mais elle a d\u00e9couvert que 21 Saoudiens poss\u00e9daient \u00ab\u00a0des contenus offensants\u00a0\u00bb, a-t-il not\u00e9. Dix-sept avaient des profils sur les r\u00e9seaux sociaux avec du contenu \u00ab\u00a0jihadiste ou anti-am\u00e9ricain\u00a0\u00bb, mais \u00ab\u00a0sans preuve d\u2019une affiliation ou implication avec un groupe terroriste\u00a0\u00bb.<\/p>\n<p>Quinze (parfois les m\u00eames) avaient \u00e9t\u00e9 \u00ab\u00a0en contact avec des contenus p\u00e9dophiles\u00a0\u00bb: un poss\u00e9dait plusieurs images p\u00e9dophiles, les autres ayant particip\u00e9 \u00e0 des discussions o\u00f9 d\u2019autres internautes avaient post\u00e9 de telles images.<\/p>\n<p>\u2013 \u00ab\u00a0Indigne\u00a0\u00bb \u2013<\/p>\n<p>Les autorit\u00e9s am\u00e9ricaines ont d\u00e9termin\u00e9 qu\u2019il n\u2019y avait pas mati\u00e8re \u00e0 ouvrir des poursuites f\u00e9d\u00e9rales contre eux. Mais Ryad \u00ab\u00a0a jug\u00e9 que ces contenus montraient une attitude indigne d\u2019officiers de la Force a\u00e9rienne saoudienne ou de sa Marine et les 21 cadets ont \u00e9t\u00e9 retir\u00e9s de leur formation et seront renvoy\u00e9s en Arabie saoudite aujourd\u2019hui\u00a0\u00bb, a ajout\u00e9 Bill Barr.<\/p>\n<p>Le ministre a par ailleurs reproch\u00e9 au g\u00e9ant Californien Apple de ne pas avoir \u00ab\u00a0fourni d\u2019aide significative\u00a0\u00bb \u00e0 la police, qui cherche \u00e0 d\u00e9verrouiller les deux t\u00e9l\u00e9phones du tireur. Celui-ci avait d\u00e9lib\u00e9r\u00e9ment tir\u00e9 sur les appareils, mais des agents les ont remis en \u00e9tat sans pouvoir toutefois les d\u00e9bloquer.<\/p>\n<p>Pour Bill Barr, qui r\u00e9clame fr\u00e9quemment une meilleure coop\u00e9ration des compagnies technologiques avec les forces de l\u2019ordre, il est essentiel de d\u00e9terminer avec qui il \u00e9tait en contact \u00ab\u00a0pour emp\u00eacher de nouvelles attaques\u00a0\u00bb.<\/p>\n<p>Quelque 5.000 militaires de pays \u00e9trangers suivent une formation aux \u00c9tats-Unis, parmi lesquels environ 850 Saoudiens. La formation de ces derniers avait \u00e9t\u00e9 suspendue apr\u00e8s le drame.<\/p>\n<p>\u00ab\u00a0Ces partenariats militaires ont une importance cruciale pour les Etats-Unis\u00a0\u00bb, a estim\u00e9 lundi M. Barr, en insistant sur l\u2019aide apport\u00e9e par Ryad \u00e0 l\u2019enqu\u00eate du FBI.<\/p>\n<p>La fusillade avait embarrass\u00e9 le royaume saoudien. Dans un appel au pr\u00e9sident Donald Trump, le roi Salmane avait condamn\u00e9 un crime \u00ab\u00a0abominable\u00a0\u00bb et assur\u00e9 que le tireur ne repr\u00e9sentait pas son peuple.<\/p>\n<p>Les relations entre les deux pays avaient connu un s\u00e9rieux revers apr\u00e8s les attentats du 11 septembre 2001: 15 des 19 pilotes qui avaient d\u00e9tourn\u00e9 des avions et provoqu\u00e9 la mort de quelque 3.000 personnes \u00e9taient des Saoudiens.<\/p>\n<\/div>\n<p>Auteur: AFP<br \/>\n<a href=\"https:\/\/www.journalducameroun.com\/attaque-dans-une-base-en-floride-21-militaires-saoudiens-renvoyes-en-arabie\/\">Cliquez ici pour lire l&rsquo;article depuis sa source.<\/a><\/p>\n","protected":false},"excerpt":{"rendered":"<p>Publi\u00e9 le 13.01.2020 \u00e0 22h50 par AFP Vingt-et-un militaires saoudiens en formation aux Etats-Unis vont \u00eatre renvoy\u00e9s lundi dans leur pays dans le cadre de l\u2019enqu\u00eate sur la fusillade survenue en d\u00e9cembre sur une base a\u00e9ronavale de Floride, a annonc\u00e9 le ministre am\u00e9ricain de la Justice Bill Barr. Le 6 d\u00e9cembre un aviateur saoudien a [&hellip;]<\/p>\n","protected":false},"author":1965,"featured_media":0,"comment_status":"closed","ping_status":"closed","sticky":false,"template":"","format":"standard","meta":{"fifu_image_url":"","fifu_image_alt":"","footnotes":""},"categories":[73,82],"tags":[],"class_list":["post-72962","post","type-post","status-publish","format-standard","hentry","category-actualite","category-cameroun"],"_links":{"self":[{"href":"https:\/\/linitiative.ca\/International\/wp-json\/wp\/v2\/posts\/72962","targetHints":{"allow":["GET"]}}],"collection":[{"href":"https:\/\/linitiative.ca\/International\/wp-json\/wp\/v2\/posts"}],"about":[{"href":"https:\/\/linitiative.ca\/International\/wp-json\/wp\/v2\/types\/post"}],"author":[{"embeddable":true,"href":"https:\/\/linitiative.ca\/International\/wp-json\/wp\/v2\/users\/1965"}],"replies":[{"embeddable":true,"href":"https:\/\/linitiative.ca\/International\/wp-json\/wp\/v2\/comments?post=72962"}],"version-history":[{"count":0,"href":"https:\/\/linitiative.ca\/International\/wp-json\/wp\/v2\/posts\/72962\/revisions"}],"wp:attachment":[{"href":"https:\/\/linitiative.ca\/International\/wp-json\/wp\/v2\/media?parent=72962"}],"wp:term":[{"taxonomy":"category","embeddable":true,"href":"https:\/\/linitiative.ca\/International\/wp-json\/wp\/v2\/categories?post=72962"},{"taxonomy":"post_tag","embeddable":true,"href":"https:\/\/linitiative.ca\/International\/wp-json\/wp\/v2\/tags?post=72962"}],"curies":[{"name":"wp","href":"https:\/\/api.w.org\/{rel}","templated":true}]}}