{"id":72963,"date":"2020-01-13T16:50:05","date_gmt":"2020-01-13T21:50:05","guid":{"rendered":"https:\/\/linitiative.ca\/International\/front-uni-du-g5-sahel-et-de-la-france-contre-les-jihadistes-macron-sindigne-des-discours-anti-francais\/"},"modified":"2020-01-13T16:50:05","modified_gmt":"2020-01-13T21:50:05","slug":"front-uni-du-g5-sahel-et-de-la-france-contre-les-jihadistes-macron-sindigne-des-discours-anti-francais","status":"publish","type":"post","link":"https:\/\/linitiative.ca\/International\/front-uni-du-g5-sahel-et-de-la-france-contre-les-jihadistes-macron-sindigne-des-discours-anti-francais\/","title":{"rendered":"Front uni du G5 Sahel et de la France contre les jihadistes, Macron s\u2019indigne des discours anti-fran\u00e7ais"},"content":{"rendered":"<div readability=\"32\">\n<p>Publi\u00e9 le 13.01.2020 \u00e0 22h50 par AFP<\/p>\n<\/div>\n<div readability=\"159\">\n<p>Confront\u00e9s \u00e0 une escalade des attaques jihadistes, les pr\u00e9sidents de cinq pays sah\u00e9liens et Emmanuel Macron ont convenu lundi de renforcer leur coop\u00e9ration militaire contre les jihadistes, tandis que le pr\u00e9sident fran\u00e7ais d\u00e9non\u00e7ait avec col\u00e8re des discours \u00ab\u00a0indignes\u00a0\u00bb anti-fran\u00e7ais port\u00e9s notamment par des \u00ab\u00a0puissances \u00e9trang\u00e8res\u00a0\u00bb.<\/p>\n<p>Comme le leur r\u00e9clamait le pr\u00e9sident fran\u00e7ais, les dirigeants des pays G5 Sahel qu\u2019il avait convi\u00e9s \u00e0 Pau (sud-ouest de la France) ont sign\u00e9 une d\u00e9claration commune o\u00f9 ils ont \u00ab\u00a0exprim\u00e9 le souhait de la poursuite de l\u2019engagement militaire de la France au Sahel\u00a0\u00bb.<\/p>\n<p>Une r\u00e9ponse tr\u00e8s attendue par Paris \u00e0 la mont\u00e9e du sentiment anti-fran\u00e7ais en particulier au Mali et au Burkina. Lors de leur conf\u00e9rence de presse commune lundi soir, ces derniers n\u2019ont cependant fait aucun commentaire sur le sujet.<\/p>\n<p>Les participants ont aussi convenu des \u00e9volutions strat\u00e9giques de la lutte anti-jihadiste, concentrant leurs efforts sur certains points, augmentant les efforts de formations des arm\u00e9es du Sahel et appelant tous les pays et partenaires souhaitant contribuer \u00e0 participer \u00e0 une \u00ab\u00a0Coalition pour le Sahel\u00a0\u00bb.<\/p>\n<p>Alors que les Etats-Unis envisagent un d\u00e9sengagement de leurs troupes en Afrique, les pays du G5 Sahel ont aussi \u00ab\u00a0exprim\u00e9 leur reconnaissance \u00e0 l\u2019\u00e9gard de l\u2019appui crucial apport\u00e9 par les Etats-Unis et ont exprim\u00e9 le souhait de sa continuit\u00e9\u00a0\u00bb.<\/p>\n<p>\u00ab\u00a0C\u2019est un alli\u00e9 important que nous devons sauvegarder, a insist\u00e9 le Burkinab\u00e8 Roch Kabor\u00e9, pr\u00e9sident en exercice du G5 Sahel. Leur d\u00e9sengagement \u00ab\u00a0serait une mauvaise nouvelle pour nous\u00a0\u00bb, a rench\u00e9ri Emmanuel Macron. \u00ab\u00a0J\u2019esp\u00e8re pouvoir convaincre le pr\u00e9sident Trump que la lutte contre le terrorisme se joue aussi dans cette r\u00e9gion\u00a0\u00bb, a-t-il d\u00e9clar\u00e9.<\/p>\n<p>Pour d\u00e9montrer la d\u00e9termination de la France, Emmanuel Macron a annonc\u00e9 l\u2019envoi de 220 hommes suppl\u00e9mentaires, qui viendront renforcer les troupes fran\u00e7aises de Barkhane, d\u00e9j\u00e0 fortes de 4.500 hommes.<\/p>\n<p>Lui qui avait \u00e9voqu\u00e9 un possible retrait des soldats fran\u00e7ais dans la r\u00e9gion, critiqu\u00e9s par une partie des opinions publiques africaines, a assur\u00e9 avoir \u00e9t\u00e9 pleinement rassur\u00e9 sur ce point par ses homologues africains.<\/p>\n<p>Interrog\u00e9 par un journaliste malien qui rapportait les doutes d\u2019une partie de la population de son pays sur les raisons de la pr\u00e9sence militaire fran\u00e7aise, Emmanuel Macron a d\u00e9nonc\u00e9 avec col\u00e8re les discours antifran\u00e7ais.<\/p>\n<p>\u00ab\u00a0Les discours que j\u2019ai pu entendre ces derni\u00e8res semaines sont indignes\u00a0\u00bb parce qu\u2019ils servent d\u2019autres int\u00e9r\u00eats, \u00ab\u00a0soit ceux des groupements terroristes, soit ceux d\u2019autres puissances \u00e9trang\u00e8res qui veulent simplement voir les Europ\u00e9ens plus loin, parce qu\u2019elles ont leur propre agenda, un agenda de mercenaires\u00a0\u00bb, a d\u00e9nonc\u00e9 le pr\u00e9sident fran\u00e7ais, dans une possible allusion notamment \u00e0 la Russie.<\/p>\n<p>\u00ab\u00a0Moi je sais qui est tomb\u00e9 pour la s\u00e9curit\u00e9 des Maliennes et des Maliens, des Nig\u00e9riens et des Burkinab\u00e8: des soldats fran\u00e7ais\u00a0\u00bb, a-t-il martel\u00e9, en r\u00e9f\u00e9rence aux 41 militaires fran\u00e7ais tu\u00e9s au Sahel depuis 2013.<\/p>\n<p>\u2013 \u00ab\u00a0Commandement conjoint\u00a0\u00bb \u2013<\/p>\n<p>Le pr\u00e9sident fran\u00e7ais et ses homologues africains \u2013 Roch Marc Christian Kabor\u00e9 (Burkina), Ibrahim Boubacar Ke\u00efta (Mali), Mohamed Ould Cheikh El Ghazouani (Mauritanie), Mahamadou Issoufou (Niger) et Idriss D\u00e9by (Tchad) \u2013 ont surtout d\u00e9cid\u00e9 de davantage coordonner leur action militaire en la concentrant sur la zone des trois fronti\u00e8res (Mali, Niger, Burkina), et en visant en priorit\u00e9 l\u2019EIGS (Etat islamique au Grand Sahara).<\/p>\n<p>Cette coordination s\u2019effectuera \u00ab\u00a0sous le commandement conjoint de la force Barkhane et de la force conjointe du G5 Sahel\u00a0\u00bb, pr\u00e9cise la d\u00e9claration commune, qui \u00e9voque aussi des mesures pour restaurer la pr\u00e9sence de l\u2019Etat, des administrations et des services publics dans de vastes zones o\u00f9 elle n\u2019est plus, notamment au Mali, et la poursuite des efforts en mati\u00e8re d\u2019aide au d\u00e9veloppement, un des autres axes strat\u00e9giques du G5.<\/p>\n<p>Le sommet se concluait par un d\u00eener de travail auquel s\u2019est joint le secr\u00e9taire g\u00e9n\u00e9ral des Nations unies, Antonio Guterres, le pr\u00e9sident de la Commission de l\u2019Union africaine, Moussa Faki, et le pr\u00e9sident du Conseil europ\u00e9en, Charles Michel.<\/p>\n<p>L\u2019occasion pour les Africains et leur alli\u00e9 fran\u00e7ais de plaider pour un appui renforc\u00e9 des Europ\u00e9ens encore frileux \u00e0 s\u2019investir pleinement dans la lutte anti-jihadiste au Sahel.<\/p>\n<p>Ce sommet s\u2019est tenu au lendemain de l\u2019annonce des pires pertes subies par l\u2019arm\u00e9e nig\u00e9rienne jeudi dans une attaque jihadiste: 89 soldats tu\u00e9s, dans le camp de Chin\u00e9godar, pr\u00e8s du Mali.<\/p>\n<p>Selon l\u2019ONU, plus de 4.000 personnes ont \u00e9t\u00e9 tu\u00e9es dans des attaques terroristes en 2019 au Burkina Faso, au Mali et au Niger.<\/p>\n<p>Un nouveau sommet associant les Etats du G5 Sahel et la France se tiendra en juin 2020 \u00e0 Nouakchott, \u00ab\u00a0rendez-vous\u00a0\u00bb pour faire le point sur la strat\u00e9gie annonc\u00e9e.<\/p>\n<p>\u00ab\u00a0Il nous faut des r\u00e9sultats probants et rapides, nous jouons tous la cr\u00e9dibilit\u00e9 de chacun de nos pays et de la coalition\u00a0\u00bb, a conclu le pr\u00e9sident Kabor\u00e9.<\/p>\n<\/div>\n<p>Auteur: AFP<br \/>\n<a href=\"https:\/\/www.journalducameroun.com\/front-uni-du-g5-sahel-et-de-la-france-contre-les-jihadistes-macron-sindigne-des-discours-anti-francais\/\">Cliquez ici pour lire l&rsquo;article depuis sa source.<\/a><\/p>\n","protected":false},"excerpt":{"rendered":"<p>Publi\u00e9 le 13.01.2020 \u00e0 22h50 par AFP Confront\u00e9s \u00e0 une escalade des attaques jihadistes, les pr\u00e9sidents de cinq pays sah\u00e9liens et Emmanuel Macron ont convenu lundi de renforcer leur coop\u00e9ration militaire contre les jihadistes, tandis que le pr\u00e9sident fran\u00e7ais d\u00e9non\u00e7ait avec col\u00e8re des discours \u00ab\u00a0indignes\u00a0\u00bb anti-fran\u00e7ais port\u00e9s notamment par des \u00ab\u00a0puissances \u00e9trang\u00e8res\u00a0\u00bb. Comme le leur [&hellip;]<\/p>\n","protected":false},"author":1965,"featured_media":0,"comment_status":"closed","ping_status":"closed","sticky":false,"template":"","format":"standard","meta":{"fifu_image_url":"","fifu_image_alt":"","footnotes":""},"categories":[73,82],"tags":[],"class_list":["post-72963","post","type-post","status-publish","format-standard","hentry","category-actualite","category-cameroun"],"_links":{"self":[{"href":"https:\/\/linitiative.ca\/International\/wp-json\/wp\/v2\/posts\/72963","targetHints":{"allow":["GET"]}}],"collection":[{"href":"https:\/\/linitiative.ca\/International\/wp-json\/wp\/v2\/posts"}],"about":[{"href":"https:\/\/linitiative.ca\/International\/wp-json\/wp\/v2\/types\/post"}],"author":[{"embeddable":true,"href":"https:\/\/linitiative.ca\/International\/wp-json\/wp\/v2\/users\/1965"}],"replies":[{"embeddable":true,"href":"https:\/\/linitiative.ca\/International\/wp-json\/wp\/v2\/comments?post=72963"}],"version-history":[{"count":0,"href":"https:\/\/linitiative.ca\/International\/wp-json\/wp\/v2\/posts\/72963\/revisions"}],"wp:attachment":[{"href":"https:\/\/linitiative.ca\/International\/wp-json\/wp\/v2\/media?parent=72963"}],"wp:term":[{"taxonomy":"category","embeddable":true,"href":"https:\/\/linitiative.ca\/International\/wp-json\/wp\/v2\/categories?post=72963"},{"taxonomy":"post_tag","embeddable":true,"href":"https:\/\/linitiative.ca\/International\/wp-json\/wp\/v2\/tags?post=72963"}],"curies":[{"name":"wp","href":"https:\/\/api.w.org\/{rel}","templated":true}]}}