{"id":72964,"date":"2020-01-13T17:18:05","date_gmt":"2020-01-13T22:18:05","guid":{"rendered":"https:\/\/linitiative.ca\/International\/lonu-satisfaite-que-letape-du-rallye-africa-eco-race-ait-traverse-guergarat-paisiblement\/"},"modified":"2020-01-13T17:18:05","modified_gmt":"2020-01-13T22:18:05","slug":"lonu-satisfaite-que-letape-du-rallye-africa-eco-race-ait-traverse-guergarat-paisiblement","status":"publish","type":"post","link":"https:\/\/linitiative.ca\/International\/lonu-satisfaite-que-letape-du-rallye-africa-eco-race-ait-traverse-guergarat-paisiblement\/","title":{"rendered":"L\u2019ONU satisfaite que l\u2019\u00e9tape du rallye \u00ab Africa Eco Race \u00bb ait travers\u00e9 Guergarat \u00ab paisiblement \u00bb"},"content":{"rendered":"<div readability=\"32\">\n<p>Publi\u00e9 le 13.01.2020 \u00e0 23h18 par APA News<\/p>\n<\/div>\n<div readability=\"72\">\n<p>L\u2019organisation des Nations-Unies (ONU) s\u2019est dite satisfaite que l\u2019\u00e9tape du rallye \u00ab\u00a0Africa Eco Race\u00a0\u00bb reliant le Maroc et la Mauritanie ait travers\u00e9 \u00ab paisiblement \u00bb la zone tampon de Guergarat lundi.\u00ab Nous sommes heureux de constater que l\u2019Africa Eco Race a travers\u00e9 Guergarat paisiblement aujourd\u2019hui \u00bb, a indiqu\u00e9 St\u00e9phane Dujarric, porte-parole du Secr\u00e9taire g\u00e9n\u00e9ral de l\u2019ONU, lors de son point de presse \u00e0 New York, cit\u00e9 par la presse marocaine.<\/p>\n<p>M. Dujarric a rappel\u00e9, \u00e0 cet \u00e9gard, que le chef de l\u2019ONU avait appel\u00e9 samedi \u00e0 \u00ab\u00a0la plus grande retenue et \u00e0 d\u00e9samorcer les tensions\u00a0\u00bb suite aux menaces et aux gesticulations du polisario et de ses relais visant \u00e0 entraver le passage de l\u2019Africa Eco Race \u00e0 Guergarat.<\/p>\n<p>En effet, M. Antonio Guterres a exig\u00e9 le \u00ab maintien de la circulation civile et commerciale r\u00e9guli\u00e8re \u00bb \u00e0 Guergarat et a appel\u00e9 \u00e0 s\u2019abstenir de toute action susceptible d\u2019alt\u00e9rer le statu quo dans la zone tampon.<\/p>\n<p>\u00ab Il est important de permettre le maintien de la circulation civile et commerciale r\u00e9guli\u00e8re et de s\u2019abstenir de toute action susceptible de modifier le statu quo de la zone tampon \u00bb de Guergarat, a-t-il insist\u00e9.<\/p>\n<p>Le porte-parole du Secr\u00e9taire g\u00e9n\u00e9ral de l\u2019ONU a \u00e9galement r\u00e9it\u00e9r\u00e9, lundi, \u00ab l\u2019engagement des Nations-Unies \u00e0 aider les parties \u00e0 parvenir \u00e0 une solution politique juste, durable et mutuellement acceptable au conflit du Sahara conform\u00e9ment aux r\u00e9solutions du Conseil de s\u00e9curit\u00e9 \u00bb.<\/p>\n<p>Pour rappel, le rallye \u00ab Africa Eco Race \u00bb, qui relie Monaco \u00e0 Dakar en traversant le Maroc est \u00e0 sa douzi\u00e8me \u00e9dition cette ann\u00e9e.<\/p>\n<p>Le coup d\u2019envoi de cette \u00e9dition a \u00e9t\u00e9 donn\u00e9 la semaine derni\u00e8re au port Tanger Med avec la participation de 688 concurrents et 266 v\u00e9hicules. Le rallye conna\u00eet cette ann\u00e9e la participation de 34 nationalit\u00e9s repr\u00e9sentant les cinq continents.<\/p>\n<\/div>\n<p>Auteur: APA News<br \/>\n<a href=\"https:\/\/www.journalducameroun.com\/lonu-satisfaite-que-letape-du-rallye-africa-eco-race-ait-traverse-guergarat-paisiblement\/\">Cliquez ici pour lire l&rsquo;article depuis sa source.<\/a><\/p>\n","protected":false},"excerpt":{"rendered":"<p>Publi\u00e9 le 13.01.2020 \u00e0 23h18 par APA News L\u2019organisation des Nations-Unies (ONU) s\u2019est dite satisfaite que l\u2019\u00e9tape du rallye \u00ab\u00a0Africa Eco Race\u00a0\u00bb reliant le Maroc et la Mauritanie ait travers\u00e9 \u00ab paisiblement \u00bb la zone tampon de Guergarat lundi.\u00ab Nous sommes heureux de constater que l\u2019Africa Eco Race a travers\u00e9 Guergarat paisiblement aujourd\u2019hui \u00bb, a [&hellip;]<\/p>\n","protected":false},"author":1965,"featured_media":0,"comment_status":"closed","ping_status":"closed","sticky":false,"template":"","format":"standard","meta":{"fifu_image_url":"","fifu_image_alt":"","footnotes":""},"categories":[73,82],"tags":[],"class_list":["post-72964","post","type-post","status-publish","format-standard","hentry","category-actualite","category-cameroun"],"_links":{"self":[{"href":"https:\/\/linitiative.ca\/International\/wp-json\/wp\/v2\/posts\/72964","targetHints":{"allow":["GET"]}}],"collection":[{"href":"https:\/\/linitiative.ca\/International\/wp-json\/wp\/v2\/posts"}],"about":[{"href":"https:\/\/linitiative.ca\/International\/wp-json\/wp\/v2\/types\/post"}],"author":[{"embeddable":true,"href":"https:\/\/linitiative.ca\/International\/wp-json\/wp\/v2\/users\/1965"}],"replies":[{"embeddable":true,"href":"https:\/\/linitiative.ca\/International\/wp-json\/wp\/v2\/comments?post=72964"}],"version-history":[{"count":0,"href":"https:\/\/linitiative.ca\/International\/wp-json\/wp\/v2\/posts\/72964\/revisions"}],"wp:attachment":[{"href":"https:\/\/linitiative.ca\/International\/wp-json\/wp\/v2\/media?parent=72964"}],"wp:term":[{"taxonomy":"category","embeddable":true,"href":"https:\/\/linitiative.ca\/International\/wp-json\/wp\/v2\/categories?post=72964"},{"taxonomy":"post_tag","embeddable":true,"href":"https:\/\/linitiative.ca\/International\/wp-json\/wp\/v2\/tags?post=72964"}],"curies":[{"name":"wp","href":"https:\/\/api.w.org\/{rel}","templated":true}]}}