{"id":72974,"date":"2020-01-13T10:09:47","date_gmt":"2020-01-13T15:09:47","guid":{"rendered":"https:\/\/linitiative.ca\/International\/la-bad-va-financer-la-troisieme-phase-du-programme-dappui-a-la-competitivite-et-la-croissance-economique-a-hauteur-de-5274-milliards-de-fcfa\/"},"modified":"2020-01-13T10:09:47","modified_gmt":"2020-01-13T15:09:47","slug":"la-bad-va-financer-la-troisieme-phase-du-programme-dappui-a-la-competitivite-et-la-croissance-economique-a-hauteur-de-5274-milliards-de-fcfa","status":"publish","type":"post","link":"https:\/\/linitiative.ca\/International\/la-bad-va-financer-la-troisieme-phase-du-programme-dappui-a-la-competitivite-et-la-croissance-economique-a-hauteur-de-5274-milliards-de-fcfa\/","title":{"rendered":"La BAD va financer la troisi\u00e8me phase du Programme d\u2019appui \u00e0 la comp\u00e9titivit\u00e9 et la croissance \u00e9conomique \u00e0 hauteur de 52,74 milliards de FCFA"},"content":{"rendered":"<p>L\u2019accord a \u00e9t\u00e9 paraph\u00e9 sur instruction du pr\u00e9sident de la R\u00e9publique, \u00e0 Yaound\u00e9 par le ministre de l\u2019Economie, par ailleurs gouverneur du Groupe de la Banque africaine de d\u00e9veloppement pour le Cameroun, <strong>Alamine Ousmane Mey<\/strong> et le Responsable-Pays de la Banque africaine de d\u00e9veloppement (BAD)au Cameroun, <strong>Solomane Kone<\/strong>, en pr\u00e9sence du ministre camerounais des Finances, <strong>Louis-Paul Motaze.<\/strong><\/p>\n<p>Cette approbation intervenue mi-d\u00e9cembre 2019 compl\u00e8te les accords ant\u00e9rieurs relatifs aux phases I et II du PACCE, sign\u00e9s en d\u00e9cembre 2017 et d\u00e9cembre 2018, pour des montants de 180 millions d\u2019euros (118 milliards de FCFA) et 150 millions d\u2019euros soit (98,39 milliards de FCFA) respectivement, portant ainsi le montant cumul\u00e9 des appuis budg\u00e9taires programmatiques pluriannuels (2017, 2018 et 2019) du Groupe de la Banque envers le Cameroun \u00e0 410,4 millions d\u2019euros (soit environ 269.2 milliards de FCFA).<\/p>\n<p><strong>\u00a0<\/strong>Le PACCE III, contribue comme ses tranches I et II, \u00e0 la reconstitution des r\u00e9serves de change en zone CEMAC et au soutien de la parit\u00e9 du Franc CFA. Il vise \u00e0 poursuivre les objectifs d\u2019\u00e9quilibre ext\u00e9rieur et budg\u00e9taire du Cameroun \u00e0 travers deux composantes principales : la rationalisation du cadre de gestion des finances publiques (GFP) en vue de renforcer la stabilit\u00e9 macro\u00e9conomique, cr\u00e9er des marges budg\u00e9taires, prioriser les projets d\u2019investissement public et stimuler la croissance ; et le renforcement de la gouvernance et de la comp\u00e9titivit\u00e9 des secteurs productifs, notamment le transport, l\u2019\u00e9nergie et l\u2019agriculture.<\/p>\n<p>A travers ce Programme, le Cameroun s\u2019engage \u00e0 mettre en \u0153uvre les r\u00e9formes structurelles pour consolider le cadre macro-budg\u00e9taire, stimuler la production et les \u00e9changes nationaux et r\u00e9gionaux, ainsi que les investissements priv\u00e9s n\u00e9cessaires \u00e0 la cr\u00e9ation d\u2019emplois, notamment pour les jeunes.<\/p>\n<div class=\"sharedaddy sd-sharing-enabled robots-nocontent sd-block sd-social sd-social-icon-text sd-sharing\">\n<h3 class=\"sd-title\">Partager\u00a0:<\/h3>\n<\/div>\n<p><h3 class=\"jp-relatedposts-headline\"><em>Articles similaires<\/em><\/h3>\n<\/p>\n<div class=\"stream-item stream-item-below-post-content\"><a href=\"http:\/\/www.tourdelespoir.com\/\" title=\"\"><img loading=\"lazy\" decoding=\"async\" src=\"https:\/\/ecomatin.net\/wp-content\/uploads\/2020\/01\/ecomatin-H1260-xL-6222-px.png\" alt=\"\" width=\"728\" height=\"90\"\/><\/a><\/div>\n<p>Auteur: Ecomatin<br \/>\n<a href=\"https:\/\/ecomatin.net\/la-bad-va-financer-la-troisieme-phase-du-programme-dappui-a-la-competitivite-et-la-croissance-economique-a-hauteur-de-5274-milliards-de-fcfa\/\">Cliquez ici pour lire l&rsquo;article depuis sa source.<\/a><\/p>\n","protected":false},"excerpt":{"rendered":"<p>L\u2019accord a \u00e9t\u00e9 paraph\u00e9 sur instruction du pr\u00e9sident de la R\u00e9publique, \u00e0 Yaound\u00e9 par le ministre de l\u2019Economie, par ailleurs gouverneur du Groupe de la Banque africaine de d\u00e9veloppement pour le Cameroun, Alamine Ousmane Mey et le Responsable-Pays de la Banque africaine de d\u00e9veloppement (BAD)au Cameroun, Solomane Kone, en pr\u00e9sence du ministre camerounais des Finances, [&hellip;]<\/p>\n","protected":false},"author":1969,"featured_media":72975,"comment_status":"closed","ping_status":"closed","sticky":false,"template":"","format":"standard","meta":{"fifu_image_url":"","fifu_image_alt":"","footnotes":""},"categories":[82,78],"tags":[],"class_list":["post-72974","post","type-post","status-publish","format-standard","has-post-thumbnail","hentry","category-cameroun","category-economie"],"_links":{"self":[{"href":"https:\/\/linitiative.ca\/International\/wp-json\/wp\/v2\/posts\/72974","targetHints":{"allow":["GET"]}}],"collection":[{"href":"https:\/\/linitiative.ca\/International\/wp-json\/wp\/v2\/posts"}],"about":[{"href":"https:\/\/linitiative.ca\/International\/wp-json\/wp\/v2\/types\/post"}],"author":[{"embeddable":true,"href":"https:\/\/linitiative.ca\/International\/wp-json\/wp\/v2\/users\/1969"}],"replies":[{"embeddable":true,"href":"https:\/\/linitiative.ca\/International\/wp-json\/wp\/v2\/comments?post=72974"}],"version-history":[{"count":0,"href":"https:\/\/linitiative.ca\/International\/wp-json\/wp\/v2\/posts\/72974\/revisions"}],"wp:featuredmedia":[{"embeddable":true,"href":"https:\/\/linitiative.ca\/International\/wp-json\/"}],"wp:attachment":[{"href":"https:\/\/linitiative.ca\/International\/wp-json\/wp\/v2\/media?parent=72974"}],"wp:term":[{"taxonomy":"category","embeddable":true,"href":"https:\/\/linitiative.ca\/International\/wp-json\/wp\/v2\/categories?post=72974"},{"taxonomy":"post_tag","embeddable":true,"href":"https:\/\/linitiative.ca\/International\/wp-json\/wp\/v2\/tags?post=72974"}],"curies":[{"name":"wp","href":"https:\/\/api.w.org\/{rel}","templated":true}]}}