{"id":72976,"date":"2020-01-14T09:00:42","date_gmt":"2020-01-14T14:00:42","guid":{"rendered":"https:\/\/linitiative.ca\/International\/agadir-trafiquant-de-drogue-il-vendait-egalement-des-bombes-lacrymogenes\/"},"modified":"2020-01-14T09:00:42","modified_gmt":"2020-01-14T14:00:42","slug":"agadir-trafiquant-de-drogue-il-vendait-egalement-des-bombes-lacrymogenes","status":"publish","type":"post","link":"https:\/\/linitiative.ca\/International\/agadir-trafiquant-de-drogue-il-vendait-egalement-des-bombes-lacrymogenes\/","title":{"rendered":"Agadir : Trafiquant de drogue, il vendait \u00e9galement des bombes lacrymog\u00e8nes"},"content":{"rendered":"<header>\n<\/header>\n<div class=\"entry-content clearfix\" readability=\"46\"><img decoding=\"async\" class=\"post_layout_5_img\" src=\"http:\/\/aujourdhui.ma\/wp-content\/uploads\/2017\/05\/bombe-lacrymogene.jpg?x29840\" alt=\"Agadir : Trafiquant de drogue, il vendait \u00e9galement des bombes lacrymog\u00e8nes\"\/><\/p>\n<p class=\"p1\"><span class=\"c4\"><strong>Au quartier Ighious, \u00e0 Tikiouine, relevant de la province d\u2019Agadir, un repris de justice, \u00e2g\u00e9 de trente-sept ans, a \u00e9t\u00e9 arr\u00eat\u00e9 derni\u00e8rement par les \u00e9l\u00e9ments de la police judiciaire relevant du district de Tikiouine, pour son implication dans une affaire de trafic de drogue.<\/strong><\/span><span id=\"more-329743\"\/><\/p>\n<p class=\"p1\">Epingl\u00e9 alors qu\u2019il \u00e9tait en possession d\u2019une importante quantit\u00e9 de haschich et de comprim\u00e9s psychotropes, il a \u00e9t\u00e9 conduit chez lui pour effectuer une perquisition. Et c\u2019\u00e9tait la surprise pour les limiers de Tikiouine. Ils ont d\u00e9couvert un lot de bombes lacrymog\u00e8nes qu\u2019il vendait aux malfrats et aux dealers. Ce mis en cause qui avait d\u00e9j\u00e0 purg\u00e9 plusieurs peines d\u2019emprisonnement pour trafic de drogue a \u00e9t\u00e9 maintenu en d\u00e9tention pr\u00e9ventive.<\/p>\n<\/div>\n<p>Auteur: Abderrafii ALOUMLIKI<br \/>\n<a href=\"http:\/\/aujourdhui.ma\/faits-divers\/agadir-trafiquant-de-drogue-il-vendait-egalement-des-bombes-lacrymogenes\">Cliquez ici pour lire l&rsquo;article depuis sa source.<\/a><\/p>\n","protected":false},"excerpt":{"rendered":"<p>Au quartier Ighious, \u00e0 Tikiouine, relevant de la province d\u2019Agadir, un repris de justice, \u00e2g\u00e9 de trente-sept ans, a \u00e9t\u00e9 arr\u00eat\u00e9 derni\u00e8rement par les \u00e9l\u00e9ments de la police judiciaire relevant du district de Tikiouine, pour son implication dans une affaire de trafic de drogue. Epingl\u00e9 alors qu\u2019il \u00e9tait en possession d\u2019une importante quantit\u00e9 de haschich [&hellip;]<\/p>\n","protected":false},"author":1759,"featured_media":0,"comment_status":"closed","ping_status":"closed","sticky":false,"template":"","format":"standard","meta":{"fifu_image_url":"","fifu_image_alt":"","footnotes":""},"categories":[73,54],"tags":[],"class_list":["post-72976","post","type-post","status-publish","format-standard","hentry","category-actualite","category-maroc"],"_links":{"self":[{"href":"https:\/\/linitiative.ca\/International\/wp-json\/wp\/v2\/posts\/72976","targetHints":{"allow":["GET"]}}],"collection":[{"href":"https:\/\/linitiative.ca\/International\/wp-json\/wp\/v2\/posts"}],"about":[{"href":"https:\/\/linitiative.ca\/International\/wp-json\/wp\/v2\/types\/post"}],"author":[{"embeddable":true,"href":"https:\/\/linitiative.ca\/International\/wp-json\/wp\/v2\/users\/1759"}],"replies":[{"embeddable":true,"href":"https:\/\/linitiative.ca\/International\/wp-json\/wp\/v2\/comments?post=72976"}],"version-history":[{"count":0,"href":"https:\/\/linitiative.ca\/International\/wp-json\/wp\/v2\/posts\/72976\/revisions"}],"wp:attachment":[{"href":"https:\/\/linitiative.ca\/International\/wp-json\/wp\/v2\/media?parent=72976"}],"wp:term":[{"taxonomy":"category","embeddable":true,"href":"https:\/\/linitiative.ca\/International\/wp-json\/wp\/v2\/categories?post=72976"},{"taxonomy":"post_tag","embeddable":true,"href":"https:\/\/linitiative.ca\/International\/wp-json\/wp\/v2\/tags?post=72976"}],"curies":[{"name":"wp","href":"https:\/\/api.w.org\/{rel}","templated":true}]}}