{"id":72978,"date":"2020-01-14T10:00:51","date_gmt":"2020-01-14T15:00:51","guid":{"rendered":"https:\/\/linitiative.ca\/International\/meteo-temps-froid-et-pas-de-pluie-en-vue\/"},"modified":"2020-01-14T10:00:51","modified_gmt":"2020-01-14T15:00:51","slug":"meteo-temps-froid-et-pas-de-pluie-en-vue","status":"publish","type":"post","link":"https:\/\/linitiative.ca\/International\/meteo-temps-froid-et-pas-de-pluie-en-vue\/","title":{"rendered":"M\u00e9t\u00e9o : Temps froid et pas de pluie en vue"},"content":{"rendered":"<p><img decoding=\"async\" class=\"post_layout_5_img\" src=\"http:\/\/aujourdhui.ma\/wp-content\/uploads\/2019\/01\/froid.jpg?x29840\" alt=\"M\u00e9t\u00e9o : Temps froid et pas de pluie en vue\"\/><\/p>\n<p class=\"p1\"><span class=\"c5\"><strong><span class=\"c4\"><em>Un anticyclone continue de faire barrage aux perturbations<\/em><\/span><\/strong><\/span><span id=\"more-329649\"\/><\/p>\n<div class=\"base-box mom_box_sc_custom mom_box_sc clear c6\" readability=\"9\">\n<p class=\"p1\"><strong><em>Bien qu\u2019un froid plus marqu\u00e9 se soit install\u00e9 durant ces derniers jours, la vague de froid n\u2019a toujours pas frapp\u00e9 le Maroc.<\/em><\/strong><\/p>\n<\/div>\n<p class=\"p1\"><span class=\"s1\">Le temps froid persistera durant les prochains jours alors que les pr\u00e9cipitations se font toujours attendre. La M\u00e9t\u00e9orologie nationale ne pr\u00e9voit toujours pas de pluie dans les prochains jours. Selon Lhoussaine Youabd, responsable de communication de la Direction de la m\u00e9t\u00e9orologie nationale, <em>\u00able temps sera stable sur l\u2019ensemble du pays en raison d\u2019un puissant anticyclone qui continuera \u00e0 faire barrage aux perturbations\u00bb<\/em>. Autrement dit, ce retard<span class=\"Apple-converted-space\">\u00a0<\/span> des pluies est caus\u00e9 jusqu\u2019\u00e0 pr\u00e9sent par l\u2019anticyclone des A\u00e7ores qui repousse les perturbations et les emp\u00eache de s\u2019installer sur le pays.<span class=\"Apple-converted-space\">\u00a0<\/span> Les pr\u00e9visions pour les prochains jours font \u00e9tat d\u2019un temps assez froid les matin\u00e9es et les nuits sur les montagnes, l\u2019Oriental, les plateaux et le Sud-Est. Durant la journ\u00e9e du mercredi, le temps restera stable avec <span class=\"Apple-converted-space\">\u00a0<\/span>ciel clair \u00e0 peu nuageux ailleurs.<span class=\"Apple-converted-space\">\u00a0<\/span><\/span><\/p>\n<p class=\"p1\"><span class=\"s1\">C\u00f4t\u00e9 temp\u00e9ratures, M. Youabd signale que celles-ci ont baiss\u00e9 en moyenne de 2 \u00e0 3 \u00b0C par rapport \u00e0 la normale. Les minimales seront comprises entre -4\u00b0C et 2\u00b0C sur les montagnes et les plateaux orientaux, -1 \u00b0C et<span class=\"Apple-converted-space\">\u00a0<\/span> 5\u00b0C sur le Sud-Est, le nord de l\u2019Oriental, les plateaux des phosphates, la M\u00e9diterran\u00e9e et le Saiss, 2\u00b0C \u00e0 7\u00b0C sur les plaines int\u00e9rieures et de 7 \u00e0 15\u00b0C sur le reste du pays. <span class=\"Apple-converted-space\">\u00a0<\/span> Quant aux maximales, elles seront comprises mardi entre 9 et 15\u00b0C<span class=\"Apple-converted-space\">\u00a0<\/span> sur les montagnes de l\u2019Oriental, 13 \u00e0 18\u00b0C sur le Sud-Est, le Saiss, la rive m\u00e9diterran\u00e9enne, les palteaux de phosphates et le Tang\u00e9rois, 17 \u00e0 22 \u00b0C sur le reste du nord et le centre et<\/span> 18 \u00e0 25\u00b0C sur les provinces du Sud. A noter que durant la journ\u00e9e du mercredi, les temp\u00e9ratures du jour seront en l\u00e9g\u00e8re hausse ou quasi stationnaires. Bien qu\u2019un froid plus marqu\u00e9 se soit install\u00e9 durant ces derniers jours, la vague de froid n\u2019a toujours pas frapp\u00e9 le Maroc selon Lhoussaine Youabd.<\/p>\n<p class=\"p1\"><em>\u00abLes temp\u00e9ratures sont relativement inf\u00e9rieures aux normes dans certaines r\u00e9gions. Cela dit, il ne s\u2019agit pas d\u2019une vague de froid mais plut\u00f4t d\u2019un temps hivernal\u00bb,<\/em> pr\u00e9cise-t-il. Par ailleurs, il faut signaler que les professionnels du secteur attendent impatiemment le retour des pr\u00e9cipitations. Cela dit, bon nombre d\u2019agriculteurs restent optimistes. Selon eux, il faudra attendre encore deux \u00e0 trois semaines avant de s\u2019alarmer. Signalons \u00e9galement que le mois de<span class=\"Apple-converted-space\">\u00a0<\/span> janvier est r\u00e9put\u00e9 \u00eatre une p\u00e9riode g\u00e9live et tr\u00e8s marqu\u00e9e par une importante chute des temp\u00e9ratures. Sa r\u00e9percussion principale est surtout le ralentissement du d\u00e9veloppement des plantes.<\/p>\n<p>Auteur: Laila Zerrour<br \/>\n<a href=\"http:\/\/aujourdhui.ma\/societe\/meteo-temps-froid-et-pas-de-pluie-en-vue\">Cliquez ici pour lire l&rsquo;article depuis sa source.<\/a><\/p>\n","protected":false},"excerpt":{"rendered":"<p>Un anticyclone continue de faire barrage aux perturbations Bien qu\u2019un froid plus marqu\u00e9 se soit install\u00e9 durant ces derniers jours, la vague de froid n\u2019a toujours pas frapp\u00e9 le Maroc. Le temps froid persistera durant les prochains jours alors que les pr\u00e9cipitations se font toujours attendre. La M\u00e9t\u00e9orologie nationale ne pr\u00e9voit toujours pas de pluie [&hellip;]<\/p>\n","protected":false},"author":1759,"featured_media":0,"comment_status":"closed","ping_status":"closed","sticky":false,"template":"","format":"standard","meta":{"fifu_image_url":"","fifu_image_alt":"","footnotes":""},"categories":[73,54],"tags":[],"class_list":["post-72978","post","type-post","status-publish","format-standard","hentry","category-actualite","category-maroc"],"_links":{"self":[{"href":"https:\/\/linitiative.ca\/International\/wp-json\/wp\/v2\/posts\/72978","targetHints":{"allow":["GET"]}}],"collection":[{"href":"https:\/\/linitiative.ca\/International\/wp-json\/wp\/v2\/posts"}],"about":[{"href":"https:\/\/linitiative.ca\/International\/wp-json\/wp\/v2\/types\/post"}],"author":[{"embeddable":true,"href":"https:\/\/linitiative.ca\/International\/wp-json\/wp\/v2\/users\/1759"}],"replies":[{"embeddable":true,"href":"https:\/\/linitiative.ca\/International\/wp-json\/wp\/v2\/comments?post=72978"}],"version-history":[{"count":0,"href":"https:\/\/linitiative.ca\/International\/wp-json\/wp\/v2\/posts\/72978\/revisions"}],"wp:attachment":[{"href":"https:\/\/linitiative.ca\/International\/wp-json\/wp\/v2\/media?parent=72978"}],"wp:term":[{"taxonomy":"category","embeddable":true,"href":"https:\/\/linitiative.ca\/International\/wp-json\/wp\/v2\/categories?post=72978"},{"taxonomy":"post_tag","embeddable":true,"href":"https:\/\/linitiative.ca\/International\/wp-json\/wp\/v2\/tags?post=72978"}],"curies":[{"name":"wp","href":"https:\/\/api.w.org\/{rel}","templated":true}]}}