{"id":72979,"date":"2020-01-14T10:05:26","date_gmt":"2020-01-14T15:05:26","guid":{"rendered":"https:\/\/linitiative.ca\/International\/sefrou-un-automobiliste-fonce-sur-un-jeune-homme-et-le-tue\/"},"modified":"2020-01-14T10:05:26","modified_gmt":"2020-01-14T15:05:26","slug":"sefrou-un-automobiliste-fonce-sur-un-jeune-homme-et-le-tue","status":"publish","type":"post","link":"https:\/\/linitiative.ca\/International\/sefrou-un-automobiliste-fonce-sur-un-jeune-homme-et-le-tue\/","title":{"rendered":"Sefrou : Un automobiliste fonce sur un jeune homme et le tue"},"content":{"rendered":"<p><img decoding=\"async\" class=\"post_layout_5_img\" src=\"http:\/\/aujourdhui.ma\/wp-content\/uploads\/2018\/11\/Accident-ambulance.jpg?x29840\" alt=\"Sefrou : Un automobiliste fonce sur un jeune homme et le tue\"\/><\/p>\n<p class=\"p1\"><span class=\"s1\"><span class=\"c4\"><strong>Plein de joie, ce jeune homme se pr\u00e9parait toute la semaine pour participer \u00e0 ce voyage en groupe vers les r\u00e9gions du Moyen Atlas.<\/strong><\/span><\/span> <span id=\"more-329741\"\/><\/p>\n<p class=\"p1\"><span class=\"s1\">En compagnie de plus de soixante jeunes, femmes et hommes, il a pris, vendredi 10 janvier, sa place \u00e0 bord de l\u2019un des deux autocars qui devaient faire le d\u00e9part depuis Casablanca. Tout le monde rigolait, plaisantait, bavardait, chantait, dansait, etc. Le lendemain, c\u2019est-\u00e0-dire samedi 11 janvier, ils ont encore pass\u00e9 ensemble une belle journ\u00e9e avant de d\u00e9cider de continuer leur chemin \u00e0 bord des deux autocars afin de visiter d\u2019autres r\u00e9gions du Moyen Atlas. Vers minuit, ils ont d\u00e9cid\u00e9 de se reposer dans un caf\u00e9, pour une ou deux heures, avant reprendre la route vers Boulemane.<\/span><\/p>\n<p class=\"p1\"><span class=\"s1\">La soixantaine de jeunes du groupe se sont familiaris\u00e9s comme s\u2019ils se connaissaient depuis longtemps. Malheureusement deux jeunes hommes vont mettre fin \u00e0 cette ambiance bon enfant. Dans un \u00e9tat d\u2019ivresse avanc\u00e9e, ils ont commenc\u00e9 \u00e0 s\u2019approcher d\u2019une jeune fille du groupe. Enerv\u00e9, le jeune homme, membre du groupe de voyageurs, s\u2019est tenu devant eux et a tent\u00e9 de les emp\u00eacher de la harceler. Deux policiers qui ont suivi la sc\u00e8ne s\u2019appr\u00eataient \u00e0 intervenir. En les voyant les deux jeunes hommes ont pris la fuite \u00e0 bord d\u2019une Mercedes.<\/span><\/p>\n<p class=\"p1\"><span class=\"s1\">Le jeune homme est mont\u00e9 \u00e0 bord de l\u2019un des deux autocars qui ont emprunt\u00e9 le chemin \u00e0 destination d\u2019un h\u00f4tel \u00e0 Sefrou. En y arrivant, il est descendu de l\u2019autocar en compagnie de ses camarades. D\u00e8s qu\u2019il s\u2019est tenu tout seul afin de passer un appel t\u00e9l\u00e9phonique, la Mercedes \u00e0 bord de laquelle il y avait les deux so\u00fblards a fait sa r\u00e9apparition. Son chauffeur n\u2019a pas h\u00e9sit\u00e9 \u00e0 lui foncer dessus et le heurter violemment. Le jeune homme s\u2019est renvers\u00e9 par terre. Le sang coulait de son corps. L\u2019automobiliste a \u00e9galement cibl\u00e9 les autres membres du groupe, mais ils l\u2019ont chass\u00e9 \u00e0 coup de pierres. Gravement bless\u00e9, le jeune homme renvers\u00e9 ne tarda pas \u00e0 rendre l\u2019\u00e2me. Une enqu\u00eate a \u00e9t\u00e9 diligent\u00e9e par les gendarmes de la r\u00e9gion du Bhalil. Le chauffeur de la Mercedes et son compagnon ont \u00e9t\u00e9 identifi\u00e9s et arr\u00eat\u00e9s, le lendemain, dimanche 12 janvier. Ils ont tous les deux \u00e9t\u00e9 maintenus en garde \u00e0 vue.<\/span><\/p>\n<p>Auteur: Abderrafii ALOUMLIKI<br \/>\n<a href=\"http:\/\/aujourdhui.ma\/faits-divers\/sefrou-un-automobiliste-fonce-sur-un-jeune-homme-et-le-tue\">Cliquez ici pour lire l&rsquo;article depuis sa source.<\/a><\/p>\n","protected":false},"excerpt":{"rendered":"<p>Plein de joie, ce jeune homme se pr\u00e9parait toute la semaine pour participer \u00e0 ce voyage en groupe vers les r\u00e9gions du Moyen Atlas. En compagnie de plus de soixante jeunes, femmes et hommes, il a pris, vendredi 10 janvier, sa place \u00e0 bord de l\u2019un des deux autocars qui devaient faire le d\u00e9part depuis [&hellip;]<\/p>\n","protected":false},"author":1759,"featured_media":0,"comment_status":"closed","ping_status":"closed","sticky":false,"template":"","format":"standard","meta":{"fifu_image_url":"","fifu_image_alt":"","footnotes":""},"categories":[73,54],"tags":[],"class_list":["post-72979","post","type-post","status-publish","format-standard","hentry","category-actualite","category-maroc"],"_links":{"self":[{"href":"https:\/\/linitiative.ca\/International\/wp-json\/wp\/v2\/posts\/72979","targetHints":{"allow":["GET"]}}],"collection":[{"href":"https:\/\/linitiative.ca\/International\/wp-json\/wp\/v2\/posts"}],"about":[{"href":"https:\/\/linitiative.ca\/International\/wp-json\/wp\/v2\/types\/post"}],"author":[{"embeddable":true,"href":"https:\/\/linitiative.ca\/International\/wp-json\/wp\/v2\/users\/1759"}],"replies":[{"embeddable":true,"href":"https:\/\/linitiative.ca\/International\/wp-json\/wp\/v2\/comments?post=72979"}],"version-history":[{"count":0,"href":"https:\/\/linitiative.ca\/International\/wp-json\/wp\/v2\/posts\/72979\/revisions"}],"wp:attachment":[{"href":"https:\/\/linitiative.ca\/International\/wp-json\/wp\/v2\/media?parent=72979"}],"wp:term":[{"taxonomy":"category","embeddable":true,"href":"https:\/\/linitiative.ca\/International\/wp-json\/wp\/v2\/categories?post=72979"},{"taxonomy":"post_tag","embeddable":true,"href":"https:\/\/linitiative.ca\/International\/wp-json\/wp\/v2\/tags?post=72979"}],"curies":[{"name":"wp","href":"https:\/\/api.w.org\/{rel}","templated":true}]}}