{"id":72980,"date":"2020-01-14T10:09:16","date_gmt":"2020-01-14T15:09:16","guid":{"rendered":"https:\/\/linitiative.ca\/International\/tanger-2-ans-de-prison-avec-sursis-pour-avoir-viole-sa-fiancee\/"},"modified":"2020-01-14T10:09:16","modified_gmt":"2020-01-14T15:09:16","slug":"tanger-2-ans-de-prison-avec-sursis-pour-avoir-viole-sa-fiancee","status":"publish","type":"post","link":"https:\/\/linitiative.ca\/International\/tanger-2-ans-de-prison-avec-sursis-pour-avoir-viole-sa-fiancee\/","title":{"rendered":"Tanger : 2 ans de prison avec sursis pour avoir viol\u00e9 sa fianc\u00e9e"},"content":{"rendered":"<header>\n<\/header>\n<div class=\"entry-content clearfix\" readability=\"53\"><img decoding=\"async\" class=\"post_layout_5_img\" src=\"http:\/\/aujourdhui.ma\/wp-content\/uploads\/2018\/07\/Viol.jpg?x29840\" alt=\"Tanger : 2 ans de prison avec sursis pour avoir viol\u00e9 sa fianc\u00e9e\"\/><\/p>\n<p class=\"p1\"><span class=\"c4\"><strong>Deux ans de prison avec sursis, tel a \u00e9t\u00e9 le verdict rendu par la chambre criminelle pr\u00e8s la Cour d\u2019appel de Tanger contre un marchand ambulant pour avoir kidnapp\u00e9, s\u00e9questr\u00e9 et viol\u00e9 sa fianc\u00e9e encore mineure en la d\u00e9pucelant.<\/strong><\/span> <span id=\"more-329744\"\/><\/p>\n<p class=\"p1\">En effet, la fille a affirm\u00e9 \u00e0 la Cour que le jeune homme s\u2019est pr\u00e9sent\u00e9 devant sa famille pour la demander en mariage avant de dispara\u00eetre. Mais, entre-temps, la croisant dans la rue, il l\u2019a oblig\u00e9e \u00e0 monter \u00e0 bord de son v\u00e9lomoteur.<\/p>\n<p class=\"p1\">Sous la menace, il l\u2019a conduite chez lui pour la s\u00e9questrer durant trente-six heures, la violer tout en la d\u00e9florant sous pr\u00e9texte qu\u2019il allait l\u2019\u00e9pouser. Une promesse qu\u2019il n\u2019a pas tenue. C\u2019est la raison pour laquelle une plainte a \u00e9t\u00e9 port\u00e9e par la fille. Le marchand ambulant a \u00e9t\u00e9 arr\u00eat\u00e9. Seulement, il a contract\u00e9 l\u2019acte de mariage avec sa victime alors qu\u2019il \u00e9tait encore en prison. Devenue son \u00e9pouse, elle a remis \u00e0 la Cour un d\u00e9sistement.<\/p>\n<\/div>\n<p>Auteur: Abderrafii ALOUMLIKI<br \/>\n<a href=\"http:\/\/aujourdhui.ma\/faits-divers\/tanger-2-ans-de-prison-avec-sursis-pour-avoir-viole-sa-fiancee\">Cliquez ici pour lire l&rsquo;article depuis sa source.<\/a><\/p>\n","protected":false},"excerpt":{"rendered":"<p>Deux ans de prison avec sursis, tel a \u00e9t\u00e9 le verdict rendu par la chambre criminelle pr\u00e8s la Cour d\u2019appel de Tanger contre un marchand ambulant pour avoir kidnapp\u00e9, s\u00e9questr\u00e9 et viol\u00e9 sa fianc\u00e9e encore mineure en la d\u00e9pucelant. En effet, la fille a affirm\u00e9 \u00e0 la Cour que le jeune homme s\u2019est pr\u00e9sent\u00e9 devant [&hellip;]<\/p>\n","protected":false},"author":1759,"featured_media":0,"comment_status":"closed","ping_status":"closed","sticky":false,"template":"","format":"standard","meta":{"fifu_image_url":"","fifu_image_alt":"","footnotes":""},"categories":[73,54],"tags":[],"class_list":["post-72980","post","type-post","status-publish","format-standard","hentry","category-actualite","category-maroc"],"_links":{"self":[{"href":"https:\/\/linitiative.ca\/International\/wp-json\/wp\/v2\/posts\/72980","targetHints":{"allow":["GET"]}}],"collection":[{"href":"https:\/\/linitiative.ca\/International\/wp-json\/wp\/v2\/posts"}],"about":[{"href":"https:\/\/linitiative.ca\/International\/wp-json\/wp\/v2\/types\/post"}],"author":[{"embeddable":true,"href":"https:\/\/linitiative.ca\/International\/wp-json\/wp\/v2\/users\/1759"}],"replies":[{"embeddable":true,"href":"https:\/\/linitiative.ca\/International\/wp-json\/wp\/v2\/comments?post=72980"}],"version-history":[{"count":0,"href":"https:\/\/linitiative.ca\/International\/wp-json\/wp\/v2\/posts\/72980\/revisions"}],"wp:attachment":[{"href":"https:\/\/linitiative.ca\/International\/wp-json\/wp\/v2\/media?parent=72980"}],"wp:term":[{"taxonomy":"category","embeddable":true,"href":"https:\/\/linitiative.ca\/International\/wp-json\/wp\/v2\/categories?post=72980"},{"taxonomy":"post_tag","embeddable":true,"href":"https:\/\/linitiative.ca\/International\/wp-json\/wp\/v2\/tags?post=72980"}],"curies":[{"name":"wp","href":"https:\/\/api.w.org\/{rel}","templated":true}]}}