{"id":72981,"date":"2020-01-14T04:56:49","date_gmt":"2020-01-14T09:56:49","guid":{"rendered":"https:\/\/linitiative.ca\/International\/le-dessein-hispano-marocain\/"},"modified":"2020-01-14T04:56:49","modified_gmt":"2020-01-14T09:56:49","slug":"le-dessein-hispano-marocain","status":"publish","type":"post","link":"https:\/\/linitiative.ca\/International\/le-dessein-hispano-marocain\/","title":{"rendered":"Le dessein hispano-marocain!"},"content":{"rendered":"<p class=\"has-text-color c2\"><strong>Quoique ce qui se passe en Espagne soit sa cuisine interne, il importe d\u2019y fourrer le nez pour en avoir le c\u0153ur net. La composition du nouvel ex\u00e9cutif au sein de notre voisin du nord aurait, sans doute un impact sur les rapports mutuels des deux pays mitoyens.<\/strong><\/p>\n<p>Ce n\u2019est pas du tout le retour en force des socialistes qui aurait intrigu\u00e9 l\u2019autre rive de la M\u00e9diterran\u00e9e, mais c\u2019est surtout l\u2019entr\u00e9e en lice de la gauche radicale dans l\u2019\u00e9quipe qui d\u00e9tiendra les r\u00eanes ib\u00e9riques.<\/p>\n<p>Avec cinq ministres dont le secr\u00e9taire g\u00e9n\u00e9ral, Pablo Iglesias, Podemos influerait visiblement sur la politique \u00e0 adopter de l\u2019alliance conduite par le chef du gouvernement et du PSOE, Pedro Sanchez.<\/p>\n<p>A croire leurs sorties m\u00e9diatiques, nombre d\u2019anciens leaders socialistes r\u00e9cusent cette coalition \u00abcontre-nature\u00bb. Le nouvel alli\u00e9, soup\u00e7onn\u00e9 d\u2019\u00eatre en m\u00e8che avec des barons \u00ablouches\u00bb de l\u2019Am\u00e9rique latine, ne serait le bienvenu dans cette mouture qui sent le roussi, selon ces contestataires.<\/p>\n<p>Par contre, il est \u00e0 rappeler l\u2019attitude amicale dont ont fait preuve les socialistes pr\u00e9d\u00e9cesseurs \u00e0 l\u2019\u00e9gard du Maroc dont le plus en vue n\u2019\u00e9tait autre que Felipe Gonzales. La proximit\u00e9 de la g\u00e9ographie et la n\u00e9cessit\u00e9 commune de coop\u00e9rer, avaient de tous les temps, pris le dessus sur les clivages dont les incidences n\u2019auraient profit\u00e9 \u00e0 personne.<\/p>\n<p>Aujourd\u2019hui, ce rapprochement win win qui s\u2019articule joliment, dans l\u2019entente et la concorde, autour des questions migratoires, maritimes et s\u00e9curitaires, ne saurait s\u2019effriter parce qu\u2019un nouveau maillon int\u00e8gre cette \u00e9quation s\u00e9culaire. Il est clair que Podemos qu\u2019on n\u2019est nullement ici \u00e0 contester l\u2019ascension au champ politique espagnol, car on ne peut d\u00e9nier la volont\u00e9 des \u00e9lecteurs ib\u00e9riques, est un hyper-farouche partisan de la th\u00e8se ind\u00e9pendantiste brandie sur le territoire espagnol.<\/p>\n<p>En ce qui concerne la cause nationale qui unit fort le peuple marocain, la gauche radicale sus cit\u00e9e ne se contente gu\u00e8re d\u2019exprimer cette position s\u00e9paratiste, mais s\u2019active \u00e0 joindre la parole \u00e0 l\u2019action, en tenant des activit\u00e9s aussi bien dans l\u2019h\u00e9misph\u00e8re de la d\u00e9putation que les diverses enceintes internes et externes.<\/p>\n<p>Cependant, apr\u00e8s l\u2019\u00e9clipse du conservateur Mariano Rajoy, l\u2019arriv\u00e9e sur le podium de Pedro Sanchez met fin \u00e0 une longue inertie paralysante. Mais, contre toute attente, ce branle-bas gauchiste jug\u00e9 in\u00e9dit, depuis l\u2019\u00e8re franquiste en 1975, pourrait avoir des retomb\u00e9es rocambolesques sur la ceinture \u00a0catalane et la bande s\u00e9cessionniste. Mais, il convient de dire que le Maroc et l\u2019Espagne sont assez sages et m\u00fbrs pour pr\u00e9server leur potentiel r\u00e9ciproque \u00e0 m\u00eame de couper l\u2019herbe sous les pieds des trouble-f\u00eates!<\/p>\n<p>Auteur: M&rsquo;hammed rahal<br \/>\n<a href=\"http:\/\/albayane.press.ma\/le-dessein-hispano-marocain.html\">Cliquez ici pour lire l&rsquo;article depuis sa source.<\/a><\/p>\n","protected":false},"excerpt":{"rendered":"<p>Quoique ce qui se passe en Espagne soit sa cuisine interne, il importe d\u2019y fourrer le nez pour en avoir le c\u0153ur net. La composition du nouvel ex\u00e9cutif au sein de notre voisin du nord aurait, sans doute un impact sur les rapports mutuels des deux pays mitoyens. Ce n\u2019est pas du tout le retour [&hellip;]<\/p>\n","protected":false},"author":1760,"featured_media":0,"comment_status":"closed","ping_status":"closed","sticky":false,"template":"","format":"standard","meta":{"fifu_image_url":"","fifu_image_alt":"","footnotes":""},"categories":[73,54],"tags":[],"class_list":["post-72981","post","type-post","status-publish","format-standard","hentry","category-actualite","category-maroc"],"_links":{"self":[{"href":"https:\/\/linitiative.ca\/International\/wp-json\/wp\/v2\/posts\/72981","targetHints":{"allow":["GET"]}}],"collection":[{"href":"https:\/\/linitiative.ca\/International\/wp-json\/wp\/v2\/posts"}],"about":[{"href":"https:\/\/linitiative.ca\/International\/wp-json\/wp\/v2\/types\/post"}],"author":[{"embeddable":true,"href":"https:\/\/linitiative.ca\/International\/wp-json\/wp\/v2\/users\/1760"}],"replies":[{"embeddable":true,"href":"https:\/\/linitiative.ca\/International\/wp-json\/wp\/v2\/comments?post=72981"}],"version-history":[{"count":0,"href":"https:\/\/linitiative.ca\/International\/wp-json\/wp\/v2\/posts\/72981\/revisions"}],"wp:attachment":[{"href":"https:\/\/linitiative.ca\/International\/wp-json\/wp\/v2\/media?parent=72981"}],"wp:term":[{"taxonomy":"category","embeddable":true,"href":"https:\/\/linitiative.ca\/International\/wp-json\/wp\/v2\/categories?post=72981"},{"taxonomy":"post_tag","embeddable":true,"href":"https:\/\/linitiative.ca\/International\/wp-json\/wp\/v2\/tags?post=72981"}],"curies":[{"name":"wp","href":"https:\/\/api.w.org\/{rel}","templated":true}]}}