{"id":72982,"date":"2020-01-14T05:06:24","date_gmt":"2020-01-14T10:06:24","guid":{"rendered":"https:\/\/linitiative.ca\/International\/%ef%bb%bflentrepreneur-subsaharien-a-beaucoup-davantages-et-dopportunites-au-maroc\/"},"modified":"2020-01-14T05:06:24","modified_gmt":"2020-01-14T10:06:24","slug":"%ef%bb%bflentrepreneur-subsaharien-a-beaucoup-davantages-et-dopportunites-au-maroc","status":"publish","type":"post","link":"https:\/\/linitiative.ca\/International\/%ef%bb%bflentrepreneur-subsaharien-a-beaucoup-davantages-et-dopportunites-au-maroc\/","title":{"rendered":"\ufeff\u00abL\u2019entrepreneur subsaharien a beaucoup d\u2019avantages et d\u2019opportunit\u00e9s au Maroc\u00bb"},"content":{"rendered":"<p class=\"has-text-color has-vivid-red-color\"><strong>Interview avec Vanne Clif Nkoy, pr\u00e9sident de la Conf\u00e9d\u00e9ration des jeunes entrepreneurs et cadres d\u2019Afrique subsaharienne du Maroc<\/strong><\/p>\n<p class=\"has-text-color c2\"><strong>Le monde de l\u2019entreprise et de l\u2019entreprenariat au Maroc s\u2019est diversifi\u00e9 au cours des derni\u00e8res ann\u00e9es. On compte d\u00e9sormais des entrepreneurs, des cadres\u2026 subsahariens. Vanne Clif Nkoy, pr\u00e9sident de la Conf\u00e9d\u00e9ration des jeunes entrepreneurs et cadres d\u2019Afrique subsaharienne du Maroc, nous en dit davantage sur le profil de l\u2019entrepreneur subsaharien au Maroc aujourd\u2019hui, ses d\u00e9fis et opportunit\u00e9s.<\/strong><\/p>\n<p class=\"c3\"><strong>Propos recueillis par Danielle Engolo<\/strong><\/p>\n<p><strong>Al Bayane<\/strong>\u00a0<strong>: Pouvez-vous pr\u00e9senter la Conf\u00e9d\u00e9ration des jeunes entrepreneurs et cadres d\u2019Afrique Subsaharienne du Maroc?<\/strong><\/p>\n<p><strong>Vanne Clif Nkoy<\/strong>: La conf\u00e9d\u00e9ration des jeunes entrepreneurs et cadres d\u2019Afrique subsaharienne du Maroc existe officiellement depuis avril 2019, date \u00e0 laquelle nous avons obtenu l\u2019autorisation de la Wilaya. Mais officieusement depuis 2017, nous exer\u00e7ons sur le terrain. Notre vision est d\u2019avoir en Afrique plus de jeunes entrepreneurs et de cadres \u00e9quip\u00e9s et form\u00e9s que de ch\u00f4meurs, ce qui n\u2019est pas le cas aujourd\u2019hui. Notre but est d\u2019amener les jeunes Africains soit \u00e0 entreprendre, soit \u00e0 \u00eatre des cadres \u00e9quip\u00e9s.<\/p>\n<p>Notre objectif est aussi de valoriser le concept de coop\u00e9ration sud-sud, qui est une tr\u00e8s belle opportunit\u00e9 \u00e0 la fois pour les Marocains et les Subsahariens, mais, soit en manque d\u2019informations ou d\u2019actions concr\u00e8tes, nous \u00e9chappe. Quand on parle aujourd\u2019hui de coop\u00e9ration sud-sud, on parle plus d\u2019affaires entre les g\u00e9ants, les grandes structures, les Etats. Le but de cette conf\u00e9d\u00e9ration est de permettre aux jeunes entrepreneurs subsahariens et marocains de se retrouver pour cr\u00e9er des business.<\/p>\n<p>La conf\u00e9d\u00e9ration compte aujourd\u2019hui 145 membres. On y retrouve les entrepreneurs, les salari\u00e9s, les \u00e9tudiants (qui aspirent \u00e0 devenir entrepreneurs ou des cadres), des personnes sans emplois, mais ayant des qualifications manuelles (restauration, coiffure, couture\u2026). Nous travaillons avec cette derni\u00e8re cat\u00e9gorie pour identifier leurs comp\u00e9tences personnelles, les valoriser, les orienter vers l\u2019auto-emploi pour cr\u00e9er leurs structures, chercher les fonds\u00a0; nous les accompagnons sur le plan technique et assurons le r\u00e9seautage. En plus, il y\u2019a les b\u00e9n\u00e9ficiaires, qui ne font pas forc\u00e9ment partie du r\u00e9seau.<\/p>\n<p>L\u2019adh\u00e9sion \u00e0 la conf\u00e9d\u00e9ration est astreinte au respect de nos valeurs\u00a0: l\u2019apprentissage en continu, l\u2019humilit\u00e9, la transparence, la loyaut\u00e9, la passion\u2026<\/p>\n<p><strong>Quel est le pourcentage d\u2019entrepreneurs au sein de la Conf\u00e9d\u00e9ration\u00a0? Quels sont leurs profils?<\/strong><\/p>\n<p>La conf\u00e9d\u00e9ration est compos\u00e9e \u00e0 70% d\u2019entrepreneurs. La majorit\u00e9 a le statut d\u2019auto-entrepreneurs. D\u2019autres ont leur SARL. Il existe deux cat\u00e9gories d\u2019entrepreneurs subsahariens. D\u2019une part, les entrepreneurs ayant suivi le parcours universitaire et d\u2019autre part, ceux qui n\u2019ont pas fait de parcours universitaire, mais qui ont la maitrise d\u2019un m\u00e9tier.<\/p>\n<p>G\u00e9n\u00e9ralement, ceux qui n\u2019ont pas suivi de parcours universitaire s\u2019orientent vers des activit\u00e9s manuelles telles que le commerce, la peinture, la restauration. Certains exer\u00e7aient d\u00e9j\u00e0 ces m\u00e9tiers depuis le pays d\u2019origine\u00a0; d\u2019autres ont fait une formation professionnelle ici au Maroc via une structure. A Tanger par exemple, des jeunes se sont lanc\u00e9s dans le nettoyage mobile d\u2019automobiles. Dans la plupart des cas, ces entrepreneurs \u00e9voluent dans l\u2019informel. L\u2019une des raisons \u00e9tant le manque d\u2019informations. Avoir une soci\u00e9t\u00e9 formelle leur fait peur. De m\u00eame, pour eux, le formel se r\u00e9sume aux imp\u00f4ts, taxes\u2026Dans le cadre de nos activit\u00e9s, nous essayons de d\u00e9mystifier le c\u00f4t\u00e9 formel de l\u2019entreprenariat pour leur montrer les avantages d\u2019\u00e9voluer dans la l\u00e9galit\u00e9. Nous ramenons par exemple ces inspecteurs des imp\u00f4ts qu\u2019ils craignent et nous les mettons en contact.<\/p>\n<p>Ceux qui ont fait le parcours universitaire, \u00e9voluent dans d\u2019autres domaines diff\u00e9rents,\u00a0 notamment les IT, le consulting, le digital, la mise en relation entre le Maroc et leurs pays.<\/p>\n<p>Parmi ces entrepreneurs, on trouve tr\u00e8s peu de femmes. La majorit\u00e9 de celles qui entreprennent au Maroc sont celles qui ont du m\u00e9tier\u00a0et \u00e9voluent bien souvent dans l\u2019informel.<\/p>\n<p><strong>Quels sont les d\u00e9fis de l\u2019entrepreneur subsaharien au Maroc?<\/strong><\/p>\n<p>J\u2019ai toujours eu une r\u00e9ponse diff\u00e9rente sur cette question. A mon sens, l\u2019entrepreneur subsaharien a actuellement plus d\u2019avantages et d\u2019opportunit\u00e9s au Maroc que l\u2019entrepreneur marocain. Aujourd\u2019hui, les Marocains sont presque sur les m\u00eames march\u00e9s. Ils ciblent en majorit\u00e9 les m\u00eames types de client\u00e8le. Les Subsahariens ciblent pour leur part une client\u00e8le diff\u00e9rente.\u00a0 Nous pouvons toucher \u00e0 la fois notre client\u00e8le et la client\u00e8le des Marocains avec des produits et des services diff\u00e9rents. D\u2019une part, tout cela nous donne un avantage par rapport aux Marocains. D\u2019autre part, les entrepreneurs marocains, depuis que Sa Majest\u00e9 le Roi Mohammed VI, que Dieu L\u2019Assiste, a initi\u00e9 la coop\u00e9ration sud-sud, sont int\u00e9ress\u00e9s par l\u2019Afrique subsaharienne. Nous sommes les mieux plac\u00e9s pour collaborer avec eux pour aller en Afrique subsaharienne, au lieu qu\u2019ils y aillent seuls.<\/p>\n<p>En ce qui concerne les d\u00e9marches de cr\u00e9ation d\u2019entreprise, les imp\u00f4ts, nous sommes soumis aux m\u00eames r\u00e8gles. Car une soci\u00e9t\u00e9 cr\u00e9\u00e9e au Maroc est une soci\u00e9t\u00e9 de droit marocain. L\u2019avantage au Maroc c\u2019est que l\u2019\u00e9tranger n\u2019a pas besoin d\u2019un associ\u00e9 marocain pour cr\u00e9er sa soci\u00e9t\u00e9. Au Maroc, pas besoin d\u2019avoir un capital bloqu\u00e9 tant que le capital ne d\u00e9passe pas 100.000 DH pour lancer son business. C\u2019est possible de cr\u00e9er une SARL avec domiciliation, avec un montant de 2000 dirhams. Il est possible d\u2019\u00eatre domicili\u00e9 \u00e0 raison de 900 dirhams pour 6 mois, d\u2019obtenir le certificat n\u00e9gatif \u00e0 230 dirhams\u00a0; d\u2019enregistrer gratuitement les statuts, de monter le dossier de cr\u00e9ation \u00e0 350 dirhams, de faire la publication au Bulletin Officiel \u00e0 400 dirhams et l\u2019annonce l\u00e9gale \u00e0 120 ou 200 dirhams. Ce qui n\u2019est pas le cas dans nos pays. Je crois que nous avons des opportunit\u00e9s. Les structures d\u2019accompagnement sont \u00e9galement ouvertes \u00e0 tout le monde.<\/p>\n<p><strong>Comment les entrepreneurs subsahariens peuvent-ils s\u2019int\u00e9grer dans le business au Maroc?<\/strong><\/p>\n<p>En termes de business, le Maroc fonctionne d\u2019une certaine mani\u00e8re. Le client marocain a \u00e9galement une mani\u00e8re de r\u00e9fl\u00e9chir qui est diff\u00e9rente de celle de nos pays. Ce sont deux contextes diff\u00e9rents. Si je fais le business au Maroc, avec la conception du business dans mon pays d\u2019origine, c\u2019est normal que je passe \u00e0 c\u00f4t\u00e9. Je trouverai donc toutes les difficult\u00e9s du monde et je rattacherai cela aux Marocains et au racisme, et pourtant, ce n\u2019est forc\u00e9ment pas le cas. Par exemple au Maroc, pour ouvrir un restaurant, il faudrait avoir un dipl\u00f4me en restauration, avoir les autorisations et respecter les normes. Il ne suffit pas seulement de savoir cuisiner.<\/p>\n<p>Le Maroc a entam\u00e9 un grand travail d\u2019int\u00e9gration qui n\u2019est pas encore achev\u00e9 et on ne sait pas quand est-ce que cela sera achev\u00e9. En mati\u00e8re d\u2019int\u00e9gration, j\u2019estime que si nous l\u2019attendons des Marocains et de l\u2019Etat, nous attendrons longtemps car ce qui \u00e9tait \u00e0 faire, a d\u00e9j\u00e0 \u00e9t\u00e9 fait, le cadre est d\u00e9j\u00e0 pos\u00e9. Certains Subsahariens se disent que l\u2019Union Europ\u00e9enne donne des subventions au Maroc et de ce fait, le Maroc DOIT les int\u00e9grer. Je ne partage pas cet avis.\u00a0 Je pense que tous ceux qui cherchent \u00e0 s\u2019int\u00e9grer, y arriveront. Ceux qui attendent tout du Maroc passeront du temps, car quand tu attends, tu \u00e9volues au rythme de celui qui donne et celui qui donne n\u2019a pas que toi comme priorit\u00e9. Le Maroc a pos\u00e9 le cadre. Par exemple, en, termes d\u2019emploi, le Maroc et la d\u00e9l\u00e9gation belge, \u00e0 travers le programme \u00abAmuddu\u00bb, ont mis en place un dispositif qui permet \u00e0 l\u2019ANAPEC d\u2019accompagner l\u2019insertion salariale des Subsahariens.<\/p>\n<p>Tous ceux qui ont \u00e9t\u00e9 r\u00e9gularis\u00e9s dans le cadre de la campagne exceptionnelle de r\u00e9gularisation des \u00e9trangers ont les m\u00eames droits que les Marocains. C\u2019est vrai que certains chefs d\u2019entreprise ne le savent pas. Il faut r\u00e9clamer ses droits dans la diplomatie et le calme.<\/p>\n<p><strong>Quelles sont les activit\u00e9s de la conf\u00e9d\u00e9ration?<\/strong><\/p>\n<p>Nous organisons trois types d\u2019\u00e9v\u00e8nements, entre autres les activit\u00e9s pl\u00e9ni\u00e8res comme celle que nous avons organis\u00e9e derni\u00e8rement le 18 d\u00e9cembre \u00e0 l\u2019occasion de la journ\u00e9e internationale du migrant et qui \u00e9tait intitul\u00e9e \u00abjourn\u00e9e internationale de la valeur ajout\u00e9e du migrant dans sa terre d\u2019accueil\u00bb. Bien avant, nous avons organis\u00e9 le 12 septembre, la Journ\u00e9e des Nations Unies sur la coop\u00e9ration sud-sud, en coop\u00e9ration avec la Chambre de commerce de Rabat, les Nations Unies et le corps diplomatique. Ce sont des activit\u00e9s prestige qui ont deux objectifs\u00a0: toucher plus de personnes, en leur donnant des informations qui leur serviront par la suite, avec ou sans notre pr\u00e9sence et donner \u00e0 la conf\u00e9d\u00e9ration une meilleure visibilit\u00e9 dans l\u2019\u00e9cosyst\u00e8me.<\/p>\n<p>Nous organisons \u00e9galement des s\u00e9ances de formation sur plusieurs domaines, th\u00e9matiques et m\u00e9tiers\u00a0: le business, les m\u00e9tiers. Par exemple, pour ceux qui font carri\u00e8re dans la comptabilit\u00e9 et qui aspirent \u00e0 devenir des DAF par la suite, nous faisons venir un DAF qui vient \u00e9changer avec eux sur le c\u0153ur de son m\u00e9tier\u00a0: les comp\u00e9tences \u00e0 d\u00e9velopper etc.\u2026Pour l\u2019entreprenariat, nous organisons des formations sur le business plan, la formalisation de l\u2019id\u00e9e, le profil, le montage de projets\u2026 Nous avons sign\u00e9 r\u00e9cemment une convention avec la Chambre de commerce de Rabat pour organiser des formations qui regrouperont Marocains et Subsahariens, dans le cadre de la coop\u00e9ration sud-sud. Pour le Marocain qui a des id\u00e9es de projets en Afrique subsaharienne, il est plus facile pour lui de partir avec un Subsaharien qui a fait le Maroc que de chercher un autochtone sur place. Il a l\u2019expertise et le Subsaharien, la connaissance du terrain. Ils sont donc sur la m\u00eame longueur d\u2019ondes.<\/p>\n<p>Nous avons un 3<sup>e<\/sup> type d\u2019activit\u00e9s, \u00e0 savoir la mise en r\u00e9seau. Il existe plusieurs types de structures qui financent et accompagnent les porteurs de projets que de nombreux entrepreneurs subsahariens ignorent. A titre d\u2019exemple, l\u2019Union Europ\u00e9enne a octroy\u00e9 des subventions de 50\u00a0000 \u00e0 100\u00a0000 dirhams pour financer des projets. Jusque-l\u00e0, \u00a023 projets de Subsahariens ont \u00e9t\u00e9 financ\u00e9. Notre but est d\u2019informer les porteurs de projets sur de telles opportunit\u00e9s. Nous menons en outre des caravanes de sensibilisation\u2026<\/p>\n<p><strong>Quelles sont les perspectives de la conf\u00e9d\u00e9ration pour cette ann\u00e9e?<\/strong><\/p>\n<p>On nous dit que l\u2019Afrique c\u2019est l\u2019avenir de demain. Nous nous disons\u00a0:\u00a0\u00ab\u00a0Demain, d\u2019accord, mais aujourd\u2019hui d\u2019abord \u00bb. Pour cette ann\u00e9e, nous avons \u00a0pr\u00e9vu trois activit\u00e9s principales. Nous allons organiser une caravane dans 12 villes du Maroc, depuis Oujda jusqu\u2019\u00e0 Agadir. Il s\u2019agira d\u2019une campagne ax\u00e9e sur la sensibilisation sur l\u2019entreprenariat et les m\u00e9tiers, la formation et la mise en r\u00e9seau. Nous l\u2019organiserons avec les chambres de commerce, les conseillers \u00e9conomiques de nos ambassades, les Dar Moukawil et l\u2019ANAPEC via la D\u00e9l\u00e9gation belge pour que ce soit concret et consistant. Nous allons cibler les jeunes subsahariens dipl\u00f4m\u00e9s ou pas, ceux qui sont dans l\u2019informel, ceux qui travaillent dans les centres d\u2019appel et les jeunes Marocains pour cr\u00e9er une synergie.<\/p>\n<p>Ensuite, nous allons organiser des formations de la coop\u00e9ration sud-sud. Nous allons cr\u00e9er, notamment des cadres pour que Subsahariens et Marocains se mettent ensemble pour r\u00e9fl\u00e9chir sur des projets communs. Une fois par mois, nous aurons un pays subsaharien \u00e0 l\u2019honneur. Le conseiller \u00e9conomique de l\u2019ambassade dudit pays viendra pr\u00e9senter le pays, les secteurs porteurs d\u2019aujourd\u2019hui et demain, pour que les gens puissent se positionner.<\/p>\n<p>Le troisi\u00e8me chantier c\u2019est l\u2019organisation de rencontres B to B entre les chambres de commerce marocaines et celles des pays subsahariens pour discuter des pistes d\u2019opportunit\u00e9s. Nous pensons \u00e9galement organiser des programmes d\u2019entreprenariat juv\u00e9nile et le programme \u00abvis ma vie entrepreneuriale\u00bb d\u2019immersion dans diff\u00e9rents corps de m\u00e9tiers.<\/p>\n<p>Auteur: M&rsquo;hammed rahal<br \/>\n<a href=\"http:\/\/albayane.press.ma\/%EF%BB%BFlentrepreneur-subsaharien-a-beaucoup-davantages-et-dopportunites-au-maroc.html\">Cliquez ici pour lire l&rsquo;article depuis sa source.<\/a><\/p>\n","protected":false},"excerpt":{"rendered":"<p>Interview avec Vanne Clif Nkoy, pr\u00e9sident de la Conf\u00e9d\u00e9ration des jeunes entrepreneurs et cadres d\u2019Afrique subsaharienne du Maroc Le monde de l\u2019entreprise et de l\u2019entreprenariat au Maroc s\u2019est diversifi\u00e9 au cours des derni\u00e8res ann\u00e9es. On compte d\u00e9sormais des entrepreneurs, des cadres\u2026 subsahariens. Vanne Clif Nkoy, pr\u00e9sident de la Conf\u00e9d\u00e9ration des jeunes entrepreneurs et cadres d\u2019Afrique [&hellip;]<\/p>\n","protected":false},"author":1760,"featured_media":0,"comment_status":"closed","ping_status":"closed","sticky":false,"template":"","format":"standard","meta":{"fifu_image_url":"","fifu_image_alt":"","footnotes":""},"categories":[73,54],"tags":[],"class_list":["post-72982","post","type-post","status-publish","format-standard","hentry","category-actualite","category-maroc"],"_links":{"self":[{"href":"https:\/\/linitiative.ca\/International\/wp-json\/wp\/v2\/posts\/72982","targetHints":{"allow":["GET"]}}],"collection":[{"href":"https:\/\/linitiative.ca\/International\/wp-json\/wp\/v2\/posts"}],"about":[{"href":"https:\/\/linitiative.ca\/International\/wp-json\/wp\/v2\/types\/post"}],"author":[{"embeddable":true,"href":"https:\/\/linitiative.ca\/International\/wp-json\/wp\/v2\/users\/1760"}],"replies":[{"embeddable":true,"href":"https:\/\/linitiative.ca\/International\/wp-json\/wp\/v2\/comments?post=72982"}],"version-history":[{"count":0,"href":"https:\/\/linitiative.ca\/International\/wp-json\/wp\/v2\/posts\/72982\/revisions"}],"wp:attachment":[{"href":"https:\/\/linitiative.ca\/International\/wp-json\/wp\/v2\/media?parent=72982"}],"wp:term":[{"taxonomy":"category","embeddable":true,"href":"https:\/\/linitiative.ca\/International\/wp-json\/wp\/v2\/categories?post=72982"},{"taxonomy":"post_tag","embeddable":true,"href":"https:\/\/linitiative.ca\/International\/wp-json\/wp\/v2\/tags?post=72982"}],"curies":[{"name":"wp","href":"https:\/\/api.w.org\/{rel}","templated":true}]}}