{"id":72983,"date":"2020-01-14T05:22:00","date_gmt":"2020-01-14T10:22:00","guid":{"rendered":"https:\/\/linitiative.ca\/International\/des-amazighs-appellent-a-reconnaitre-id-yennayer-comme-fete-nationale\/"},"modified":"2020-01-14T05:22:00","modified_gmt":"2020-01-14T10:22:00","slug":"des-amazighs-appellent-a-reconnaitre-id-yennayer-comme-fete-nationale","status":"publish","type":"post","link":"https:\/\/linitiative.ca\/International\/des-amazighs-appellent-a-reconnaitre-id-yennayer-comme-fete-nationale\/","title":{"rendered":"Des amazighs appellent \u00e0 reconnaitre \u00abId Yennayer\u00bb comme f\u00eate nationale"},"content":{"rendered":"<p class=\"has-text-color c2\"><strong>\u00abId Yennayer\u00bb a \u00e9t\u00e9 f\u00eat\u00e9 dans les quatre coins du Maroc dans la joie et la communion.\u00a0 A Rabat, des centaines de personnes se sont donn\u00e9 rendez-vous, dimanche apr\u00e8s-midi, devant le parlement pour c\u00e9l\u00e9brer le Nouvel An amazigh (2970). En effet, la f\u00eate est au-del\u00e0 d\u2019un simple rituel annuel, elle a d\u00e9sormais sa dimension \u00e0 la fois symbolique et historique dans l\u2019imaginaire et l\u2019identit\u00e9 des amazighes d\u2019ici et d\u2019ailleurs.<\/strong><\/p>\n<p>Des enfants, des jeunes et des moins jeunes v\u00eatus de leurs costumes traditionnels ont c\u00e9l\u00e9br\u00e9 le premier jour de l\u2019An du calendrier agraire dans une atmosph\u00e8re conviviale. En outre, le choix de f\u00eater ce jour devant le Parlement intervient avec l\u2019appel de la classe politique marocaine, le tissu associatif et les\u00a0 acteurs amazighs pour reconnaitre Yennayer comme f\u00eate nationale et jour f\u00e9ri\u00e9, ch\u00f4m\u00e9 et pay\u00e9. Une recommandation qui a \u00e9t\u00e9 tant\u00a0 attendue par les marocains. Des plats comme \u00abTagla\u00bb\u00a0 ont \u00e9t\u00e9 servis \u00e0 l\u2019occasion, mais aussi des slogans ont \u00e9t\u00e9 entendus appelant \u00e0 faire de Yennayer une f\u00eate nationale.<\/p>\n<p>\u00abLa c\u00e9l\u00e9bration de la f\u00eate du Nouvel An Amazigh serait \u00e9galement une preuve suppl\u00e9mentaire que notre pays s\u2019inscrit parfaitement dans la logique des droits culturels, de la reconnaissance des droits linguistiques et culturels. C\u2019est aussi une occasion pour l\u2019ensemble de la population marocaine de f\u00eater un \u00e9v\u00e9nement dont la signification symbolique n\u2019\u00e9chappe \u00e0 personne, et qui est la c\u00e9l\u00e9bration d\u2019une dimension\u00a0 importante de l\u2019identit\u00e9 nationale, et aussi du patrimoine en commun au sein des diff\u00e9rentes composantes culturelles de la population marocaine\u00bb, nous a indiqu\u00e9 Ahmed Boukous, Recteur de l\u2019IRCAM dans une interview accord\u00e9e au journal.<\/p>\n<p>Cette ann\u00e9e, la c\u00e9l\u00e9bration de Yennayer est marqu\u00e9e par une large mobilisation de la classe politique et des militants amazighs pour reconnaitre ce jour comme f\u00eate nationale. \u00abJe pense que c\u2019est une initiative tout \u00e0 fait louable de la part de la classe politique nationale de consid\u00e9rer les festivit\u00e9s qui sont organis\u00e9es annuellement par la soci\u00e9t\u00e9 civile et par certaines institutions. En effet, consid\u00e9rer cela comme s\u2019inscrivant tout \u00e0 fait dans l\u2019esprit de la loi de l\u2019article 5 qui officialise la langue amazighe aux c\u00f4t\u00e9s\u00a0 de la langue arabe est une initiative \u00a0tout \u00e0 fait l\u00e9gitime !\u00bb, a-t-il ajout\u00e9.<\/p>\n<p>Il est \u00e0 rappeler que Yennayer, nouvel an amazigh, c\u00e9l\u00e9br\u00e9 chaque 13 janvier, est une date importante dans le calendrier des Amazighs, et comme chaque ann\u00e9e, le tissu associatif et les acteurs amazighs ne ratent pas cette occasion pour faire d\u2019abord le bilan de la situation de l\u2019amazighe dans les domaines de la vie publique.<\/p>\n<p class=\"c3\"><strong>Mohamed Nait Youssef<\/strong><\/p>\n<p>Auteur: M&rsquo;hammed rahal<br \/>\n<a href=\"http:\/\/albayane.press.ma\/des-amazighs-appellent-a-reconnaitre-id-yennayer-comme-fete-nationale.html\">Cliquez ici pour lire l&rsquo;article depuis sa source.<\/a><\/p>\n","protected":false},"excerpt":{"rendered":"<p>\u00abId Yennayer\u00bb a \u00e9t\u00e9 f\u00eat\u00e9 dans les quatre coins du Maroc dans la joie et la communion.\u00a0 A Rabat, des centaines de personnes se sont donn\u00e9 rendez-vous, dimanche apr\u00e8s-midi, devant le parlement pour c\u00e9l\u00e9brer le Nouvel An amazigh (2970). En effet, la f\u00eate est au-del\u00e0 d\u2019un simple rituel annuel, elle a d\u00e9sormais sa dimension \u00e0 [&hellip;]<\/p>\n","protected":false},"author":1760,"featured_media":0,"comment_status":"closed","ping_status":"closed","sticky":false,"template":"","format":"standard","meta":{"fifu_image_url":"","fifu_image_alt":"","footnotes":""},"categories":[73,54],"tags":[],"class_list":["post-72983","post","type-post","status-publish","format-standard","hentry","category-actualite","category-maroc"],"_links":{"self":[{"href":"https:\/\/linitiative.ca\/International\/wp-json\/wp\/v2\/posts\/72983","targetHints":{"allow":["GET"]}}],"collection":[{"href":"https:\/\/linitiative.ca\/International\/wp-json\/wp\/v2\/posts"}],"about":[{"href":"https:\/\/linitiative.ca\/International\/wp-json\/wp\/v2\/types\/post"}],"author":[{"embeddable":true,"href":"https:\/\/linitiative.ca\/International\/wp-json\/wp\/v2\/users\/1760"}],"replies":[{"embeddable":true,"href":"https:\/\/linitiative.ca\/International\/wp-json\/wp\/v2\/comments?post=72983"}],"version-history":[{"count":0,"href":"https:\/\/linitiative.ca\/International\/wp-json\/wp\/v2\/posts\/72983\/revisions"}],"wp:attachment":[{"href":"https:\/\/linitiative.ca\/International\/wp-json\/wp\/v2\/media?parent=72983"}],"wp:term":[{"taxonomy":"category","embeddable":true,"href":"https:\/\/linitiative.ca\/International\/wp-json\/wp\/v2\/categories?post=72983"},{"taxonomy":"post_tag","embeddable":true,"href":"https:\/\/linitiative.ca\/International\/wp-json\/wp\/v2\/tags?post=72983"}],"curies":[{"name":"wp","href":"https:\/\/api.w.org\/{rel}","templated":true}]}}