{"id":72984,"date":"2020-01-14T05:28:51","date_gmt":"2020-01-14T10:28:51","guid":{"rendered":"https:\/\/linitiative.ca\/International\/ababou-licone-de-theatre-fait-de-la-souffrance-une-source-de-creation\/"},"modified":"2020-01-14T05:28:51","modified_gmt":"2020-01-14T10:28:51","slug":"ababou-licone-de-theatre-fait-de-la-souffrance-une-source-de-creation","status":"publish","type":"post","link":"https:\/\/linitiative.ca\/International\/ababou-licone-de-theatre-fait-de-la-souffrance-une-source-de-creation\/","title":{"rendered":"Ababou, l\u2019ic\u00f4ne de th\u00e9\u00e2tre, fait de la souffrance une source de cr\u00e9ation"},"content":{"rendered":"<p class=\"has-text-color has-vivid-red-color c2\"><strong>Hospitalis\u00e9 au CHU de Marrakech<\/strong><\/p>\n<p class=\"has-text-color c3\"><strong>Le grandissime homme du th\u00e9\u00e2tre et de la po\u00e9sie, \u00a0Abdelkader Ababou, est alit\u00e9 dans le centre hospitalier universitaire de la cit\u00e9 ocre. Depuis d\u00e9j\u00e0 quelques temps, la sant\u00e9 lui joue de mauvais tours, lui qui n\u2019aime pas \u00eatre malade, pour avoir suffisamment de forces \u00e0 poursuivre sa raison d\u2019\u00eatre dans ce laps d\u2019\u00e9nergie qui lui reste encore. Ababou vit pour produire de la cr\u00e9ation \u00e0 l\u2019adresse du public, de la soci\u00e9t\u00e9, de l\u2019homme. Plus de cinq d\u00e9cennies, il a v\u00e9cu comme cela, \u00e0 lire, \u00e9crire et monter des pi\u00e8ces de l\u2019art dramatique, partout o\u00f9 il va, dans le caf\u00e9, sur sc\u00e8ne, \u00e0 la maison, sur le chemin du travail. Ababou se fond pour les planches, se sacrifie pour les gens pauvres, s\u2019\u00e9meut pour la justice et le progr\u00e8s, s\u2019\u00e9crie pour que r\u00e8gnent les vertus et s\u2019insurge contre le mal et la hideur.<\/strong><\/p>\n<p>D\u00e8s son atterrissage sur Agadir, \u00e0 la fin des ann\u00e9es 70, apr\u00e8s avoir men\u00e9 une enfance paisible dans les saveurs banlieusardes de Dar Ould Zidouh, du c\u00f4t\u00e9 de Beni Mellal, il vient creuser les lits des rivi\u00e8res de l\u2019art et de la culture. Des g\u00e9n\u00e9rations s\u2019y sont alors pr\u00e9cipit\u00e9es pour s\u2019y abreuver \u00e0 souhait et, petit \u00e0 petit tels des oisillons, ont appris \u00e0 voler de leurs propres ailes pour inonder le paysage th\u00e9\u00e2tral de chef-d\u2019\u0153uvres aussi limpides que percutants. Tout au long de ce chemin, \u00e0 travers Anouar Souss ou encore Ounamir, Ababou est intransigeant sur le d\u00e9tail, exigeant sur l\u2019attitude du com\u00e9dien, m\u00e9ticuleux sur le choix du texte, l\u2019espace sc\u00e9nique, sur l\u2019esth\u00e9tisme d\u2019ensemble ainsi que le message \u00e0 diffuser. Rien n\u2019est laiss\u00e9 au hasard, nul de futile ne devrait alt\u00e9rer l\u2019attention du r\u00e9cepteur, chaque objet sur sc\u00e8ne est cens\u00e9 avoir une fonction\u2026il avait toujours l\u2019habitude de dire \u00e0 ses disciples, comme disait le philosophe marxiste, Louis Althusser\u00a0: \u00ab\u00a0Rien n\u2019est gratuit, tout a un sens\u00a0!\u00a0\u00bb.<\/p>\n<p>Ababou eut \u00e9galement le grand m\u00e9rite de fonder, en compagnie de mordus de l\u2019art th\u00e9\u00e2tral de la r\u00e9gion, le festival de th\u00e9\u00e2tre qui a r\u00e9sist\u00e9 durant une d\u00e9cennie et demie. Cette nouvelle \u00e9preuve qui a vu le jour au d\u00e9but des ann\u00e9es 80, a pu drainer en son sein, les sommit\u00e9s de l\u2019art dramatique du pays, tels Hassan Lemnii, Mohamed Kghat, Abderhmane Benzidane, Meskini S\u2019ghir, Abdelkrim Berrechid, Mohammed Kaouti, Abdelmjid Saadallah, Salem Kouindi\u2026Cet \u00e9v\u00e9nement de haute qualit\u00e9 de recherche et prestation auquel s\u2019investissait l\u2019union de th\u00e9\u00e2tre d\u2019Agadir dont le pr\u00e9sident \u00e9tait Abdelkader Ababou, est parvenu \u00e0 insuffler une fantastique dynamique dans les veines du th\u00e9\u00e2tre national engag\u00e9 qui, \u00e0 l\u2019\u00e9poque, pr\u00e9sentait des signes d\u2019essoufflement. Ce fut, par la suite une panoplie d\u2019exp\u00e9riences similaires qui \u00e9mergeait un peu partout sur le territoire du royaume.<\/p>\n<p>Ababou \u00e9tait \u00e9galement un critique d\u2019art et un po\u00e8te de haute qualit\u00e9. Il donnait \u00e0 la po\u00e9sie libre et progressiste une s\u00e8ve toute particuli\u00e8re au niveau du langage et de la m\u00e9taphore. Il s\u2019attelait aussi \u00e0 s\u2019approprier une ligne de mise en sc\u00e8ne qu\u2019il baptisait \u00ab\u00a0La mise en sc\u00e8ne dialectique\u00a0\u00bb dont les fondements \u00e9taient inspir\u00e9s de la fameuse m\u00e9thodologie du \u00ab\u00a0troisi\u00e8me th\u00e9\u00e2tre\u00a0\u00bb et surtout du \u00ab\u00a0th\u00e9\u00e2tre pauvre\u00a0\u00bb, initi\u00e9 par le dramaturge polonais, Jersey Grotowski, qui pr\u00f4ne la p\u00e9rennisation de l\u2019action th\u00e9\u00e2trale \u00e0 travers la communion th\u00e9\u00e2tre\/spectateur en permanence\u2026<\/p>\n<p>Ababou luttait, depuis le bas \u00e2ge contre le diab\u00e8te, souffrait sans g\u00e9mir ni qu\u00e9mander de faveurs et s\u2019en va, chaque jour, poser une nouvelle pierre \u00e0 son \u00e9chafaudage th\u00e9\u00e2tral dans le c\u0153ur et l\u2019esprit des jeunes de l\u2019\u00e9cole de formation du th\u00e9\u00e2tre Ounamir\u2026<\/p>\n<p>Syndicaliste de proue au sein de l\u2019UMT pour d\u00e9fendre les droits des travailleurs et combattre la voracit\u00e9 du patronat et ses acolytes, Ababou trouvait aussi du temps \u00e0 se rallier aux luttes que m\u00e8nent ses camarades du PPS contre la d\u00e9pravation et l\u2019injustice.<\/p>\n<p>Aujourd\u2019hui, ce grand personnage qui a d\u00e9di\u00e9 toute sa vie pour ces nobles causes, gravement atteint de la maladie qui pourrait, \u00e0 tout moment, mettre un terme \u00e0 cette flamme illumin\u00e9e, a besoin du soutien de toutes les bonnes volont\u00e9s\u2026<\/p>\n<p>Nous esp\u00e9rons qu\u2019il sortira de cette peine indemne et qu\u2019il poursuivra sa mission que nul ne peut lui enlever. Prompt r\u00e9tablissement camarade!<\/p>\n<p class=\"c4\"><strong>Saoudi El Amalki<\/strong><\/p>\n<p>Auteur: M&rsquo;hammed rahal<br \/>\n<a href=\"http:\/\/albayane.press.ma\/ababou-licone-de-theatre-fait-de-la-souffrance-une-source-de-creation.html\">Cliquez ici pour lire l&rsquo;article depuis sa source.<\/a><\/p>\n","protected":false},"excerpt":{"rendered":"<p>Hospitalis\u00e9 au CHU de Marrakech Le grandissime homme du th\u00e9\u00e2tre et de la po\u00e9sie, \u00a0Abdelkader Ababou, est alit\u00e9 dans le centre hospitalier universitaire de la cit\u00e9 ocre. Depuis d\u00e9j\u00e0 quelques temps, la sant\u00e9 lui joue de mauvais tours, lui qui n\u2019aime pas \u00eatre malade, pour avoir suffisamment de forces \u00e0 poursuivre sa raison d\u2019\u00eatre dans [&hellip;]<\/p>\n","protected":false},"author":1760,"featured_media":0,"comment_status":"closed","ping_status":"closed","sticky":false,"template":"","format":"standard","meta":{"fifu_image_url":"","fifu_image_alt":"","footnotes":""},"categories":[73,54],"tags":[],"class_list":["post-72984","post","type-post","status-publish","format-standard","hentry","category-actualite","category-maroc"],"_links":{"self":[{"href":"https:\/\/linitiative.ca\/International\/wp-json\/wp\/v2\/posts\/72984","targetHints":{"allow":["GET"]}}],"collection":[{"href":"https:\/\/linitiative.ca\/International\/wp-json\/wp\/v2\/posts"}],"about":[{"href":"https:\/\/linitiative.ca\/International\/wp-json\/wp\/v2\/types\/post"}],"author":[{"embeddable":true,"href":"https:\/\/linitiative.ca\/International\/wp-json\/wp\/v2\/users\/1760"}],"replies":[{"embeddable":true,"href":"https:\/\/linitiative.ca\/International\/wp-json\/wp\/v2\/comments?post=72984"}],"version-history":[{"count":0,"href":"https:\/\/linitiative.ca\/International\/wp-json\/wp\/v2\/posts\/72984\/revisions"}],"wp:attachment":[{"href":"https:\/\/linitiative.ca\/International\/wp-json\/wp\/v2\/media?parent=72984"}],"wp:term":[{"taxonomy":"category","embeddable":true,"href":"https:\/\/linitiative.ca\/International\/wp-json\/wp\/v2\/categories?post=72984"},{"taxonomy":"post_tag","embeddable":true,"href":"https:\/\/linitiative.ca\/International\/wp-json\/wp\/v2\/tags?post=72984"}],"curies":[{"name":"wp","href":"https:\/\/api.w.org\/{rel}","templated":true}]}}