{"id":72987,"date":"2020-01-13T14:38:14","date_gmt":"2020-01-13T19:38:14","guid":{"rendered":"https:\/\/linitiative.ca\/International\/sidi-bouzid-sit-in-en-faveur-dune-caisse-dassurance-chomage\/"},"modified":"2020-01-13T14:38:14","modified_gmt":"2020-01-13T19:38:14","slug":"sidi-bouzid-sit-in-en-faveur-dune-caisse-dassurance-chomage","status":"publish","type":"post","link":"https:\/\/linitiative.ca\/International\/sidi-bouzid-sit-in-en-faveur-dune-caisse-dassurance-chomage\/","title":{"rendered":"Sidi Bouzid\u00a0: Sit-in en faveur d\u2019une caisse d\u2019assurance ch\u00f4mage"},"content":{"rendered":"<p>Des ch\u00f4meurs issus de la d\u00e9l\u00e9gation de Jelma (Gouvernorat de Sidi Bouzid) ont observ\u00e9, lundi, \u00e0 l\u2019instar de plusieurs r\u00e9gions, un sit-in devant le si\u00e8ge du gouvernorat de Sidi Bouzid, pour demander au pr\u00e9sident de la R\u00e9publique Ka\u00efs Sa\u00efed d\u2019\u0153uvrer \u00e0 la protection du droit au travail garanti par la constitution.<br \/>Ils r\u00e9clament, \u00e0 ce propos, la cr\u00e9ation d\u2019une caisse d\u2019assurance ch\u00f4mage.<br \/>Ze\u00efneb Dziri, l\u2019une des contestataires, a indiqu\u00e9 que la Coordination nationale en faveur d\u2019une caisse d\u2019assurance-ch\u00f4mage a pr\u00e9sent\u00e9, depuis environ deux mois, une proposition pour la cr\u00e9ation de ladite caisse dans le but de trouver une solution \u00ab radicale \u00bb au probl\u00e8me de l\u2019emploi.<br \/>Selon la m\u00eame source, ce projet de caisse devra prendre la forme d\u2019une structure ind\u00e9pendante de l\u2019Etat dirig\u00e9e par les ch\u00f4meurs eux-m\u00eames. Elle sera financ\u00e9e par des taxes impos\u00e9es aux entreprises priv\u00e9es qui b\u00e9n\u00e9ficient des avantages offerts par les programmes et m\u00e9canismes d\u2019emploi \u00e9labor\u00e9s par l\u2019Etat.<br \/>\u00ab L\u2019assurance ch\u00f4mage permettra d\u2019apaiser les tensions sociales, d\u2019assurer l\u2019\u00e9galit\u00e9 des chances dans les concours, de soutenir l\u2019entreprenariat et d\u2019offrir des formations de reconversion pour les ch\u00f4meurs de longue dur\u00e9e \u00bb, explique-t-elle.<\/p>\n<p class=\"dpsp-share-text\">Partager c&rsquo;est aimer!<\/p>\n<div class=\"wp-post-author-wrap wp-post-author-shortcode left\">\n<h3 class=\"awpa-title\"\/>\n<div class=\"wp-post-author\">\n<div class=\"awpa-img awpa-author-block square\"><a href=\"http:\/\/lexpertjournal.net\/fr\/author\/expert\/\"><img loading=\"lazy\" decoding=\"async\" alt=\"\" src=\"http:\/\/0.gravatar.com\/avatar\/c828f0b17d24309f0d01a4eac3747085?s=150&#038;d=mm&#038;r=g\" srcset=\"http:\/\/0.gravatar.com\/avatar\/c828f0b17d24309f0d01a4eac3747085?s=300&#038;d=mm&#038;r=g 2x\" class=\"avatar avatar-150 photo\" height=\"150\" width=\"150\"\/><\/a><\/div>\n<\/div>\n<\/div>\n<p>Auteur: L&rsquo;expert<br \/>\n<a href=\"http:\/\/lexpertjournal.net\/fr\/2020\/01\/13\/sidi-bouzid-sit-in-en-faveur-dune-caisse-dassurance-chomage\/\">Cliquez ici pour lire l&rsquo;article depuis sa source.<\/a><\/p>\n","protected":false},"excerpt":{"rendered":"<p>Des ch\u00f4meurs issus de la d\u00e9l\u00e9gation de Jelma (Gouvernorat de Sidi Bouzid) ont observ\u00e9, lundi, \u00e0 l\u2019instar de plusieurs r\u00e9gions, un sit-in devant le si\u00e8ge du gouvernorat de Sidi Bouzid, pour demander au pr\u00e9sident de la R\u00e9publique Ka\u00efs Sa\u00efed d\u2019\u0153uvrer \u00e0 la protection du droit au travail garanti par la constitution.Ils r\u00e9clament, \u00e0 ce propos, [&hellip;]<\/p>\n","protected":false},"author":1775,"featured_media":0,"comment_status":"closed","ping_status":"closed","sticky":false,"template":"","format":"standard","meta":{"fifu_image_url":"","fifu_image_alt":"","footnotes":""},"categories":[78,55],"tags":[],"class_list":["post-72987","post","type-post","status-publish","format-standard","hentry","category-economie","category-tunisie"],"_links":{"self":[{"href":"https:\/\/linitiative.ca\/International\/wp-json\/wp\/v2\/posts\/72987","targetHints":{"allow":["GET"]}}],"collection":[{"href":"https:\/\/linitiative.ca\/International\/wp-json\/wp\/v2\/posts"}],"about":[{"href":"https:\/\/linitiative.ca\/International\/wp-json\/wp\/v2\/types\/post"}],"author":[{"embeddable":true,"href":"https:\/\/linitiative.ca\/International\/wp-json\/wp\/v2\/users\/1775"}],"replies":[{"embeddable":true,"href":"https:\/\/linitiative.ca\/International\/wp-json\/wp\/v2\/comments?post=72987"}],"version-history":[{"count":0,"href":"https:\/\/linitiative.ca\/International\/wp-json\/wp\/v2\/posts\/72987\/revisions"}],"wp:attachment":[{"href":"https:\/\/linitiative.ca\/International\/wp-json\/wp\/v2\/media?parent=72987"}],"wp:term":[{"taxonomy":"category","embeddable":true,"href":"https:\/\/linitiative.ca\/International\/wp-json\/wp\/v2\/categories?post=72987"},{"taxonomy":"post_tag","embeddable":true,"href":"https:\/\/linitiative.ca\/International\/wp-json\/wp\/v2\/tags?post=72987"}],"curies":[{"name":"wp","href":"https:\/\/api.w.org\/{rel}","templated":true}]}}