{"id":72988,"date":"2020-01-13T14:40:09","date_gmt":"2020-01-13T19:40:09","guid":{"rendered":"https:\/\/linitiative.ca\/International\/visite-du-ministre-italien-des-ae-le-dossier-libyen-au-centre-dune-rencontre-saied-di-maio\/"},"modified":"2020-01-13T14:40:09","modified_gmt":"2020-01-13T19:40:09","slug":"visite-du-ministre-italien-des-ae-le-dossier-libyen-au-centre-dune-rencontre-saied-di-maio","status":"publish","type":"post","link":"https:\/\/linitiative.ca\/International\/visite-du-ministre-italien-des-ae-le-dossier-libyen-au-centre-dune-rencontre-saied-di-maio\/","title":{"rendered":"Visite du ministre italien des AE\u00a0: Le dossier libyen au centre d\u2019une rencontre Sa\u00efed-Di Maio"},"content":{"rendered":"<p>Le pr\u00e9sident de la R\u00e9publique Ka\u00efs Sa\u00efed a re\u00e7u, lundi, au palais de Carthage, le ministre italien des Affaires \u00e9trang\u00e8res et de la Coop\u00e9ration internationale, Luigi Di Maio, en visite officielle \u00e0 Tunis.<br \/>A cette occasion, le chef de l\u2019Etat s\u2019est f\u00e9licit\u00e9 du niveau \u00ab excellent \u00bb atteint par la coop\u00e9ration bilat\u00e9rale dans divers domaines, r\u00e9affirmant l\u2019engagement de la Tunisie \u00e0 d\u00e9velopper ce partenariat.<br \/>Cit\u00e9 dans un communiqu\u00e9 de la pr\u00e9sidence de la R\u00e9publique, Ka\u00efs Sa\u00efed a salu\u00e9 le soutien apport\u00e9 par l\u2019Italie \u00e0 la Tunisie dans son processus de transition d\u00e9mocratique.<br \/>\u00ab L\u2019Italie appuie les efforts de la Tunisie en mati\u00e8re de lutte contre le terrorisme, le crime organis\u00e9 et l\u2019\u00e9migration irr\u00e9guli\u00e8re \u00bb, a-t-il affirm\u00e9.<br \/>Sur un autre plan, le chef de l\u2019Etat a dit saluer l\u2019invitation qui lui a \u00e9t\u00e9 adress\u00e9e par le pr\u00e9sident italien Sergio Mattarella pour visiter Rome, assurant qu\u2019il se rendra en Italie dans les plus brefs d\u00e9lais.<br \/>Evoquant le dossier libyen, Ka\u00efs Sa\u00efed a r\u00e9it\u00e9r\u00e9 la position de la Tunisie en faveur d\u2019un r\u00e8glement pacifique et rapide de la crise libyenne \u00e0 travers l\u2019engagement d\u2019un dialogue inter-libyen sous les auspices des Nations unies.<br \/>\u00ab La Tunisie se f\u00e9licite de l\u2019annonce d\u2019un cessez-le-feu en Libye \u00bb, a-t-il affirm\u00e9, assurant que le pays va continuer \u00e0 jouer un r\u00f4le positif pour rapprocher les vues entre les diff\u00e9rents protagonistes libyens.<br \/>Et d\u2019ajouter ; La poursuite de la crise libyenne aura un impact n\u00e9gatif non seulement sur la r\u00e9gion enti\u00e8re mais \u00e9galement sur les int\u00e9r\u00eats des pays amis.<br \/>De son c\u00f4t\u00e9, le ministre italien des Affaires \u00e9trang\u00e8res, a mis en avant le r\u00f4le central de la Tunisie dans la r\u00e9solution de la crise libyenne, saluant l\u2019initiative du pr\u00e9sident de la R\u00e9publique de rassembler les repr\u00e9sentants des tribus et de la soci\u00e9t\u00e9 civile libyenne en Tunisie.<br \/>\u00ab Il n\u2019y aura pas de stabilit\u00e9 en Libye sans l\u2019implication des pays voisins dont la Tunisie \u00bb, a-t-il dit, soulignant la n\u00e9cessit\u00e9 d\u2019associer la Tunisie \u00e0 la conf\u00e9rence de Berlin sur la Libye.<br \/>Luigi Di Maio a soulign\u00e9 la volont\u00e9 de son pays de renforcer la coop\u00e9ration avec la Tunisie, annon\u00e7ant, \u00e0 ce propos, l\u2019\u00e9laboration de projets pour promouvoir l\u2019investissement et cr\u00e9er des postes d\u2019emploi pour les jeunes Tunisiens.<\/p>\n<p class=\"dpsp-share-text\">Partager c&rsquo;est aimer!<\/p>\n<div class=\"wp-post-author-wrap wp-post-author-shortcode left\">\n<h3 class=\"awpa-title\"\/>\n<div class=\"wp-post-author\">\n<div class=\"awpa-img awpa-author-block square\"><a href=\"http:\/\/lexpertjournal.net\/fr\/author\/expert\/\"><img loading=\"lazy\" decoding=\"async\" alt=\"\" src=\"http:\/\/0.gravatar.com\/avatar\/c828f0b17d24309f0d01a4eac3747085?s=150&#038;d=mm&#038;r=g\" srcset=\"http:\/\/0.gravatar.com\/avatar\/c828f0b17d24309f0d01a4eac3747085?s=300&#038;d=mm&#038;r=g 2x\" class=\"avatar avatar-150 photo\" height=\"150\" width=\"150\"\/><\/a><\/div>\n<\/div>\n<\/div>\n<p>Auteur: L&rsquo;expert<br \/>\n<a href=\"http:\/\/lexpertjournal.net\/fr\/2020\/01\/13\/visite-du-ministre-italien-des-ae-le-dossier-libyen-au-centre-dune-rencontre-saied-di-maio\/\">Cliquez ici pour lire l&rsquo;article depuis sa source.<\/a><\/p>\n","protected":false},"excerpt":{"rendered":"<p>Le pr\u00e9sident de la R\u00e9publique Ka\u00efs Sa\u00efed a re\u00e7u, lundi, au palais de Carthage, le ministre italien des Affaires \u00e9trang\u00e8res et de la Coop\u00e9ration internationale, Luigi Di Maio, en visite officielle \u00e0 Tunis.A cette occasion, le chef de l\u2019Etat s\u2019est f\u00e9licit\u00e9 du niveau \u00ab excellent \u00bb atteint par la coop\u00e9ration bilat\u00e9rale dans divers domaines, r\u00e9affirmant [&hellip;]<\/p>\n","protected":false},"author":1775,"featured_media":0,"comment_status":"closed","ping_status":"closed","sticky":false,"template":"","format":"standard","meta":{"fifu_image_url":"","fifu_image_alt":"","footnotes":""},"categories":[78,55],"tags":[],"class_list":["post-72988","post","type-post","status-publish","format-standard","hentry","category-economie","category-tunisie"],"_links":{"self":[{"href":"https:\/\/linitiative.ca\/International\/wp-json\/wp\/v2\/posts\/72988","targetHints":{"allow":["GET"]}}],"collection":[{"href":"https:\/\/linitiative.ca\/International\/wp-json\/wp\/v2\/posts"}],"about":[{"href":"https:\/\/linitiative.ca\/International\/wp-json\/wp\/v2\/types\/post"}],"author":[{"embeddable":true,"href":"https:\/\/linitiative.ca\/International\/wp-json\/wp\/v2\/users\/1775"}],"replies":[{"embeddable":true,"href":"https:\/\/linitiative.ca\/International\/wp-json\/wp\/v2\/comments?post=72988"}],"version-history":[{"count":0,"href":"https:\/\/linitiative.ca\/International\/wp-json\/wp\/v2\/posts\/72988\/revisions"}],"wp:attachment":[{"href":"https:\/\/linitiative.ca\/International\/wp-json\/wp\/v2\/media?parent=72988"}],"wp:term":[{"taxonomy":"category","embeddable":true,"href":"https:\/\/linitiative.ca\/International\/wp-json\/wp\/v2\/categories?post=72988"},{"taxonomy":"post_tag","embeddable":true,"href":"https:\/\/linitiative.ca\/International\/wp-json\/wp\/v2\/tags?post=72988"}],"curies":[{"name":"wp","href":"https:\/\/api.w.org\/{rel}","templated":true}]}}