{"id":72989,"date":"2020-01-13T14:42:58","date_gmt":"2020-01-13T19:42:58","guid":{"rendered":"https:\/\/linitiative.ca\/International\/ateliers-des-meubles-interieurs-une-hausse-du-chiffre-daffaires-consolide-de-1265\/"},"modified":"2020-01-13T14:42:58","modified_gmt":"2020-01-13T19:42:58","slug":"ateliers-des-meubles-interieurs-une-hausse-du-chiffre-daffaires-consolide-de-1265","status":"publish","type":"post","link":"https:\/\/linitiative.ca\/International\/ateliers-des-meubles-interieurs-une-hausse-du-chiffre-daffaires-consolide-de-1265\/","title":{"rendered":"Ateliers des meubles int\u00e9rieurs :  Une hausse du chiffre d\u2019affaires consolid\u00e9 de 12,65%"},"content":{"rendered":"<p>La Soci\u00e9t\u00e9 Atelier du Meuble Int\u00e9rieurs (SAM) a enregistr\u00e9, \u00e0 fin 2019, une hausse du chiffre d\u2019affaires consolid\u00e9 de 12,65% et du chiffre d\u2019affaires de 17,21%.<br \/>Selon un communiqu\u00e9 de la SAM, publi\u00e9 sur le site de la Bourse de Tunis, \u00ab la r\u00e9alisation tout au long de 2019 a globalement d\u00e9pass\u00e9 les pr\u00e9visions de 6%. Le niveau des commandes fermes et confirm\u00e9es au 31 d\u00e9cembre 2019 d\u00e9passe 1,5 million de dinars, le management demeure confiant quant \u00e0 la possibilit\u00e9 de continuer \u00e0 r\u00e9aliser une croissance \u00e0 deux chiffres durant 2020 \u00bb.<br \/>Le chiffre d\u2019affaires \u00e0 l\u2019export en Afrique (Libye et C\u00f4te d\u2019Ivoire) ne cesse de s\u2019am\u00e9liorer pour enregistrer une croissance significative.<br \/>Les exportations de la soci\u00e9t\u00e9 ont ainsi \u00e9volu\u00e9 de 32,047% entre les ann\u00e9es 2018 et 2019.<br \/>La SAM a fait \u00e9tat, \u00e9galement, de la croissance de sa production qui a augment\u00e9 de 22,3% durant 2019, rappelant, par ailleurs, le renouvellement du parc mobile pour avoir plus de fluidit\u00e9 au niveau de la logistique.<\/p>\n<p class=\"dpsp-share-text\">Partager c&rsquo;est aimer!<\/p>\n<div class=\"wp-post-author-wrap wp-post-author-shortcode left\">\n<h3 class=\"awpa-title\"\/>\n<div class=\"wp-post-author\">\n<div class=\"awpa-img awpa-author-block square\"><a href=\"http:\/\/lexpertjournal.net\/fr\/author\/expert\/\"><img loading=\"lazy\" decoding=\"async\" alt=\"\" src=\"http:\/\/0.gravatar.com\/avatar\/c828f0b17d24309f0d01a4eac3747085?s=150&#038;d=mm&#038;r=g\" srcset=\"http:\/\/0.gravatar.com\/avatar\/c828f0b17d24309f0d01a4eac3747085?s=300&#038;d=mm&#038;r=g 2x\" class=\"avatar avatar-150 photo\" height=\"150\" width=\"150\"\/><\/a><\/div>\n<\/div>\n<\/div>\n<p>Auteur: L&rsquo;expert<br \/>\n<a href=\"http:\/\/lexpertjournal.net\/fr\/2020\/01\/13\/ateliers-des-meubles-interieurs-une-hausse-du-chiffre-daffaires-consolide-de-1265\/\">Cliquez ici pour lire l&rsquo;article depuis sa source.<\/a><\/p>\n","protected":false},"excerpt":{"rendered":"<p>La Soci\u00e9t\u00e9 Atelier du Meuble Int\u00e9rieurs (SAM) a enregistr\u00e9, \u00e0 fin 2019, une hausse du chiffre d\u2019affaires consolid\u00e9 de 12,65% et du chiffre d\u2019affaires de 17,21%.Selon un communiqu\u00e9 de la SAM, publi\u00e9 sur le site de la Bourse de Tunis, \u00ab la r\u00e9alisation tout au long de 2019 a globalement d\u00e9pass\u00e9 les pr\u00e9visions de 6%. [&hellip;]<\/p>\n","protected":false},"author":1775,"featured_media":0,"comment_status":"closed","ping_status":"closed","sticky":false,"template":"","format":"standard","meta":{"fifu_image_url":"","fifu_image_alt":"","footnotes":""},"categories":[78,55],"tags":[],"class_list":["post-72989","post","type-post","status-publish","format-standard","hentry","category-economie","category-tunisie"],"_links":{"self":[{"href":"https:\/\/linitiative.ca\/International\/wp-json\/wp\/v2\/posts\/72989","targetHints":{"allow":["GET"]}}],"collection":[{"href":"https:\/\/linitiative.ca\/International\/wp-json\/wp\/v2\/posts"}],"about":[{"href":"https:\/\/linitiative.ca\/International\/wp-json\/wp\/v2\/types\/post"}],"author":[{"embeddable":true,"href":"https:\/\/linitiative.ca\/International\/wp-json\/wp\/v2\/users\/1775"}],"replies":[{"embeddable":true,"href":"https:\/\/linitiative.ca\/International\/wp-json\/wp\/v2\/comments?post=72989"}],"version-history":[{"count":0,"href":"https:\/\/linitiative.ca\/International\/wp-json\/wp\/v2\/posts\/72989\/revisions"}],"wp:attachment":[{"href":"https:\/\/linitiative.ca\/International\/wp-json\/wp\/v2\/media?parent=72989"}],"wp:term":[{"taxonomy":"category","embeddable":true,"href":"https:\/\/linitiative.ca\/International\/wp-json\/wp\/v2\/categories?post=72989"},{"taxonomy":"post_tag","embeddable":true,"href":"https:\/\/linitiative.ca\/International\/wp-json\/wp\/v2\/tags?post=72989"}],"curies":[{"name":"wp","href":"https:\/\/api.w.org\/{rel}","templated":true}]}}