{"id":72990,"date":"2020-01-13T14:44:57","date_gmt":"2020-01-13T19:44:57","guid":{"rendered":"https:\/\/linitiative.ca\/International\/monastir-un-deces-par-la-grippe-a-h1n1-et-un-cas-suspect\/"},"modified":"2020-01-13T14:44:57","modified_gmt":"2020-01-13T19:44:57","slug":"monastir-un-deces-par-la-grippe-a-h1n1-et-un-cas-suspect","status":"publish","type":"post","link":"https:\/\/linitiative.ca\/International\/monastir-un-deces-par-la-grippe-a-h1n1-et-un-cas-suspect\/","title":{"rendered":"Monastir :  Un d\u00e9c\u00e8s par la grippe A H1N1 et un cas suspect"},"content":{"rendered":"<p>Un d\u00e9c\u00e8s caus\u00e9 par la grippe A (H1N1) vient d\u2019\u00eatre enregistr\u00e9, \u00e0 l\u2019h\u00f4pital r\u00e9gional Fattouma Bourguiba \u00e0 Monastir, un deuxi\u00e8me cas est jug\u00e9 suspect en attendant les r\u00e9sultats de l\u2019analyse, fait savoir, lundi, le directeur r\u00e9gional \u00e0 la sant\u00e9, Moncef Houani.<br \/>Dans le premier cas, il s\u2019agit d\u2019un jeune \u00e2g\u00e9 de 35 ans, originaire de Teboulba, d\u00e9c\u00e9d\u00e9 \u00e0 l\u2019h\u00f4pital le 6 janvier. Les analyses effectu\u00e9es apr\u00e8s le d\u00e9c\u00e8s ont confirm\u00e9 la cause de la mort due au virus A\/H1N1.<br \/>Apr\u00e8s la d\u00e9gradation de son \u00e9tat de sant\u00e9, le malade avait \u00e9t\u00e9 transf\u00e9r\u00e9 de l\u2019h\u00f4pital local de Teboulba, vers l\u2019h\u00f4pital de Monastir o\u00f9 il est d\u00e9c\u00e9d\u00e9, pr\u00e9cise la m\u00eame source.<\/p>\n<p class=\"dpsp-share-text\">Partager c&rsquo;est aimer!<\/p>\n<div class=\"wp-post-author-wrap wp-post-author-shortcode left\">\n<h3 class=\"awpa-title\"\/>\n<div class=\"wp-post-author\">\n<div class=\"awpa-img awpa-author-block square\"><a href=\"http:\/\/lexpertjournal.net\/fr\/author\/expert\/\"><img loading=\"lazy\" decoding=\"async\" alt=\"\" src=\"http:\/\/0.gravatar.com\/avatar\/c828f0b17d24309f0d01a4eac3747085?s=150&#038;d=mm&#038;r=g\" srcset=\"http:\/\/0.gravatar.com\/avatar\/c828f0b17d24309f0d01a4eac3747085?s=300&#038;d=mm&#038;r=g 2x\" class=\"avatar avatar-150 photo\" height=\"150\" width=\"150\"\/><\/a><\/div>\n<\/div>\n<\/div>\n<p>Auteur: L&rsquo;expert<br \/>\n<a href=\"http:\/\/lexpertjournal.net\/fr\/2020\/01\/13\/monastir-un-deces-par-la-grippe-a-h1n1-et-un-cas-suspect\/\">Cliquez ici pour lire l&rsquo;article depuis sa source.<\/a><\/p>\n","protected":false},"excerpt":{"rendered":"<p>Un d\u00e9c\u00e8s caus\u00e9 par la grippe A (H1N1) vient d\u2019\u00eatre enregistr\u00e9, \u00e0 l\u2019h\u00f4pital r\u00e9gional Fattouma Bourguiba \u00e0 Monastir, un deuxi\u00e8me cas est jug\u00e9 suspect en attendant les r\u00e9sultats de l\u2019analyse, fait savoir, lundi, le directeur r\u00e9gional \u00e0 la sant\u00e9, Moncef Houani.Dans le premier cas, il s\u2019agit d\u2019un jeune \u00e2g\u00e9 de 35 ans, originaire de Teboulba, [&hellip;]<\/p>\n","protected":false},"author":1775,"featured_media":0,"comment_status":"closed","ping_status":"closed","sticky":false,"template":"","format":"standard","meta":{"fifu_image_url":"","fifu_image_alt":"","footnotes":""},"categories":[78,55],"tags":[],"class_list":["post-72990","post","type-post","status-publish","format-standard","hentry","category-economie","category-tunisie"],"_links":{"self":[{"href":"https:\/\/linitiative.ca\/International\/wp-json\/wp\/v2\/posts\/72990","targetHints":{"allow":["GET"]}}],"collection":[{"href":"https:\/\/linitiative.ca\/International\/wp-json\/wp\/v2\/posts"}],"about":[{"href":"https:\/\/linitiative.ca\/International\/wp-json\/wp\/v2\/types\/post"}],"author":[{"embeddable":true,"href":"https:\/\/linitiative.ca\/International\/wp-json\/wp\/v2\/users\/1775"}],"replies":[{"embeddable":true,"href":"https:\/\/linitiative.ca\/International\/wp-json\/wp\/v2\/comments?post=72990"}],"version-history":[{"count":0,"href":"https:\/\/linitiative.ca\/International\/wp-json\/wp\/v2\/posts\/72990\/revisions"}],"wp:attachment":[{"href":"https:\/\/linitiative.ca\/International\/wp-json\/wp\/v2\/media?parent=72990"}],"wp:term":[{"taxonomy":"category","embeddable":true,"href":"https:\/\/linitiative.ca\/International\/wp-json\/wp\/v2\/categories?post=72990"},{"taxonomy":"post_tag","embeddable":true,"href":"https:\/\/linitiative.ca\/International\/wp-json\/wp\/v2\/tags?post=72990"}],"curies":[{"name":"wp","href":"https:\/\/api.w.org\/{rel}","templated":true}]}}