{"id":72991,"date":"2020-01-14T13:04:12","date_gmt":"2020-01-14T18:04:12","guid":{"rendered":"https:\/\/linitiative.ca\/International\/deux-algeriens-parmi-les-laureats-du-prix-sharjah-de-la-creativite-arabe\/"},"modified":"2020-01-14T13:04:12","modified_gmt":"2020-01-14T18:04:12","slug":"deux-algeriens-parmi-les-laureats-du-prix-sharjah-de-la-creativite-arabe","status":"publish","type":"post","link":"https:\/\/linitiative.ca\/International\/deux-algeriens-parmi-les-laureats-du-prix-sharjah-de-la-creativite-arabe\/","title":{"rendered":"Deux Alg\u00e9riens parmi les laur\u00e9ats du Prix Sharjah de la cr\u00e9ativit\u00e9 arabe"},"content":{"rendered":"<p><span class=\"sp-nh-title\">M\u2019sila : l\u2019ancien directeur de la culture plac\u00e9 en d\u00e9tention provisoire<\/span> &#8211; <span class=\"sp-nh-date\">mardi 14 janvier 2020 18:51<\/span><\/p>\n<p><span class=\"sp-nh-title\">L&rsquo;ex-pr\u00e9sident de l&rsquo;ES S\u00e9tif, Hassan Hammar condamn\u00e9 \u00e0 3 ans de prison ferme<\/span> &#8211; <span class=\"sp-nh-date\">mardi 14 janvier 2020 18:38<\/span><\/p>\n<p><span class=\"sp-nh-title\">Alger: plus de 1,5 milliards DA de marchandises non factur\u00e9es sur le march\u00e9 en 2019<\/span> &#8211; <span class=\"sp-nh-date\">mardi 14 janvier 2020 18:06<\/span><\/p>\n<p><span class=\"sp-nh-title\">Sa\u00efd Chanegriha supervise \u00e0 In Amenas un exercice d\u00e9monstratif avec munitions r\u00e9elles<\/span> &#8211; <span class=\"sp-nh-date\">mardi 14 janvier 2020 17:22<\/span><\/p>\n<p><span class=\"sp-nh-title\">R\u00e9vision de la Constitution : le Pr\u00e9sident Tebboune a accord\u00e9 la libert\u00e9 d&rsquo;appr\u00e9ciation au comit\u00e9 d&rsquo;experts<\/span> &#8211; <span class=\"sp-nh-date\">mardi 14 janvier 2020 17:04<\/span><\/p>\n<p><span class=\"sp-nh-title\">L&rsquo;Organisation du Croissant-Rouge et de la Croix-Rouge arabes salue la signature de la convention de partenariat entre le CRA et son homologue libyen<\/span> &#8211; <span class=\"sp-nh-date\">mardi 14 janvier 2020 16:58<\/span><\/p>\n<p><span class=\"sp-nh-title\">Mohamed Louber install\u00e9 dans ses fonctions de pr\u00e9sident de l&rsquo;ARAV<\/span> &#8211; <span class=\"sp-nh-date\">mardi 14 janvier 2020 16:38<\/span><\/p>\n<p><span class=\"sp-nh-title\">Le Croissant-Rouge libyen adresse ses remerciements au Pr\u00e9sident Tebboune<\/span> &#8211; <span class=\"sp-nh-date\">mardi 14 janvier 2020 15:45<\/span><\/p>\n<p><span class=\"sp-nh-title\">Omari salue la r\u00e9vision du syst\u00e8me de distribution d\u2019aliments de b\u00e9tail<\/span> &#8211; <span class=\"sp-nh-date\">mardi 14 janvier 2020 15:14<\/span><\/p>\n<p><span class=\"sp-nh-title\">Education: v\u00e9rification des informations des candidats aux examens nationaux du 15 au 30 janvier<\/span> &#8211; <span class=\"sp-nh-date\">mardi 14 janvier 2020 15:05<\/span><\/p>\n<p><span class=\"sp-nh-title\">Le Pr\u00e9sident de la R\u00e9publique re\u00e7oit le pr\u00e9sident du parti Jil Jadid<\/span> &#8211; <span class=\"sp-nh-date\">mardi 14 janvier 2020 14:41<\/span><\/p>\n<p><span class=\"sp-nh-title\">R\u00e9vision de la Constitution: Installation du comit\u00e9 d&rsquo;experts charg\u00e9 de l&rsquo;\u00e9laboration de propositions<\/span> &#8211; <span class=\"sp-nh-date\">mardi 14 janvier 2020 14:14<\/span><\/p>\n<p><span class=\"sp-nh-title\">WSIS Project Prizes 2020: appel \u00e0 soutenir le projet de l&rsquo;ing\u00e9nieur d&rsquo;AT<\/span> &#8211; <span class=\"sp-nh-date\">mardi 14 janvier 2020 14:06<\/span><\/p>\n<p><span class=\"sp-nh-title\">Salon de l&#8217;emploi: les organisateurs pr\u00e9voient une offre de 3.000 postes d&#8217;emploi<\/span> &#8211; <span class=\"sp-nh-date\">mardi 14 janvier 2020 13:43<\/span><\/p>\n<p><span class=\"sp-nh-title\">Ligue 1 &#8211; Mercato d&rsquo;hiver: la JS Kabylie, premier club \u00e0 boucler son recrutement<\/span> &#8211; <span class=\"sp-nh-date\">mardi 14 janvier 2020 13:20<\/span><\/p>\n<p><span class=\"sp-nh-title\">P\u00eache: am\u00e9lioration de l&#8217;emploi et de la flotte en 2018<\/span> &#8211; <span class=\"sp-nh-date\">mardi 14 janvier 2020 13:12<\/span><\/p>\n<p><span class=\"sp-nh-title\">Conditions m\u00e9t\u00e9orologiques: interruption de l&rsquo;exploitation de plusieurs a\u00e9roports \u00e0 l&rsquo;est du pays<\/span> &#8211; <span class=\"sp-nh-date\">mardi 14 janvier 2020 13:06<\/span><\/p>\n<p><span class=\"sp-nh-title\">P\u00eache: poursuite de la tendance haussi\u00e8re de la production en 2018<\/span> &#8211; <span class=\"sp-nh-date\">mardi 14 janvier 2020 12:59<\/span><\/p>\n<p><span class=\"sp-nh-title\">Sonelgaz: Boulakhras pr\u00f4ne un partenariat m\u00e9diterran\u00e9en fort pour investir en Afrique<\/span> &#8211; <span class=\"sp-nh-date\">mardi 14 janvier 2020 11:55<\/span><\/p>\n<p><span class=\"sp-nh-title\">Oran: \u00e9chouage d&rsquo;un dauphin oc\u00e9anique \u00e0 Cap Blanc<\/span> &#8211; <span class=\"sp-nh-date\">mardi 14 janvier 2020 11:37<\/span><\/p>\n<p>Auteur:<br \/>\n<a href=\"http:\/\/www.aps.dz\/culture\/100106-deux-algeriens-parmi-les-laureats-du-prix-sharjah-de-la-creativite-arabe\">Cliquez ici pour lire l&rsquo;article depuis sa source.<\/a><\/p>\n","protected":false},"excerpt":{"rendered":"<p>M\u2019sila : l\u2019ancien directeur de la culture plac\u00e9 en d\u00e9tention provisoire &#8211; mardi 14 janvier 2020 18:51 L&rsquo;ex-pr\u00e9sident de l&rsquo;ES S\u00e9tif, Hassan Hammar condamn\u00e9 \u00e0 3 ans de prison ferme &#8211; mardi 14 janvier 2020 18:38 Alger: plus de 1,5 milliards DA de marchandises non factur\u00e9es sur le march\u00e9 en 2019 &#8211; mardi 14 janvier [&hellip;]<\/p>\n","protected":false},"author":1790,"featured_media":0,"comment_status":"closed","ping_status":"closed","sticky":false,"template":"","format":"standard","meta":{"fifu_image_url":"","fifu_image_alt":"","footnotes":""},"categories":[53,79],"tags":[],"class_list":["post-72991","post","type-post","status-publish","format-standard","hentry","category-algerie","category-culture"],"_links":{"self":[{"href":"https:\/\/linitiative.ca\/International\/wp-json\/wp\/v2\/posts\/72991","targetHints":{"allow":["GET"]}}],"collection":[{"href":"https:\/\/linitiative.ca\/International\/wp-json\/wp\/v2\/posts"}],"about":[{"href":"https:\/\/linitiative.ca\/International\/wp-json\/wp\/v2\/types\/post"}],"author":[{"embeddable":true,"href":"https:\/\/linitiative.ca\/International\/wp-json\/wp\/v2\/users\/1790"}],"replies":[{"embeddable":true,"href":"https:\/\/linitiative.ca\/International\/wp-json\/wp\/v2\/comments?post=72991"}],"version-history":[{"count":0,"href":"https:\/\/linitiative.ca\/International\/wp-json\/wp\/v2\/posts\/72991\/revisions"}],"wp:attachment":[{"href":"https:\/\/linitiative.ca\/International\/wp-json\/wp\/v2\/media?parent=72991"}],"wp:term":[{"taxonomy":"category","embeddable":true,"href":"https:\/\/linitiative.ca\/International\/wp-json\/wp\/v2\/categories?post=72991"},{"taxonomy":"post_tag","embeddable":true,"href":"https:\/\/linitiative.ca\/International\/wp-json\/wp\/v2\/tags?post=72991"}],"curies":[{"name":"wp","href":"https:\/\/api.w.org\/{rel}","templated":true}]}}