{"id":72996,"date":"2020-01-14T11:02:00","date_gmt":"2020-01-14T16:02:00","guid":{"rendered":"https:\/\/linitiative.ca\/International\/le-pad-rejette-un-nouveau-coup-de-force-du-systeme\/"},"modified":"2020-01-14T11:02:00","modified_gmt":"2020-01-14T16:02:00","slug":"le-pad-rejette-un-nouveau-coup-de-force-du-systeme","status":"publish","type":"post","link":"https:\/\/linitiative.ca\/International\/le-pad-rejette-un-nouveau-coup-de-force-du-systeme\/","title":{"rendered":"Le PAD rejette un \u00ab nouveau coup de force du syst\u00e8me \u00bb"},"content":{"rendered":"<div id=\"originalText\" readability=\"70\">\n<p>Les forces du pacte de l\u2019alternative d\u00e9mocratique (PAD) ont d\u00e9nonc\u00e9, ce mardi, l\u2019installation de la commission d\u2019experts d\u00e9sign\u00e9s pour pr\u00e9parer \u00ab\u00a0une \u00e9ni\u00e8me r\u00e9vision constitutionnelle \u00bb, ainsi que les \u00ab\u00a0consultations\u00a0\u00bb entam\u00e9es par le pouvoir en place, \u00ab\u00a0pour l\u00e9gitimer sa feuille de route\u00a0\u00bb.<\/p>\n<p>Dans un communiqu\u00e9 rendu public cet apr\u00e8s-midi, le PAD consid\u00e8re que cette d\u00e9cision \u00ab\u00a0lourde de sens\u00a0\u00bb, s\u2019inscrit \u00ab\u00a0en droite ligne des man\u0153uvres visant \u00e0 organiser le sauvetage du syst\u00e8me rejet\u00e9 par l&rsquo;immense majorit\u00e9 qui r\u00e9clame\u00a0son d\u00e9part sans discontinuit\u00e9 depuis 11 mois\u00a0\u00bb.<br \/>\u00a0<\/p>\n<p>Ainsi, les forces du PAD qui se disent \u00ab\u00a0attach\u00e9es \u00e0 la mise en place d\u2019un processus constituant souverain\u00a0\u00bb, rejettent \u00ab\u00a0ce nouveau coup de force du syst\u00e8me\u00a0\u00bb. \u00a0Elles exigent que \u00ab\u00a0soit entendue la revendication l\u00e9gitime de souverainet\u00e9 populaire pleine et enti\u00e8re exprim\u00e9e avec force depuis 47 semaines par des millions d\u2019Alg\u00e9riennes et d\u2019Alg\u00e9riens\u00a0\u00bb.<\/p>\n<p>En outre, elles exigent que \u00ab\u00a0prennent fin sans d\u00e9lai toutes les pratiques antid\u00e9mocratiques du r\u00e9gime\u00a0\u00bb, entre autres \u00ab\u00a0que cesse la r\u00e9pression, que soient lib\u00e9r\u00e9s (es) et r\u00e9habilit\u00e9s (es) tous les d\u00e9tenus politiques et d\u2019opinion\u00a0\u00bb, et qu\u2019\u00ab\u00a0il soit mis fin au dispositif r\u00e9pressif en place, que cesse le harc\u00e8lement judiciaire et que soit lib\u00e9r\u00e9 le champ politique et m\u00e9diatique\u00a0\u00bb.<\/p>\n<p>\u00ab\u00a0Le pouvoir constituant doit revenir au peuple qui l&rsquo;exerce \u00e0 travers les instruments d\u00e9mocratiques dont il se dotera souverainement\u00a0\u00bb, a estim\u00e9 le PAD tout en r\u00e9affirmant son \u00ab\u00a0engagement au sein de la r\u00e9volution pacifique\u00a0\u00bb, et qu\u2019il demeure \u00abmobilis\u00e9 pour la r\u00e9alisation de ses objectifs\u00a0\u00bb.<\/p>\n<p class=\"c6\"><strong>Sihem Benmalek<\/strong><\/p>\n<\/div>\n<div id=\"text_core\" readability=\"70\">\n<p>Les forces du pacte de l\u2019alternative d\u00e9mocratique (PAD) ont d\u00e9nonc\u00e9, ce mardi, l\u2019installation de la commission d\u2019experts d\u00e9sign\u00e9s pour pr\u00e9parer \u00ab\u00a0une \u00e9ni\u00e8me r\u00e9vision constitutionnelle \u00bb, ainsi que les \u00ab\u00a0consultations\u00a0\u00bb entam\u00e9es par le pouvoir en place, \u00ab\u00a0pour l\u00e9gitimer sa feuille de route\u00a0\u00bb.<\/p>\n<p>Dans un communiqu\u00e9 rendu public cet apr\u00e8s-midi, le PAD consid\u00e8re que cette d\u00e9cision \u00ab\u00a0lourde de sens\u00a0\u00bb, s\u2019inscrit \u00ab\u00a0en droite ligne des man\u0153uvres visant \u00e0 organiser le sauvetage du syst\u00e8me rejet\u00e9 par l&rsquo;immense majorit\u00e9 qui r\u00e9clame\u00a0son d\u00e9part sans discontinuit\u00e9 depuis 11 mois\u00a0\u00bb.<br \/>\u00a0<\/p>\n<p>Ainsi, les forces du PAD qui se disent \u00ab\u00a0attach\u00e9es \u00e0 la mise en place d\u2019un processus constituant souverain\u00a0\u00bb, rejettent \u00ab\u00a0ce nouveau coup de force du syst\u00e8me\u00a0\u00bb. \u00a0Elles exigent que \u00ab\u00a0soit entendue la revendication l\u00e9gitime de souverainet\u00e9 populaire pleine et enti\u00e8re exprim\u00e9e avec force depuis 47 semaines par des millions d\u2019Alg\u00e9riennes et d\u2019Alg\u00e9riens\u00a0\u00bb.<\/p>\n<p>En outre, elles exigent que \u00ab\u00a0prennent fin sans d\u00e9lai toutes les pratiques antid\u00e9mocratiques du r\u00e9gime\u00a0\u00bb, entre autres \u00ab\u00a0que cesse la r\u00e9pression, que soient lib\u00e9r\u00e9s (es) et r\u00e9habilit\u00e9s (es) tous les d\u00e9tenus politiques et d\u2019opinion\u00a0\u00bb, et qu\u2019\u00ab\u00a0il soit mis fin au dispositif r\u00e9pressif en place, que cesse le harc\u00e8lement judiciaire et que soit lib\u00e9r\u00e9 le champ politique et m\u00e9diatique\u00a0\u00bb.<\/p>\n<p>\u00ab\u00a0Le pouvoir constituant doit revenir au peuple qui l&rsquo;exerce \u00e0 travers les instruments d\u00e9mocratiques dont il se dotera souverainement\u00a0\u00bb, a estim\u00e9 le PAD tout en r\u00e9affirmant son \u00ab\u00a0engagement au sein de la r\u00e9volution pacifique\u00a0\u00bb, et qu\u2019il demeure \u00abmobilis\u00e9 pour la r\u00e9alisation de ses objectifs\u00a0\u00bb.<\/p>\n<p class=\"c6\"><strong>Sihem Benmalek<\/strong><\/p>\n<\/div>\n<p>Auteur:<br \/>\n<a href=\"https:\/\/www.liberte-algerie.com\/actualite\/le-pad-rejette-un-nouveau-coup-de-force-du-systeme-331928\">Cliquez ici pour lire l&rsquo;article depuis sa source.<\/a><\/p>\n","protected":false},"excerpt":{"rendered":"<p>Les forces du pacte de l\u2019alternative d\u00e9mocratique (PAD) ont d\u00e9nonc\u00e9, ce mardi, l\u2019installation de la commission d\u2019experts d\u00e9sign\u00e9s pour pr\u00e9parer \u00ab\u00a0une \u00e9ni\u00e8me r\u00e9vision constitutionnelle \u00bb, ainsi que les \u00ab\u00a0consultations\u00a0\u00bb entam\u00e9es par le pouvoir en place, \u00ab\u00a0pour l\u00e9gitimer sa feuille de route\u00a0\u00bb. Dans un communiqu\u00e9 rendu public cet apr\u00e8s-midi, le PAD consid\u00e8re que cette d\u00e9cision \u00ab\u00a0lourde [&hellip;]<\/p>\n","protected":false},"author":1742,"featured_media":0,"comment_status":"closed","ping_status":"closed","sticky":false,"template":"","format":"standard","meta":{"fifu_image_url":"","fifu_image_alt":"","footnotes":""},"categories":[73,53],"tags":[],"class_list":["post-72996","post","type-post","status-publish","format-standard","hentry","category-actualite","category-algerie"],"_links":{"self":[{"href":"https:\/\/linitiative.ca\/International\/wp-json\/wp\/v2\/posts\/72996","targetHints":{"allow":["GET"]}}],"collection":[{"href":"https:\/\/linitiative.ca\/International\/wp-json\/wp\/v2\/posts"}],"about":[{"href":"https:\/\/linitiative.ca\/International\/wp-json\/wp\/v2\/types\/post"}],"author":[{"embeddable":true,"href":"https:\/\/linitiative.ca\/International\/wp-json\/wp\/v2\/users\/1742"}],"replies":[{"embeddable":true,"href":"https:\/\/linitiative.ca\/International\/wp-json\/wp\/v2\/comments?post=72996"}],"version-history":[{"count":0,"href":"https:\/\/linitiative.ca\/International\/wp-json\/wp\/v2\/posts\/72996\/revisions"}],"wp:attachment":[{"href":"https:\/\/linitiative.ca\/International\/wp-json\/wp\/v2\/media?parent=72996"}],"wp:term":[{"taxonomy":"category","embeddable":true,"href":"https:\/\/linitiative.ca\/International\/wp-json\/wp\/v2\/categories?post=72996"},{"taxonomy":"post_tag","embeddable":true,"href":"https:\/\/linitiative.ca\/International\/wp-json\/wp\/v2\/tags?post=72996"}],"curies":[{"name":"wp","href":"https:\/\/api.w.org\/{rel}","templated":true}]}}