{"id":72999,"date":"2020-01-14T06:50:13","date_gmt":"2020-01-14T11:50:13","guid":{"rendered":"https:\/\/linitiative.ca\/International\/zina-ya-arbiya-de-hamid-bouchnak-un-bel-hommage-a-la-femme\/"},"modified":"2020-01-14T06:50:13","modified_gmt":"2020-01-14T11:50:13","slug":"zina-ya-arbiya-de-hamid-bouchnak-un-bel-hommage-a-la-femme","status":"publish","type":"post","link":"https:\/\/linitiative.ca\/International\/zina-ya-arbiya-de-hamid-bouchnak-un-bel-hommage-a-la-femme\/","title":{"rendered":"\u00ab\u00a0Zina Ya Arbiya\u00a0\u00bb de Hamid Bouchnak, un bel hommage \u00e0 la femme"},"content":{"rendered":"<p>A travers cette chanson, d\u2019une dur\u00e9e de 03mn45, o\u00f9 rythmes et sonorit\u00e9s \u00ab\u00a0africaines\u00a0\u00bb et \u00ab\u00a0andalouses\u00a0\u00bb s\u2019interf\u00e8rent et s\u2019entrem\u00ealent en toute subtilit\u00e9 et d\u00e9licatesse, Hamid Bouchnak chante l\u2019amour et l\u2019espoir, en veillant soigneusement \u00e0 rendre un vibrant hommage \u00e0 la gent f\u00e9minine.<\/p>\n<p>Il s\u2019agit, \u00e0 ses yeux, d\u2019un sujet intemporel sur une musique, certes, moderne et captivante mais aux influences multiples qui rappellent le caract\u00e8re \u00ab\u00a0afro-andalou cosmopolite\u00a0\u00bb.<\/p>\n<p>Autrement, \u00ab\u00a0Zina Ya Arbiya\u00a0\u00bb se veut indiscutablement \u00ab\u00a0un tempo afro-Ra\u00ef\u00a0\u00bb habill\u00e9 d\u2019une m\u00e9lodie et d\u2019un chant gharnati, un style que cette grande star de la musique moderne a r\u00e9alis\u00e9 pour rendre son style et son univers, un espace o\u00f9 s\u2019entrecroisent rythmes \u00ab\u00a0africain\u00a0\u00bb, \u00ab\u00a0rai\u00a0\u00bb et \u00ab\u00a0gharnati\u00a0\u00bb si ce n\u2019est toute la musique dans son universalit\u00e9 la plus absolue.<\/p>\n<p>Sur le chemin menant \u00e0 ce single, Hamid Bouchnak d\u00e9cide donc de tourner le Clip \u00e0 Oujda, sa ville natale en confiant la r\u00e9alisation de cet opus artistique riche en couleurs, \u00e0 Mohamed Hmimssa, alors que Ilyass Yahyaoui s\u2019est occup\u00e9 du montage. Quant au tournage, il a \u00e9t\u00e9 assur\u00e9 par le Cameraman, Mohamed Quoninich.<\/p>\n<p>Avec ce nouveau single, dont la composition et l\u2019arrangement sont sign\u00e9s Hamid Bouchnak, et les paroles de Hamid Bouchnak et Sa\u00efd Barka, cette ic\u00f4ne de la chanson 100% jeunes, continue de cr\u00e9er et de produire davantage de musique si raffin\u00e9e et r\u00e9pondant \u00e0 tous les go\u00fbts.<\/p>\n<p>L\u2019artiste s\u2019est fait ainsi une belle et riche carri\u00e8re en faisant appel \u00e0 chaque fois aux rythmes et sonorit\u00e9s les plus hallucinantes et combien m\u00eame, amplement mari\u00e9es \u00e0 des musiques universelles.<\/p>\n<p>Approch\u00e9 par la MAP, Hamid Bouchnak a dit toute sa joie et sa fiert\u00e9 de cette performance artistique si singuli\u00e8re de par les sonorit\u00e9s et rythmes \u00ab\u00a0africains\u00a0\u00bb et \u00ab\u00a0gharnatis\u00a0\u00bb qui s\u2019imbriquent en toute symbiose et en toute beaut\u00e9.<\/p>\n<p>\u00ab\u00a0C\u2019\u00e9tait pour moi un r\u00eave de fusionner la musique africaine avec le gharnati qui se veut un style tr\u00e8s raffin\u00e9 et je suis tellement heureux de cette exp\u00e9rience\u00a0\u00bb, a-t-il dit, notant que les fr\u00e8res Bouchnak qui ont \u00e9volu\u00e9 dans un environnement \u00ab\u00a0musical\u00a0\u00bb et \u00ab\u00a0fusionn\u00e9\u00a0\u00bb, \u00e9taient l\u2019un des premiers groupes musicaux au Maroc \u00e0 r\u00e9aliser des fusions musicales captivantes.<\/p>\n<p>Sur le choix de la ville d\u2019Oujda pour tourner le clip de ce single, il a fait savoir qu\u2019il \u00e9mane du fait que sa ville natale est consid\u00e9r\u00e9e comme la capitale de la culture arabe et qu\u2019il est donc l\u00e9gitime d\u2019y tourner son Clip vid\u00e9o pour la premi\u00e8re fois de toute sa carri\u00e8re riche d\u2019une quarantaine d\u2019ann\u00e9es d\u2019exp\u00e9rience.<\/p>\n<p>\u00ab\u00a0J\u2019ai travaill\u00e9 avec des jeunes et des associations oujdis en leur offrant cette opportunit\u00e9. Mon objectif est de cr\u00e9er entre eux cette belle synergie et surtout, de mettre en relief la richesse et la diversit\u00e9 de la ville d\u2019Oujda et tout l\u2019effort qui a \u00e9t\u00e9 d\u00e9ploy\u00e9 en vue de promouvoir et enrichir la sc\u00e8ne culturelle et artistique\u00a0\u00bb, a-t-il relev\u00e9.<\/p>\n<p>Il a r\u00e9it\u00e9r\u00e9 sa fiert\u00e9 d\u2019\u00eatre un artiste \u00ab\u00a0africain du nord\u00a0\u00bb, notant qu\u2019il est donc tout \u00e0 fait normal que sa musique comporte ces rythmes africains, avec des influences d\u2019une musique universelle.<\/p>\n<p>Au sein du groupe \u00ab\u00a0Fr\u00e8res Bouchnak\u00a0\u00bb, l\u2019une des r\u00e9ussites les plus \u00e9videntes est celle de Hamid, qui chantait avec ses fr\u00e8res \u00e0 l\u2019\u00e2ge de 13 ans. Le dou\u00e9 benjamin, signataire des plus importants titres de la formation et voix lead de la bande, s\u2019\u00e9tait d\u00e9j\u00e0 distingu\u00e9 par quelque escapades en solitaire.<\/p>\n<p>Toutefois, c\u2019est par le biais d\u2019albums comme \u00ab\u00a0Morrocan\u2019Rock\u00a0\u00bb (1995), et surtout \u00ab\u00a0A Chebba\u00a0\u00bb (1997) qui avait n\u00e9cessit\u00e9 plus de 4 mois de travail dans son studio \u00e0 Lille (France), que Hamid \u00e0 pu imposer son nom. Au passage, Hamid a rafl\u00e9 le Prix de la meilleure chanson francophone d\u00e9livr\u00e9 par MCM pour l\u2019interpr\u00e9tation du titre \u00ab\u00a0Ma bka lina amal\u00a0\u00bb (il ne nous reste plus d\u2019espoir), en duo avec son ami Malek.<\/p>\n<p>En 1998, Hamid s\u2019est illustr\u00e9 par un air appel\u00e9 \u00e0 faire le tour des stades puisque \u00ab\u00a0Allez allez\u00a0\u00bb a \u00e9t\u00e9 compos\u00e9 en hommage \u00e0 l\u2019\u00e9quipe nationale qui en est \u00e0 son quatri\u00e8me mondial.<\/p>\n<p>Apr\u00e8s une absence de trois ans, Hamid signait son retour fracassant avec la chanson \u00ab\u00a0Moussem\u00a0\u00bb, un album r\u00e9ussi et bien abouti, lanc\u00e9 \u00e0 partir de Marrakech en 2004. Les ann\u00e9es de succ\u00e8s vont se poursuivre avec en d\u00e9but 2007, la r\u00e9alisation en duo \u00ab\u00a0historique\u00a0\u00bb avec El Hejja El Hamdaouiya du titre \u00ab\u00a0Al Kass Hlou\u00a0\u00bb qui a connu un succ\u00e8s fulgurant, suivi en mai 2008, de la sortie du 10\u00e8 Album qu\u2019il appelait tout simplement \u00ab\u00a0Hamid\u00a0\u00bb.<\/p>\n<p>Apr\u00e8s une ann\u00e9e 2009 riche en tourn\u00e9es europ\u00e9ennes et participations aux festivals marocains \u00e0 l\u2019instar du Festival Mawazine, Hamid Bouchenak va travailler dur, un effort sold\u00e9 par la sortie d\u00e9but 2010 de son album \u00ab\u00a0Best of\u00a0\u00bb regroupant ses meilleurs titres.<\/p>\n<p>Les succ\u00e8s vont se poursuivre permettant, d\u00e8s 2012, \u00e0 Hamid Bouchnak d\u2019entamer sa tourn\u00e9e canadienne. En d\u00e9but 2013, le chanteur regagne le Maroc pour s\u2019y installer d\u00e9finitivement.<\/p>\n<p>En 2014, il ouvre son propre studio dans la cit\u00e9 ocre, occasion d\u2019apporter son exp\u00e9rience dans le domaine artistique et musical, en composant et arrangeant les musiques.<\/p>\n<p>En 2016, Hamid Bouchnak s\u2019est vu attribuer le Troph\u00e9e du prix \u00ab\u00a0world music\u00a0\u00bb et ce, lors de la 6\u00e8 \u00e9dition du Festival international des arts et de la culture \u00ab\u00a0Et\u00e9 des Oudayas\u00a0\u00bb. Courant la m\u00eame ann\u00e9e et au nom de l\u2019unit\u00e9 africaine, Hamid rencontre son ami Tr\u00e9vy F\u00e9lix pour lancer ensemble la chanson \u00ab\u00a0Ifriqia Mama Africa\u00a0\u00bb, un opus de style Reggae-Rai destin\u00e9 \u00e0 un large public international.<\/p>\n<p>Vingt ans apr\u00e8s le grand succ\u00e8s \u00ab\u00a0Allez- Allez\u00a0\u00bb compos\u00e9 en hommage \u00e0 la S\u00e9lection nationale pour sa participation \u00e0 la Coupe du Monde de 1998, Hamid Bouchnak r\u00e9cidive et nous livre son opus \u00ab\u00a0Allez Allez Maroc\u00a0\u00bb, version Coupe du Monde 2018 pour f\u00eater la ferveur populaire et le soutien entier du Maroc aux Lions de l\u2019Atlas.<\/p>\n<p>En octobre 2018, il sort son single intitul\u00e9 \u00ab\u00a0Moulat Jellaba\u00a0\u00bb rendant hommage \u00e0 la femme marocaine dans sa culture vestimentaire ainsi que dans l\u2019intimit\u00e9 de son quotidien et le respect que procure cet h\u00e9ritage traditionnel.<\/p>\n<p>Au fil du temps de ses cr\u00e9ations, la maturit\u00e9 artistique de Hamid Bouchnak se rapproche du coeur de son public et fait de nouveaux f\u00e9rus du style Bouchnak \u00e0 travers le monde.<\/p>\n<p>Auteur: Meriem IGASS<br \/>\n<a href=\"http:\/\/www.mapmarrakech.ma\/fr\/bouchnak\/\">Cliquez ici pour lire l&rsquo;article depuis sa source.<\/a><\/p>\n","protected":false},"excerpt":{"rendered":"<p>A travers cette chanson, d\u2019une dur\u00e9e de 03mn45, o\u00f9 rythmes et sonorit\u00e9s \u00ab\u00a0africaines\u00a0\u00bb et \u00ab\u00a0andalouses\u00a0\u00bb s\u2019interf\u00e8rent et s\u2019entrem\u00ealent en toute subtilit\u00e9 et d\u00e9licatesse, Hamid Bouchnak chante l\u2019amour et l\u2019espoir, en veillant soigneusement \u00e0 rendre un vibrant hommage \u00e0 la gent f\u00e9minine. Il s\u2019agit, \u00e0 ses yeux, d\u2019un sujet intemporel sur une musique, certes, moderne et [&hellip;]<\/p>\n","protected":false},"author":1788,"featured_media":0,"comment_status":"closed","ping_status":"closed","sticky":false,"template":"","format":"standard","meta":{"fifu_image_url":"","fifu_image_alt":"","footnotes":""},"categories":[54,76],"tags":[],"class_list":["post-72999","post","type-post","status-publish","format-standard","hentry","category-maroc","category-regions"],"_links":{"self":[{"href":"https:\/\/linitiative.ca\/International\/wp-json\/wp\/v2\/posts\/72999","targetHints":{"allow":["GET"]}}],"collection":[{"href":"https:\/\/linitiative.ca\/International\/wp-json\/wp\/v2\/posts"}],"about":[{"href":"https:\/\/linitiative.ca\/International\/wp-json\/wp\/v2\/types\/post"}],"author":[{"embeddable":true,"href":"https:\/\/linitiative.ca\/International\/wp-json\/wp\/v2\/users\/1788"}],"replies":[{"embeddable":true,"href":"https:\/\/linitiative.ca\/International\/wp-json\/wp\/v2\/comments?post=72999"}],"version-history":[{"count":0,"href":"https:\/\/linitiative.ca\/International\/wp-json\/wp\/v2\/posts\/72999\/revisions"}],"wp:attachment":[{"href":"https:\/\/linitiative.ca\/International\/wp-json\/wp\/v2\/media?parent=72999"}],"wp:term":[{"taxonomy":"category","embeddable":true,"href":"https:\/\/linitiative.ca\/International\/wp-json\/wp\/v2\/categories?post=72999"},{"taxonomy":"post_tag","embeddable":true,"href":"https:\/\/linitiative.ca\/International\/wp-json\/wp\/v2\/tags?post=72999"}],"curies":[{"name":"wp","href":"https:\/\/api.w.org\/{rel}","templated":true}]}}