{"id":73000,"date":"2020-01-14T07:24:34","date_gmt":"2020-01-14T12:24:34","guid":{"rendered":"https:\/\/linitiative.ca\/International\/artisanat-le-cuir-une-filiere-alliant-savoir-faire-et-creativite\/"},"modified":"2020-01-14T07:24:34","modified_gmt":"2020-01-14T12:24:34","slug":"artisanat-le-cuir-une-filiere-alliant-savoir-faire-et-creativite","status":"publish","type":"post","link":"https:\/\/linitiative.ca\/International\/artisanat-le-cuir-une-filiere-alliant-savoir-faire-et-creativite\/","title":{"rendered":"Artisanat: Le cuir, une fili\u00e8re alliant savoir-faire et cr\u00e9ativit\u00e9"},"content":{"rendered":"<p>Consid\u00e9r\u00e9 comme source de fiert\u00e9 et l\u2019une des grandes sp\u00e9cialit\u00e9s de l\u2019artisanat marocain, ce secteur, ancr\u00e9 dans la culture marocaine, a su r\u00e9sister au changement des modes vestimentaires aussi bien, au niveau local que mondial et ce, gr\u00e2ce \u00e0 des produits de qualit\u00e9, et hautement comp\u00e9titifs dans un march\u00e9 mondial de l\u2019habillement et de la mode en constante mutation.<\/p>\n<p>La 6\u00e8me \u00e9dition de la Semaine Nationale de l\u2019Artisanat (SNA), dont le coup d\u2019envoi a \u00e9t\u00e9 donn\u00e9 lundi \u00e0 l\u2019Esplanade Bab Jdid \u00e0 Marrakech, repr\u00e9sente une occasion idoine pour mettre en exergue ces nouveaux produits artisanaux en cuir, parfaitement adapt\u00e9s aux nouveaux go\u00fbts d\u2019une client\u00e8le de plus en plus exigeante.<\/p>\n<p>Ce salon offre aussi l\u2019occasion pour des coop\u00e9ratives comme pour des artisans issus de diff\u00e9rentes r\u00e9gions du Royaume pour exposer et mettre en lumi\u00e8re des produits artisanaux confectionn\u00e9s avec du cuir d\u2019une rare beaut\u00e9, et d\u2019une grande finesse et \u00e9l\u00e9gance.<\/p>\n<p>\u00ab\u00a0Ce sont des produits connus pour leur grande qualit\u00e9 qui trouvent facilement acqu\u00e9reur\u00a0\u00bb, a confi\u00e9 \u00e0 la MAP, un artisan, membre d\u2019une coop\u00e9rative de Taroudant, expliquant que les produits de cuir du Maroc se caract\u00e9risent par leur diversit\u00e9 au niveau des motifs et des outils utilis\u00e9s mais, ont tous en commun de faire appel \u00e0 des mati\u00e8res premi\u00e8res locales.<\/p>\n<p>Les produits d\u2019artisanat en cuir sont \u00e0 la port\u00e9e de toutes les bourses et de toutes les classes sociales, a-t-il estim\u00e9, relevant que chaque produit d\u2019artisanat est une \u0153uvre d\u2019art, qui traduit le savoir-faire de l\u2019artisan marocain.<\/p>\n<p>Cet artisan, membre d\u2019une coop\u00e9rative sp\u00e9cialis\u00e9e dans la confection de chaussures en cuir, a expliqu\u00e9 que les produits con\u00e7us par cette coop\u00e9rative sont de qualit\u00e9 sup\u00e9rieure en termes de confort et de sant\u00e9. il s\u2019agit de produits pour lesquels les clients expriment satisfaction sur les r\u00e9seaux sociaux, car il faudrait savoir que cette nouvelle g\u00e9n\u00e9ration d\u2019artisans et de coop\u00e9ratives tirent profit des \u00e9normes potentialit\u00e9s qu\u2019offre le num\u00e9rique, a-t-il expliqu\u00e9.<\/p>\n<p>Et d\u2019ajouter que les artisans sont appel\u00e9s, aujourd\u2019hui, \u00e0 pr\u00e9server l\u2019authenticit\u00e9 des produits, tout en innovant si on veut s\u2019assurer de la p\u00e9rennit\u00e9 de la demande concernant les produits de cuir marocains, dont la renomm\u00e9e n\u2019est plus \u00e0 d\u00e9montrer.<\/p>\n<p>Un autre artisan sp\u00e9cialis\u00e9 dans les v\u00eatements en cuir \u00e0 Marrakech, a soulign\u00e9, de son c\u00f4t\u00e9, que le secret de la qualit\u00e9 des produits artisanaux en cuir r\u00e9side dans les mati\u00e8res premi\u00e8res utilis\u00e9es. Le tannage et la pr\u00e9paration du cuir au Maroc est un savoir-faire ancestral, qui n\u00e9cessite beaucoup de dext\u00e9rit\u00e9 et de patience, a-t-il expliqu\u00e9, relevant qu\u2019il existe diff\u00e9rentes techniques du travail de cuir : le Cuir excis\u00e9 (Takhchart), le cuir brod\u00e9, le cuir repouss\u00e9, le cuir dor\u00e9 ou incrust\u00e9 de lani\u00e8res de couleurs.<\/p>\n<p>Si le travail du cuir est une tradition ancr\u00e9e dans la culture des plus grandes villes imp\u00e9riales du Royaume, \u00e0 l\u2019instar de Marrakech, F\u00e8s, Rabat, ce Salon permet, sans nul doute, de faire d\u00e9couvrir aux visiteurs l\u2019artisanat en cuir d\u2019autres villes et r\u00e9gions, telles que le Souss et Essaouira entre autres.<\/p>\n<p>Le visiteur pourra aussi appr\u00e9cier des chefs d\u2019\u0153uvres confectionn\u00e9s avec de la peau de ch\u00e8vres ou de chameaux par des artisans issus \u00e9galement des provinces du Sud du Royaume. Des produits, qui semblent \u00eatre soigneusement con\u00e7us pour \u00eatre expos\u00e9s et non vendus et ce, compte tenu de leur valeur inestimable, estiment ces artisans.<\/p>\n<p>Sur la liste de ces produits figurent des tapis en cuir, confectionn\u00e9s avec la peau de chameaux, pouvant servir de tapis de pri\u00e8re ou destin\u00e9s \u00e0 \u00eatre soigneusement \u00e9tal\u00e9s au mur d\u2019une maison que le visiteur pourra contempler.<\/p>\n<p>La Semaine nationale de l\u2019artisanat met \u00e0 l\u2019honneur des artisans du cuir, qui ont appris le m\u00e9tier par le biais d\u2019un parent ou proche mais aussi, une nouvelle g\u00e9n\u00e9ration d\u2019artisans du cuir form\u00e9s dans les instituts de formation aux m\u00e9tiers traditionnels gr\u00e2ce \u00e0 la\u00a0strat\u00e9gie du minist\u00e8re de tutelle visant la promotion de la formation dans les m\u00e9tiers traditionnels. Une nouvelle g\u00e9n\u00e9ration capables d\u2019innover, de perp\u00e9tuer\u00a0ce savoir-faire ancestral et d\u2019exporter des produits \u00ab\u00a0Morocco Hand Made\u00a0\u00bb vers les quatre coins de la plan\u00e8te.<\/p>\n<p>Les produits artisanaux de cuir expos\u00e9s dans ce Salon couvrent des activit\u00e9s diversifi\u00e9es, telles que la confection des babouches, des sabots, sandales et ballerines en cuir, des articles de luxes (sacs, jaquettes, pantalon en cuir, jupes, bottes), des selles brod\u00e9es pour les chevaux, des ceintures, des portefeuilles, des porte-monnaies entre autres.<\/p>\n<p>Plac\u00e9e sous le Haut Patronage de Sa Majest\u00e9 le Roi Mohammed VI et organis\u00e9e par le Minist\u00e8re du Tourisme, de l\u2019Artisanat, du Transport A\u00e9rien et de l\u2019Economie Sociale par le biais de la Maison de l\u2019Artisan, la 6\u00e8me \u00e9dition de la Semaine Nationale de l\u2019Artisanat est l\u2019occasion de mettre en exergue le secteur de l\u2019artisanat en tant que v\u00e9ritable levier du d\u00e9veloppement de l\u2019\u00e9conomie nationale, contribuant au progr\u00e8s et au renforcement de la coh\u00e9sion sociale, \u00e0 la qualit\u00e9 de vie, \u00e0 la cr\u00e9ation de richesse ainsi qu\u2019\u00e0 l\u2019offre de nombreuses opportunit\u00e9s de carri\u00e8res et de perspectives professionnelles, ouvertes aux jeunes.<\/p>\n<p>Organis\u00e9 jusqu\u2019au 26 janvier courant, cet \u00e9v\u00e9nement phare, organis\u00e9 sous le signe de l\u2019innovation et capitalisant sur les acquis des pr\u00e9c\u00e9dentes \u00e9ditions, est \u00e9galement l\u2019occasion de promouvoir l\u2019artisanat marocain, de c\u00e9l\u00e9brer et de rendre un vibrant hommage aux artisans, hommes et femmes issus de toutes les r\u00e9gions du Royaume, fervents gardiens d\u2019un savoir-faire mill\u00e9naire, du patrimoine culturel et immat\u00e9riel relatif aux m\u00e9tiers de l\u2019artisanat, h\u00e9ritage ancestral qui honore et fait la fiert\u00e9 de tous les Marocains.<\/p>\n<p>Am\u00e9nag\u00e9 sur 50.000m2, ce salon accueille environ 1.200 exposants, issus des 12 r\u00e9gions du Maroc, artisans individuels, coop\u00e9ratives et entreprises d\u2019artisanat, repr\u00e9sentant tous les m\u00e9tiers et les arts de l\u2019artisanat marocain.<\/p>\n<p>La surface d\u2019exposition comprend \u00e9galement un espace de pr\u00e9servation r\u00e9serv\u00e9 aux m\u00e9tiers en voie de disparition, un espace d\u2019animation et d\u2019initiation aux m\u00e9tiers de l\u2019artisanat d\u00e9di\u00e9 aux enfants et une sc\u00e8ne sur laquelle se produira des troupes de musiques repr\u00e9sentant les 12 r\u00e9gions.<\/p>\n<p>L\u2019Indon\u00e9sie, le Chili, l\u2019Inde, la Tunisie et la Mauritanie sont les invit\u00e9es d\u2019honneur de cette \u00e9dition.<\/p>\n<p>Parall\u00e8lement, cet \u00e9v\u00e9nement\u00a0propose une programmation riche et instructive, rythm\u00e9e par, notamment la 9\u00e8me Rencontre sur la Pr\u00e9servation des M\u00e9tiers de l\u2019Artisanat Marocain, la Journ\u00e9e th\u00e9matique sur la Bijouterie, la Rencontres sur le th\u00e8me \u00ab\u00a0D\u00e9veloppement de formation professionnelle dans les m\u00e9tiers de l\u2019artisanat : outils et perspectives\u00a0\u00bb ainsi que des Sessions de formation d\u00e9di\u00e9es \u00e0 des artisans issus des 12 r\u00e9gions, ax\u00e9es sur la ma\u00eetrise\u00a0des techniques de vente et des m\u00e9thodes de prospection, le marketing des produits de l\u2019artisanat, les principes de base de la l\u00e9gislation douani\u00e8re, les proc\u00e9dures de d\u00e9douanement ainsi que des Workshop\u00a0sur le financement dans le secteur de l\u2019artisanat.<\/p>\n<p>Auteur: Meriem IGASS<br \/>\n<a href=\"http:\/\/www.mapmarrakech.ma\/fr\/cuir\/\">Cliquez ici pour lire l&rsquo;article depuis sa source.<\/a><\/p>\n","protected":false},"excerpt":{"rendered":"<p>Consid\u00e9r\u00e9 comme source de fiert\u00e9 et l\u2019une des grandes sp\u00e9cialit\u00e9s de l\u2019artisanat marocain, ce secteur, ancr\u00e9 dans la culture marocaine, a su r\u00e9sister au changement des modes vestimentaires aussi bien, au niveau local que mondial et ce, gr\u00e2ce \u00e0 des produits de qualit\u00e9, et hautement comp\u00e9titifs dans un march\u00e9 mondial de l\u2019habillement et de la [&hellip;]<\/p>\n","protected":false},"author":1788,"featured_media":0,"comment_status":"closed","ping_status":"closed","sticky":false,"template":"","format":"standard","meta":{"fifu_image_url":"","fifu_image_alt":"","footnotes":""},"categories":[54,76],"tags":[],"class_list":["post-73000","post","type-post","status-publish","format-standard","hentry","category-maroc","category-regions"],"_links":{"self":[{"href":"https:\/\/linitiative.ca\/International\/wp-json\/wp\/v2\/posts\/73000","targetHints":{"allow":["GET"]}}],"collection":[{"href":"https:\/\/linitiative.ca\/International\/wp-json\/wp\/v2\/posts"}],"about":[{"href":"https:\/\/linitiative.ca\/International\/wp-json\/wp\/v2\/types\/post"}],"author":[{"embeddable":true,"href":"https:\/\/linitiative.ca\/International\/wp-json\/wp\/v2\/users\/1788"}],"replies":[{"embeddable":true,"href":"https:\/\/linitiative.ca\/International\/wp-json\/wp\/v2\/comments?post=73000"}],"version-history":[{"count":0,"href":"https:\/\/linitiative.ca\/International\/wp-json\/wp\/v2\/posts\/73000\/revisions"}],"wp:attachment":[{"href":"https:\/\/linitiative.ca\/International\/wp-json\/wp\/v2\/media?parent=73000"}],"wp:term":[{"taxonomy":"category","embeddable":true,"href":"https:\/\/linitiative.ca\/International\/wp-json\/wp\/v2\/categories?post=73000"},{"taxonomy":"post_tag","embeddable":true,"href":"https:\/\/linitiative.ca\/International\/wp-json\/wp\/v2\/tags?post=73000"}],"curies":[{"name":"wp","href":"https:\/\/api.w.org\/{rel}","templated":true}]}}