{"id":73002,"date":"2020-01-14T09:46:07","date_gmt":"2020-01-14T14:46:07","guid":{"rendered":"https:\/\/linitiative.ca\/International\/lameublement-une-harmonie-entre-authenticite-et-modernite\/"},"modified":"2020-01-14T09:46:07","modified_gmt":"2020-01-14T14:46:07","slug":"lameublement-une-harmonie-entre-authenticite-et-modernite","status":"publish","type":"post","link":"https:\/\/linitiative.ca\/International\/lameublement-une-harmonie-entre-authenticite-et-modernite\/","title":{"rendered":"L\u2019ameublement, une harmonie entre authenticit\u00e9 et modernit\u00e9"},"content":{"rendered":"<div readability=\"39\">\n<p>Marrakech \u2013 L\u2019art de l\u2019ameublement et de la d\u00e9coration constitue une v\u00e9ritable fili\u00e8re de l\u2019artisanat, qui t\u00e9moigne de la richesse culturelle du Royaume, et se consacre \u00e0 la recherche de nouvelles mati\u00e8res, de nouvelles technologies, de nouvelles associations pour trouver l\u2019harmonie parfaite entre authenticit\u00e9 et modernit\u00e9.<\/p>\n<\/div>\n<div readability=\"153\">\n<p>Associant cr\u00e9ativit\u00e9 et fonctionnalit\u00e9, cet art manie avec subtilit\u00e9 toutes les tonalit\u00e9s marocaines avec toujours cette incomparable originalit\u00e9.<\/p>\n<p>Une tourn\u00e9e gratuite \u00e0 travers les diff\u00e9rents stands d\u00e9di\u00e9s \u00e0 l\u2019ameublement et \u00e0 la d\u00e9coration, et am\u00e9nag\u00e9s \u00e0 l\u2019occasion de la 6\u00e8me \u00e9dition de la Semaine nationale de l\u2019artisanat (SNA) organis\u00e9e du 12 au 26 janvier \u00e0 Marrakech, sous le Haut Patronage de SM le Roi Mohammed VI, permet aux visiteurs de d\u00e9couvrir des articles de meubles, de d\u00e9coration et de cadeaux produits par plusieurs mati\u00e8res : Bois, m\u00e9tal, broderie, vannerie, bougies\u2026<\/p>\n<p>Ainsi, l\u2019artisan Abdejalil Tagnaouti, qui travaille sur les objets de d\u00e9coration en bois \u00e0 Mekn\u00e8s, a soulign\u00e9 l\u2019importance de ce salon qui fait revivre les produits de l\u2019artisanat, et permet l\u2019\u00e9change et le partage des connaissances et de l\u2019expertise entre les artisans participants \u00e0 la SNA.<\/p>\n<p>Le salon constitue \u00e9galement \u00ab\u00a0une occasion pour donner aux gens l\u2019opportunit\u00e9 de d\u00e9couvrir nos produits et valoriser notre m\u00e9tier, notamment celui de l\u2019ameublement et d\u00e9coration\u00a0\u00bb, a pr\u00e9cis\u00e9 M. Tagnaouti, notant que l\u2019objectif principal de sa participation est de faire conna\u00eetre son nom et ses produits d\u2019ameublement compos\u00e9s de bois.<\/p>\n<p>De son c\u00f4t\u00e9, le pr\u00e9sident de la coop\u00e9rative Al Romh \u00e0 Laayoune, Ali Bensaleh, a indiqu\u00e9 que l\u2019activit\u00e9 de son coop\u00e9rative s\u2019inscrit dans le cadre de la pr\u00e9servation du patrimoine culturel et la sauvegarde de l\u2019authenticit\u00e9 du produit traditionnel, et qu\u2019elle permet d\u2019offrir aux clients des biens culturels compos\u00e9s de bois, de cuir ou sur la base des m\u00e9taux.<\/p>\n<p>Utilisant le safran ou le siwak comme mati\u00e8res premi\u00e8res naturelles de d\u00e9coration, la coop\u00e9rative \u00e9vite le recours \u00e0 tout produit chimique ou industriel et offre des objets de d\u00e9cor qui s\u2019adaptent au go\u00fbt des clients, tout en r\u00e9novant et revisitant des anciens instruments musicaux ainsi que des jouets d\u2019enfants, a-t-il poursuivi.<\/p>\n<p>D\u00e9fendant la qualit\u00e9 de ses produits et se r\u00e9jouissant de l\u2019organisation annuelle de ce salon, le dirigeant de la coop\u00e9rative Assalam \u00e0 Guercif, Ahmed Slilou, a fait savoir que la fabrication de ses produits sont \u00e0 base de halfa qui est cueillie, puis cuite deux fois et s\u00e9ch\u00e9e au soleil pour la transformer en des outils pratiques utilis\u00e9s par les m\u00e9nages marocains.<\/p>\n<p>Apr\u00e8s avoir cumul\u00e9 une longue exp\u00e9rience depuis 1979, M. Slilou s\u2019est montr\u00e9 fier de ce qu\u2019il a pu r\u00e9aliser durant ces longues ann\u00e9es en ma\u00eetrisant une comp\u00e9tence unique et respect\u00e9e par tous les artisans de ce domaine.<\/p>\n<p>La tr\u00e9sori\u00e8re de la coop\u00e9rative Bakaya Tabiaa, El Baairi Salima, quant \u00e0 elle, a fait savoir que sa coop\u00e9rative op\u00e8re dans le recyclage des restes de la nature et transforme ces d\u00e9chets des espaces verts pour les r\u00e9utiliser \u00e0 nouveau et en faire des bagues, des bijoux, des boucles, des accessoires de mode \u00e0 base de coquillage, ou encore des d\u00e9cors de maison.<\/p>\n<p>Les produits de cette coop\u00e9rative, qui est situ\u00e9e \u00e0 Ras El Ma dans la province de Nador, sont \u00e0 base des restes des feuilles de palmier nain (Doum), de helfa, des feuilles de l\u2019eucalyptus, de joubarbe, ou encore de gen\u00e9vrier.<\/p>\n<p>Mme El Baairi a, en outre, not\u00e9 que la SNA constitue une occasion pour les artisans de b\u00e9n\u00e9ficier de plusieurs ateliers de formation qui vont permettre de mieux commercialiser les produits artisanaux, notamment les restes inutiles de la nature qui peuvent \u00eatre revaloris\u00e9s et restaur\u00e9s en biens utiles.<\/p>\n<p>Pour sa part, la femme artisan sp\u00e9cialiste dans la peinture d\u00e9corative sur le verre, Yassmina Boubaker utilise son imagination passionn\u00e9e pour peindre de belles images sur du verre, notamment le coran, des motifs culturelles berb\u00e8res, ou les logos des grandes \u00e9quipes marocaines.<\/p>\n<p>C\u2019est par curiosit\u00e9 que l\u2019\u00e9tudiante Yassmina a commenc\u00e9 \u00e0 apprendre les techniques de la peinture sur verre, une curiosit\u00e9 qui s\u2019est transform\u00e9e en v\u00e9ritable m\u00e9tier de l\u2019artisan, aspirant \u00e0 cr\u00e9er une coop\u00e9rative et participer activement dans des futurs salons et expositions.<\/p>\n<p>Organis\u00e9e \u00e0 l\u2019initiative du minist\u00e8re du Tourisme, de l\u2019Artisanat, du Transport a\u00e9rien et de l\u2019\u00c9conomie sociale, \u00e0 travers la Maison de l\u2019artisan, cette \u00e9dition de la SNA vise \u00e0 construire une image de marque de l\u2019artisanat marocain, faire de cet \u00e9v\u00e9nement un espace de rencontres incontournable pour les artisans qui souhaitent mettre en valeur leurs cr\u00e9ations, s\u2019informer sur l\u2019\u00e9volution des tendances et trouver de nouveaux d\u00e9bouch\u00e9s, ainsi qu\u2019aider \u00e0 la commercialisation du produit tout en pr\u00e9servant et am\u00e9liorant les revenus des artisans.<\/p>\n<\/div>\n<p>Auteur: Meriem IGASS<br \/>\n<a href=\"http:\/\/www.mapmarrakech.ma\/fr\/ameublement\/\">Cliquez ici pour lire l&rsquo;article depuis sa source.<\/a><\/p>\n","protected":false},"excerpt":{"rendered":"<p>Marrakech \u2013 L\u2019art de l\u2019ameublement et de la d\u00e9coration constitue une v\u00e9ritable fili\u00e8re de l\u2019artisanat, qui t\u00e9moigne de la richesse culturelle du Royaume, et se consacre \u00e0 la recherche de nouvelles mati\u00e8res, de nouvelles technologies, de nouvelles associations pour trouver l\u2019harmonie parfaite entre authenticit\u00e9 et modernit\u00e9. Associant cr\u00e9ativit\u00e9 et fonctionnalit\u00e9, cet art manie avec subtilit\u00e9 [&hellip;]<\/p>\n","protected":false},"author":1788,"featured_media":0,"comment_status":"closed","ping_status":"closed","sticky":false,"template":"","format":"standard","meta":{"fifu_image_url":"","fifu_image_alt":"","footnotes":""},"categories":[54,76],"tags":[],"class_list":["post-73002","post","type-post","status-publish","format-standard","hentry","category-maroc","category-regions"],"_links":{"self":[{"href":"https:\/\/linitiative.ca\/International\/wp-json\/wp\/v2\/posts\/73002","targetHints":{"allow":["GET"]}}],"collection":[{"href":"https:\/\/linitiative.ca\/International\/wp-json\/wp\/v2\/posts"}],"about":[{"href":"https:\/\/linitiative.ca\/International\/wp-json\/wp\/v2\/types\/post"}],"author":[{"embeddable":true,"href":"https:\/\/linitiative.ca\/International\/wp-json\/wp\/v2\/users\/1788"}],"replies":[{"embeddable":true,"href":"https:\/\/linitiative.ca\/International\/wp-json\/wp\/v2\/comments?post=73002"}],"version-history":[{"count":0,"href":"https:\/\/linitiative.ca\/International\/wp-json\/wp\/v2\/posts\/73002\/revisions"}],"wp:attachment":[{"href":"https:\/\/linitiative.ca\/International\/wp-json\/wp\/v2\/media?parent=73002"}],"wp:term":[{"taxonomy":"category","embeddable":true,"href":"https:\/\/linitiative.ca\/International\/wp-json\/wp\/v2\/categories?post=73002"},{"taxonomy":"post_tag","embeddable":true,"href":"https:\/\/linitiative.ca\/International\/wp-json\/wp\/v2\/tags?post=73002"}],"curies":[{"name":"wp","href":"https:\/\/api.w.org\/{rel}","templated":true}]}}