{"id":73003,"date":"2020-01-14T03:27:42","date_gmt":"2020-01-14T08:27:42","guid":{"rendered":"https:\/\/linitiative.ca\/International\/alger-lancement-des-travaux-de-realisation-dun-parking-a-kouba-cette-annee\/"},"modified":"2020-01-14T03:27:42","modified_gmt":"2020-01-14T08:27:42","slug":"alger-lancement-des-travaux-de-realisation-dun-parking-a-kouba-cette-annee","status":"publish","type":"post","link":"https:\/\/linitiative.ca\/International\/alger-lancement-des-travaux-de-realisation-dun-parking-a-kouba-cette-annee\/","title":{"rendered":"Alger: lancement des travaux de r\u00e9alisation d&rsquo;un parking \u00e0 Kouba cette ann\u00e9e"},"content":{"rendered":"<p><span class=\"sp-nh-title\">Emp\u00eacher l&rsquo;instrumentalisation de la diversit\u00e9 culturelle de l&rsquo;Alg\u00e9rie pour saper son unit\u00e9<\/span> &#8211; <span class=\"sp-nh-date\">mardi 14 janvier 2020 19:20<\/span><\/p>\n<p><span class=\"sp-nh-title\">Conf\u00e9rence internationale sur la Libye dimanche \u00e0 Berlin<\/span> &#8211; <span class=\"sp-nh-date\">mardi 14 janvier 2020 19:17<\/span><\/p>\n<p><span class=\"sp-nh-title\">R\u00e9vision de la Constitution : les conclusions du Comit\u00e9 d&rsquo;experts serviront de base \u00e0 un tr\u00e8s large processus de consultations<\/span> &#8211; <span class=\"sp-nh-date\">mardi 14 janvier 2020 19:03<\/span><\/p>\n<p><span class=\"sp-nh-title\">M\u2019sila : l\u2019ancien directeur de la culture plac\u00e9 en d\u00e9tention provisoire<\/span> &#8211; <span class=\"sp-nh-date\">mardi 14 janvier 2020 18:51<\/span><\/p>\n<p><span class=\"sp-nh-title\">L&rsquo;ex-pr\u00e9sident de l&rsquo;ES S\u00e9tif, Hassan Hammar condamn\u00e9 \u00e0 3 ans de prison ferme<\/span> &#8211; <span class=\"sp-nh-date\">mardi 14 janvier 2020 18:38<\/span><\/p>\n<p><span class=\"sp-nh-title\">Alger: plus de 1,5 milliards DA de marchandises non factur\u00e9es sur le march\u00e9 en 2019<\/span> &#8211; <span class=\"sp-nh-date\">mardi 14 janvier 2020 18:06<\/span><\/p>\n<p><span class=\"sp-nh-title\">Sa\u00efd Chanegriha supervise \u00e0 In Amenas un exercice d\u00e9monstratif avec munitions r\u00e9elles<\/span> &#8211; <span class=\"sp-nh-date\">mardi 14 janvier 2020 17:22<\/span><\/p>\n<p><span class=\"sp-nh-title\">R\u00e9vision de la Constitution : le Pr\u00e9sident Tebboune a accord\u00e9 la libert\u00e9 d&rsquo;appr\u00e9ciation au comit\u00e9 d&rsquo;experts<\/span> &#8211; <span class=\"sp-nh-date\">mardi 14 janvier 2020 17:04<\/span><\/p>\n<p><span class=\"sp-nh-title\">L&rsquo;Organisation du Croissant-Rouge et de la Croix-Rouge arabes salue la signature de la convention de partenariat entre le CRA et son homologue libyen<\/span> &#8211; <span class=\"sp-nh-date\">mardi 14 janvier 2020 16:58<\/span><\/p>\n<p><span class=\"sp-nh-title\">Mohamed Louber install\u00e9 dans ses fonctions de pr\u00e9sident de l&rsquo;ARAV<\/span> &#8211; <span class=\"sp-nh-date\">mardi 14 janvier 2020 16:38<\/span><\/p>\n<p><span class=\"sp-nh-title\">Le Croissant-Rouge libyen adresse ses remerciements au Pr\u00e9sident Tebboune<\/span> &#8211; <span class=\"sp-nh-date\">mardi 14 janvier 2020 15:45<\/span><\/p>\n<p><span class=\"sp-nh-title\">Omari salue la r\u00e9vision du syst\u00e8me de distribution d\u2019aliments de b\u00e9tail<\/span> &#8211; <span class=\"sp-nh-date\">mardi 14 janvier 2020 15:14<\/span><\/p>\n<p><span class=\"sp-nh-title\">Education: v\u00e9rification des informations des candidats aux examens nationaux du 15 au 30 janvier<\/span> &#8211; <span class=\"sp-nh-date\">mardi 14 janvier 2020 15:05<\/span><\/p>\n<p><span class=\"sp-nh-title\">Le Pr\u00e9sident de la R\u00e9publique re\u00e7oit le pr\u00e9sident du parti Jil Jadid<\/span> &#8211; <span class=\"sp-nh-date\">mardi 14 janvier 2020 14:41<\/span><\/p>\n<p><span class=\"sp-nh-title\">R\u00e9vision de la Constitution: Installation du comit\u00e9 d&rsquo;experts charg\u00e9 de l&rsquo;\u00e9laboration de propositions<\/span> &#8211; <span class=\"sp-nh-date\">mardi 14 janvier 2020 14:14<\/span><\/p>\n<p><span class=\"sp-nh-title\">WSIS Project Prizes 2020: appel \u00e0 soutenir le projet de l&rsquo;ing\u00e9nieur d&rsquo;AT<\/span> &#8211; <span class=\"sp-nh-date\">mardi 14 janvier 2020 14:06<\/span><\/p>\n<p><span class=\"sp-nh-title\">Salon de l&#8217;emploi: les organisateurs pr\u00e9voient une offre de 3.000 postes d&#8217;emploi<\/span> &#8211; <span class=\"sp-nh-date\">mardi 14 janvier 2020 13:43<\/span><\/p>\n<p><span class=\"sp-nh-title\">Ligue 1 &#8211; Mercato d&rsquo;hiver: la JS Kabylie, premier club \u00e0 boucler son recrutement<\/span> &#8211; <span class=\"sp-nh-date\">mardi 14 janvier 2020 13:20<\/span><\/p>\n<p><span class=\"sp-nh-title\">P\u00eache: am\u00e9lioration de l&#8217;emploi et de la flotte en 2018<\/span> &#8211; <span class=\"sp-nh-date\">mardi 14 janvier 2020 13:12<\/span><\/p>\n<p><span class=\"sp-nh-title\">Conditions m\u00e9t\u00e9orologiques: interruption de l&rsquo;exploitation de plusieurs a\u00e9roports \u00e0 l&rsquo;est du pays<\/span> &#8211; <span class=\"sp-nh-date\">mardi 14 janvier 2020 13:06<\/span><\/p>\n<p>Auteur:<br \/>\n<a href=\"http:\/\/www.aps.dz\/regions\/100114-alger-lancement-des-travaux-de-realisation-d-un-parking-a-kouba-cette-annee\">Cliquez ici pour lire l&rsquo;article depuis sa source.<\/a><\/p>\n","protected":false},"excerpt":{"rendered":"<p>Emp\u00eacher l&rsquo;instrumentalisation de la diversit\u00e9 culturelle de l&rsquo;Alg\u00e9rie pour saper son unit\u00e9 &#8211; mardi 14 janvier 2020 19:20 Conf\u00e9rence internationale sur la Libye dimanche \u00e0 Berlin &#8211; mardi 14 janvier 2020 19:17 R\u00e9vision de la Constitution : les conclusions du Comit\u00e9 d&rsquo;experts serviront de base \u00e0 un tr\u00e8s large processus de consultations &#8211; mardi 14 [&hellip;]<\/p>\n","protected":false},"author":1790,"featured_media":0,"comment_status":"closed","ping_status":"closed","sticky":false,"template":"","format":"standard","meta":{"fifu_image_url":"","fifu_image_alt":"","footnotes":""},"categories":[53,76],"tags":[],"class_list":["post-73003","post","type-post","status-publish","format-standard","hentry","category-algerie","category-regions"],"_links":{"self":[{"href":"https:\/\/linitiative.ca\/International\/wp-json\/wp\/v2\/posts\/73003","targetHints":{"allow":["GET"]}}],"collection":[{"href":"https:\/\/linitiative.ca\/International\/wp-json\/wp\/v2\/posts"}],"about":[{"href":"https:\/\/linitiative.ca\/International\/wp-json\/wp\/v2\/types\/post"}],"author":[{"embeddable":true,"href":"https:\/\/linitiative.ca\/International\/wp-json\/wp\/v2\/users\/1790"}],"replies":[{"embeddable":true,"href":"https:\/\/linitiative.ca\/International\/wp-json\/wp\/v2\/comments?post=73003"}],"version-history":[{"count":0,"href":"https:\/\/linitiative.ca\/International\/wp-json\/wp\/v2\/posts\/73003\/revisions"}],"wp:attachment":[{"href":"https:\/\/linitiative.ca\/International\/wp-json\/wp\/v2\/media?parent=73003"}],"wp:term":[{"taxonomy":"category","embeddable":true,"href":"https:\/\/linitiative.ca\/International\/wp-json\/wp\/v2\/categories?post=73003"},{"taxonomy":"post_tag","embeddable":true,"href":"https:\/\/linitiative.ca\/International\/wp-json\/wp\/v2\/tags?post=73003"}],"curies":[{"name":"wp","href":"https:\/\/api.w.org\/{rel}","templated":true}]}}