{"id":73006,"date":"2020-01-14T07:15:50","date_gmt":"2020-01-14T12:15:50","guid":{"rendered":"https:\/\/linitiative.ca\/International\/arrestation-de-11-individus-pour-possession-de-psychotropes\/"},"modified":"2020-01-14T07:15:50","modified_gmt":"2020-01-14T12:15:50","slug":"arrestation-de-11-individus-pour-possession-de-psychotropes","status":"publish","type":"post","link":"https:\/\/linitiative.ca\/International\/arrestation-de-11-individus-pour-possession-de-psychotropes\/","title":{"rendered":"Arrestation de 11 individus pour possession de psychotropes"},"content":{"rendered":"<div class=\"single-featured\"><img alt=\"\" data-src=\"http:\/\/www.mapoujda.ma\/map\/uploads\/2019\/06\/Des-comprim\u00e9s-decstasy-M-750\u00d7430.jpg\"\/><\/div>\n<div class=\"entry-content clearfix single-post-content\" readability=\"63\">\n<p class=\"c4\">Les op\u00e9rations de s\u00e9curit\u00e9 men\u00e9es par les services de la pr\u00e9fecture de police d\u2019Oujda dans le cadre de la lutte contre le trafic de drogue et des psychotropes ont permis l\u2019interpellation, lundi soir et mardi matin, de onze individus en flagrant d\u00e9lit de possession d\u2019ecstasy et de comprim\u00e9s psychotropes.<\/p>\n<p class=\"c4\">Dix personnes ont \u00e9t\u00e9 arr\u00eat\u00e9es \u00e0 Oujda lors de quatre op\u00e9rations s\u00e9curitaires men\u00e9es simultan\u00e9ment, indique un communiqu\u00e9 de la Direction g\u00e9n\u00e9rale de la s\u00fbret\u00e9 nationale (DGSN), pr\u00e9cisant que le onzi\u00e8me individu a \u00e9t\u00e9 interpell\u00e9 \u00e0 Nador.<\/p>\n<p class=\"c4\">Les op\u00e9rations de fouille men\u00e9es dans le cadre de ces op\u00e9rations ont permis la saisie de 5.373 comprim\u00e9s psychotropes dont 2.522 comprim\u00e9s d\u2019ecstasy, ajoute la m\u00eame source, notant qu\u2019une moto, 10 grammes de coca\u00efne et une quantit\u00e9 de chira ont \u00e9t\u00e9 \u00e9galement saisis.<\/p>\n<p class=\"c4\">Des sommes d\u2019argent soup\u00e7onn\u00e9s d\u2019\u00eatre le fruit du trafic de drogue et de psychotropes\u00a0ont aussi \u00e9t\u00e9 saisis lors de ces op\u00e9rations, selon le communiqu\u00e9.<\/p>\n<p class=\"c4\">Les mis en cause ont \u00e9t\u00e9 plac\u00e9s en garde \u00e0 vue \u00e0 la disposition de l\u2019enqu\u00eate men\u00e9e sous la supervision du parquet comp\u00e9tent pour identifier les tenants et aboutissants de cette affaire et arr\u00eater d\u2019\u00e9ventuels complices impliqu\u00e9s dans cet acte criminel.<\/p>\n<p class=\"c4\">Cette op\u00e9ration s\u00e9curitaire s\u2019inscrit dans le cadre des intenses efforts d\u00e9ploy\u00e9s par les services de la DGSN dans les diff\u00e9rentes r\u00e9gions du Royaume pour lutter contre le trafic des stup\u00e9fiants et des psychotropes, conclut le communiqu\u00e9.<\/p>\n<\/div>\n<p>Auteur: Soufiane ELAHMAR<br \/>\n<a href=\"http:\/\/www.mapoujda.ma\/fr\/arrestation-de-11-individus-pour-possession-de-psychotropes\/\">Cliquez ici pour lire l&rsquo;article depuis sa source.<\/a><\/p>\n","protected":false},"excerpt":{"rendered":"<p>Les op\u00e9rations de s\u00e9curit\u00e9 men\u00e9es par les services de la pr\u00e9fecture de police d\u2019Oujda dans le cadre de la lutte contre le trafic de drogue et des psychotropes ont permis l\u2019interpellation, lundi soir et mardi matin, de onze individus en flagrant d\u00e9lit de possession d\u2019ecstasy et de comprim\u00e9s psychotropes. Dix personnes ont \u00e9t\u00e9 arr\u00eat\u00e9es \u00e0 [&hellip;]<\/p>\n","protected":false},"author":1788,"featured_media":73007,"comment_status":"closed","ping_status":"closed","sticky":false,"template":"","format":"standard","meta":{"fifu_image_url":"","fifu_image_alt":"","footnotes":""},"categories":[54,76],"tags":[],"class_list":["post-73006","post","type-post","status-publish","format-standard","has-post-thumbnail","hentry","category-maroc","category-regions"],"_links":{"self":[{"href":"https:\/\/linitiative.ca\/International\/wp-json\/wp\/v2\/posts\/73006","targetHints":{"allow":["GET"]}}],"collection":[{"href":"https:\/\/linitiative.ca\/International\/wp-json\/wp\/v2\/posts"}],"about":[{"href":"https:\/\/linitiative.ca\/International\/wp-json\/wp\/v2\/types\/post"}],"author":[{"embeddable":true,"href":"https:\/\/linitiative.ca\/International\/wp-json\/wp\/v2\/users\/1788"}],"replies":[{"embeddable":true,"href":"https:\/\/linitiative.ca\/International\/wp-json\/wp\/v2\/comments?post=73006"}],"version-history":[{"count":0,"href":"https:\/\/linitiative.ca\/International\/wp-json\/wp\/v2\/posts\/73006\/revisions"}],"wp:featuredmedia":[{"embeddable":true,"href":"https:\/\/linitiative.ca\/International\/wp-json\/"}],"wp:attachment":[{"href":"https:\/\/linitiative.ca\/International\/wp-json\/wp\/v2\/media?parent=73006"}],"wp:term":[{"taxonomy":"category","embeddable":true,"href":"https:\/\/linitiative.ca\/International\/wp-json\/wp\/v2\/categories?post=73006"},{"taxonomy":"post_tag","embeddable":true,"href":"https:\/\/linitiative.ca\/International\/wp-json\/wp\/v2\/tags?post=73006"}],"curies":[{"name":"wp","href":"https:\/\/api.w.org\/{rel}","templated":true}]}}