{"id":73008,"date":"2020-01-14T10:32:24","date_gmt":"2020-01-14T15:32:24","guid":{"rendered":"https:\/\/linitiative.ca\/International\/une-convention-de-partenariat-pour-encourager-lauto-emploi\/"},"modified":"2020-01-14T10:32:24","modified_gmt":"2020-01-14T15:32:24","slug":"une-convention-de-partenariat-pour-encourager-lauto-emploi","status":"publish","type":"post","link":"https:\/\/linitiative.ca\/International\/une-convention-de-partenariat-pour-encourager-lauto-emploi\/","title":{"rendered":"Une convention de partenariat pour encourager l\u2019auto-emploi"},"content":{"rendered":"<p class=\"c4\">Une convention de partenariat a \u00e9t\u00e9 sign\u00e9e, samedi dernier \u00e0 Bouarfa, avec pour objectif de promouvoir l\u2019auto-emploi et d\u2019encourager les jeunes porteurs de projets, indique un communiqu\u00e9 du Conseil r\u00e9gional de l\u2019Oriental.<\/p>\n<p class=\"c4\">Cette initiative, qui s\u2019inscrit dans le cadre de l\u2019appui \u00e0 l\u2019auto-emploi dans la province de Figuig, tend \u00e0 encourager l\u2019int\u00e9gration des jeunes dans le march\u00e9 du travail \u00e0 travers la cr\u00e9ation de projets g\u00e9n\u00e9rateurs de revenus, pr\u00e9cise la m\u00eame source.<\/p>\n<p class=\"c4\">La convention a \u00e9t\u00e9 paraph\u00e9e par le pr\u00e9sident du Conseil r\u00e9gional, le gouverneur de la province de Figuig, le pr\u00e9sident du Conseil provincial, le pr\u00e9sident de l\u2019association d\u2019accompagnement des projets d\u2019auto-emploi au niveau de la province et les jeunes porteurs de projets.<\/p>\n<p class=\"c4\">Ces jeunes qui vont b\u00e9n\u00e9ficier d\u2019un financement et d\u2019un accompagnement pour la r\u00e9ussite de leurs projets d\u2019auto-emploi sont au nombre de 37, a expliqu\u00e9 \u00e0 cette occasion le pr\u00e9sident du Conseil r\u00e9gional, Abdenbi Bioui.<\/p>\n<p class=\"c4\">Il a mis l\u2019accent dans ce sens sur l\u2019approche adopt\u00e9e pour l\u2019encouragement de l\u2019auto-emploi et de l\u2019esprit d\u2019entrepreneuriat \u00e0 travers notamment l\u2019octroi d\u2019une subvention financi\u00e8re qui peut atteindre jusqu\u2019\u00e0 90pc du co\u00fbt global, en fonction de la nature du projet, en plus de l\u2019accompagnement des b\u00e9n\u00e9ficiaires.<\/p>\n<p class=\"c4\">M. Bioui a fait savoir que les 37 porteurs de projets d\u2019auto-emploi dans la province de Figuig ont b\u00e9n\u00e9fici\u00e9 d\u2019un soutien financier dans le cadre d\u2019un partenariat entre le Conseil r\u00e9gional, le Conseil provincial et la province de Figuig, dont l\u2019enveloppe budg\u00e9taire s\u2019\u00e9l\u00e8ve \u00e0 environ 12,5 MDH (1\u00e8re tranche).<\/p>\n<p class=\"c4\">Il a par ailleurs rappel\u00e9 que le Conseil r\u00e9gional a approuv\u00e9, lors de sa derni\u00e8re session extraordinaire, une s\u00e9rie de conventions visant la promotion de l\u2019investissement dans la r\u00e9gion et la contribution \u00e0 la cr\u00e9ation d\u2019emplois.<\/p>\n<p class=\"c4\">Ces conventions vont permettre de cr\u00e9er plus de 2.400 postes d\u2019emploi, a-t-il rappel\u00e9, notant que le Conseil r\u00e9gional ne m\u00e9nage aucun effort pour honorer ses engagements en mati\u00e8re d\u2019appui \u00e0 l\u2019investissement et de promotion de l\u2019emploi.<\/p>\n<p class=\"c4\">Depuis le d\u00e9but de son mandat et jusqu\u2019\u00e0 la fin de l\u2019ann\u00e9e 2019, le Conseil a veill\u00e9 \u00e0 l\u2019appui d\u2019un nombre important d\u2019entreprises ayant contribu\u00e9 \u00e0 la cr\u00e9ation de plus de 6.800 emplois au niveau de la r\u00e9gion, a-t-il encore ajout\u00e9.<\/p>\n<p class=\"c4\">M. Bioui a rappel\u00e9 aussi qu\u2019un m\u00e9morandum d\u2019entente fixant le cadre d\u2019accompagnement du tissu d\u2019entreprises et d\u2019encouragement de l\u2019investissement dans la r\u00e9gion de l\u2019Oriental a \u00e9t\u00e9 sign\u00e9, r\u00e9cemment au si\u00e8ge du Conseil r\u00e9gional \u00e0 Oujda, avec le groupe Banque populaire.<\/p>\n<p class=\"c4\">Ce m\u00e9morandum d\u2019entente \u00e9tablit le cadre de coop\u00e9ration entre les parties signataires pour contribuer au d\u00e9veloppement de la r\u00e9gion de l\u2019Oriental et renforcer le r\u00f4le des entreprises locales, \u00e0 travers la mise en place d\u2019un produit bancaire destin\u00e9 aux auto-entrepreneurs et aux tr\u00e8s petites entreprises, et ce dans l\u2019objectif de les accompagner et de financer leurs projets.<\/p>\n<p>Auteur: Soufiane ELAHMAR<br \/>\n<a href=\"http:\/\/www.mapoujda.ma\/fr\/convention-de-partenariat-pour-encourager-lauto-emploi\/\">Cliquez ici pour lire l&rsquo;article depuis sa source.<\/a><\/p>\n","protected":false},"excerpt":{"rendered":"<p>Une convention de partenariat a \u00e9t\u00e9 sign\u00e9e, samedi dernier \u00e0 Bouarfa, avec pour objectif de promouvoir l\u2019auto-emploi et d\u2019encourager les jeunes porteurs de projets, indique un communiqu\u00e9 du Conseil r\u00e9gional de l\u2019Oriental. Cette initiative, qui s\u2019inscrit dans le cadre de l\u2019appui \u00e0 l\u2019auto-emploi dans la province de Figuig, tend \u00e0 encourager l\u2019int\u00e9gration des jeunes dans [&hellip;]<\/p>\n","protected":false},"author":1788,"featured_media":0,"comment_status":"closed","ping_status":"closed","sticky":false,"template":"","format":"standard","meta":{"fifu_image_url":"","fifu_image_alt":"","footnotes":""},"categories":[54,76],"tags":[],"class_list":["post-73008","post","type-post","status-publish","format-standard","hentry","category-maroc","category-regions"],"_links":{"self":[{"href":"https:\/\/linitiative.ca\/International\/wp-json\/wp\/v2\/posts\/73008","targetHints":{"allow":["GET"]}}],"collection":[{"href":"https:\/\/linitiative.ca\/International\/wp-json\/wp\/v2\/posts"}],"about":[{"href":"https:\/\/linitiative.ca\/International\/wp-json\/wp\/v2\/types\/post"}],"author":[{"embeddable":true,"href":"https:\/\/linitiative.ca\/International\/wp-json\/wp\/v2\/users\/1788"}],"replies":[{"embeddable":true,"href":"https:\/\/linitiative.ca\/International\/wp-json\/wp\/v2\/comments?post=73008"}],"version-history":[{"count":0,"href":"https:\/\/linitiative.ca\/International\/wp-json\/wp\/v2\/posts\/73008\/revisions"}],"wp:attachment":[{"href":"https:\/\/linitiative.ca\/International\/wp-json\/wp\/v2\/media?parent=73008"}],"wp:term":[{"taxonomy":"category","embeddable":true,"href":"https:\/\/linitiative.ca\/International\/wp-json\/wp\/v2\/categories?post=73008"},{"taxonomy":"post_tag","embeddable":true,"href":"https:\/\/linitiative.ca\/International\/wp-json\/wp\/v2\/tags?post=73008"}],"curies":[{"name":"wp","href":"https:\/\/api.w.org\/{rel}","templated":true}]}}