{"id":73013,"date":"2020-01-14T05:30:00","date_gmt":"2020-01-14T10:30:00","guid":{"rendered":"https:\/\/linitiative.ca\/International\/des-artistes-au-chevet-de-lecole-de-la-deuxieme-chance\/"},"modified":"2020-01-14T05:30:00","modified_gmt":"2020-01-14T10:30:00","slug":"des-artistes-au-chevet-de-lecole-de-la-deuxieme-chance","status":"publish","type":"post","link":"https:\/\/linitiative.ca\/International\/des-artistes-au-chevet-de-lecole-de-la-deuxieme-chance\/","title":{"rendered":"Des artistes au chevet de l\u2019\u00e9cole de la deuxi\u00e8me chance"},"content":{"rendered":"<div readability=\"37\">\n<p>Une expo\/vente pour assurer un avenir meilleur \u00e0 des jeunes d\u00e9scolaris\u00e9s<\/p>\n<p>60 jeunes, \u00e2g\u00e9s de 15 \u00e0 20 ans, d\u00e9scolaris\u00e9s, apprennent un m\u00e9tier<\/p>\n<\/div>\n<div readability=\"118\">\n<div class=\"dnd-atom-wrapper type-image context-sdl_editor_representation\" contenteditable=\"false\" readability=\"33.5\">\n<div class=\"dnd-drop-wrapper image\"><img loading=\"lazy\" decoding=\"async\" typeof=\"foaf:Image\" class=\"img-responsive\" src=\"https:\/\/www.leconomiste.com\/sites\/default\/files\/eco7\/public\/thumbnails\/image\/exposition-i-love-plastic-i-know-its-bad-074.jpg\" width=\"660\" height=\"330\" alt=\"exposition-i-love-plastic-i-know-its-bad-074.jpg\" title=\"exposition-i-love-plastic-i-know-its-bad-074.jpg\"\/><\/div>\n<div class=\"dnd-legend-wrapper\" contenteditable=\"true\" readability=\"12\">\n<p class=\"rtejustify\">L\u2019exposition donne \u00e0 voir une quarantaine d\u2019\u0153uvres in\u00e9dites pour la plupart, abordant le th\u00e8me de l\u2019urgence de la transition \u00e9cologique. Ici, \u0153uvre photographique de Deborah Benzaquen intitul\u00e9e: I love plastic, I know it&rsquo;s bad <em>(Cr\u00e9dit Deborah Benzaquen)<\/em><\/p>\n<\/div>\n<\/div>\n<p class=\"rtejustify\">Ils sont 15 artistes plasticiens, parmi les plus renomm\u00e9s de la place, \u00e0 se mobiliser pour offrir un avenir \u00e0 des jeunes en rupture scolaire. L\u2019expo\/vente #LesYeux OuVerts, qui se tient, du 16 janvier au 25 f\u00e9vrier 2020, \u00e0 l\u2019espace d\u2019art Artorium de la fondation TGCC, \u00e0 Casablanca, propose une quarantaine d\u2019\u0153uvres in\u00e9dites pour la plupart, abordant le th\u00e8me de l\u2019urgence de la transition \u00e9cologique.<\/p>\n<p class=\"rtejustify\">\u00c9labor\u00e9e et mise en sc\u00e8ne par Claire Boudsocq, commissaire de l\u2019exposition, cette deuxi\u00e8me \u00e9dition regroupe des cr\u00e9ations artistiques sous quatre fa\u00e7ons de voir le monde, des visions qui constituent finalement des r\u00e9flexions susceptibles de changer notre regard sur nos modes de vie.<\/p>\n<p class=\"rtejustify\">Il s\u2019agit de l\u2019observation, l\u2019\u00e9quilibre, la folie et la conscience. Ils sont peintres, photographes, sculpteurs, plasticiens\u2026 \u00e0 avoir accept\u00e9 d\u2019exposer leurs cr\u00e9ations, souvent in\u00e9dites, pour \u0153uvrer en faveur de l\u2019enseignement public. Port\u00e9 par l\u2019association Enfance Maghreb Avenir (EMA), l\u2019\u00e9v\u00e8nement est \u00e9labor\u00e9 par \u00abEMA\u2019rt\u00bb, un projet qui vient en soutien aux activit\u00e9s de l\u2019association, mis en sc\u00e8ne par Claire Boudsocq, curatrice de l\u2019\u00e9v\u00e8nement et membre b\u00e9n\u00e9vole de l\u2019association.<\/p>\n<p class=\"rtejustify\">Des artistes confirm\u00e9s tels que Abdelkrim Ouazzani, Safae Erruas, Amina Agueznay ou Fatiha Zemouri ainsi que d\u2019autres artistes \u00e9mergents sont r\u00e9unis pour cette exposition avec un objectif majeur: soutenir le fonctionnement du nouveau centre de formation par l\u2019apprentissage, mis en place par EMA en octobre 2019. Dans ce centre, soixante enfants, \u00e2g\u00e9s de 15 \u00e0 20 ans, d\u00e9scolaris\u00e9s, apprennent un m\u00e9tier r\u00e9pondant au march\u00e9 de l\u2019emploi, gr\u00e2ce \u00e0 une formation sur deux ans.<\/p>\n<p class=\"rtejustify\">C\u2019est une \u00e9cole de la deuxi\u00e8me chance. \u00abUne formation qui a un co\u00fbt cons\u00e9quent\u00bb, pr\u00e9cise la curatrice. \u00abUn cursus de formation revient \u00e0 20.000 DH par \u00e9l\u00e8ve. En faisant l\u2019acquisition d\u2019une \u0153uvre, les collectionneurs, les amateurs d\u2019art et les partenaires qui nous soutiennent offrent tout simplement un avenir \u00e0 un jeune Marocain ou une jeune Marocaine en lui permettant de suivre une formation qui va mieux l\u2019armer pour le march\u00e9 de l\u2019emploi\u00bb, explique Claire Boudsocq.<\/p>\n<p class=\"rtejustify\">L\u2019exposition #LesYeux OuVerts sera accompagn\u00e9e d\u2019une s\u00e9rie de conf\u00e9rences, toujours \u00e0 l\u2019espace d\u2019art Artorium, notamment avec l\u2019 historien de l&rsquo;art, commissaire d&rsquo;exposition et \u00e9crivain fran\u00e7ais Paul Ardenne. Pr\u00e9vue le jeudi 22 janvier \u00e0 19h, la table ronde posera une question essentielle: \u00abLes artistes ne peuvent pas rester indiff\u00e9rents?\u00bb. Une autre rencontre, parrain\u00e9e par l\u2019Institut fran\u00e7ais de Casablanca, pr\u00e9vue le 30 janvier \u00e0 19h, traitera du th\u00e8me:\u00abLa transition \u00e9cologique: Art et architecture, m\u00eame combat?\u00bb.<\/p>\n<p class=\"rtejustify\">L\u2019association Enfance Maghreb Avenir (EMA) est une ONG de solidarit\u00e9 internationale qui a \u00e9t\u00e9 cr\u00e9\u00e9e \u00e0 Paris en 2006 et \u00e0 Rabat en 2007. Elle a pour objet l\u2019am\u00e9lioration de l\u2019acc\u00e8s \u00e0 l\u2019\u00e9ducation des jeunes Marocains. Elle cr\u00e9e ou am\u00e9nage des infrastructures dans les \u00e9coles publiques des quartiers d\u00e9favoris\u00e9s du Grand Casablanca et du mellah de Marrakech.<\/p>\n<p class=\"rtejustify\">Elle accompagne \u00e9galement la scolarit\u00e9 des enfants par diff\u00e9rents types d\u2019actions comme la lecture, l\u2019informatique, le transport scolaire, la distribution de cartables, la formation, etc. Depuis 2006, une vingtaine d\u2019\u00e9tablissements scolaires publics ont \u00e9t\u00e9 r\u00e9nov\u00e9s par EMA. L\u2019association s\u2019engage \u00e0 restaurer quelque 10 \u00e9coles suppl\u00e9mentaires durant l\u2019ann\u00e9e 2020. Chaque ann\u00e9e, 11.000 enfants sont suivis par Enfance Maghreb Avenir.<\/p>\n<p class=\"rtejustify\"><em>A.Bo<\/em><\/p>\n<\/div>\n<p>Auteur: hlafriqi<br \/>\n<a href=\"https:\/\/www.leconomiste.com\/article\/1055770-des-artistes-au-chevet-de-l-ecole-de-la-deuxieme-chance\">Cliquez ici pour lire l&rsquo;article depuis sa source.<\/a><\/p>\n","protected":false},"excerpt":{"rendered":"<p>Une expo\/vente pour assurer un avenir meilleur \u00e0 des jeunes d\u00e9scolaris\u00e9s 60 jeunes, \u00e2g\u00e9s de 15 \u00e0 20 ans, d\u00e9scolaris\u00e9s, apprennent un m\u00e9tier L\u2019exposition donne \u00e0 voir une quarantaine d\u2019\u0153uvres in\u00e9dites pour la plupart, abordant le th\u00e8me de l\u2019urgence de la transition \u00e9cologique. Ici, \u0153uvre photographique de Deborah Benzaquen intitul\u00e9e: I love plastic, I know [&hellip;]<\/p>\n","protected":false},"author":1763,"featured_media":73014,"comment_status":"closed","ping_status":"closed","sticky":false,"template":"","format":"standard","meta":{"fifu_image_url":"","fifu_image_alt":"","footnotes":""},"categories":[78,54],"tags":[],"class_list":["post-73013","post","type-post","status-publish","format-standard","has-post-thumbnail","hentry","category-economie","category-maroc"],"_links":{"self":[{"href":"https:\/\/linitiative.ca\/International\/wp-json\/wp\/v2\/posts\/73013","targetHints":{"allow":["GET"]}}],"collection":[{"href":"https:\/\/linitiative.ca\/International\/wp-json\/wp\/v2\/posts"}],"about":[{"href":"https:\/\/linitiative.ca\/International\/wp-json\/wp\/v2\/types\/post"}],"author":[{"embeddable":true,"href":"https:\/\/linitiative.ca\/International\/wp-json\/wp\/v2\/users\/1763"}],"replies":[{"embeddable":true,"href":"https:\/\/linitiative.ca\/International\/wp-json\/wp\/v2\/comments?post=73013"}],"version-history":[{"count":0,"href":"https:\/\/linitiative.ca\/International\/wp-json\/wp\/v2\/posts\/73013\/revisions"}],"wp:featuredmedia":[{"embeddable":true,"href":"https:\/\/linitiative.ca\/International\/wp-json\/"}],"wp:attachment":[{"href":"https:\/\/linitiative.ca\/International\/wp-json\/wp\/v2\/media?parent=73013"}],"wp:term":[{"taxonomy":"category","embeddable":true,"href":"https:\/\/linitiative.ca\/International\/wp-json\/wp\/v2\/categories?post=73013"},{"taxonomy":"post_tag","embeddable":true,"href":"https:\/\/linitiative.ca\/International\/wp-json\/wp\/v2\/tags?post=73013"}],"curies":[{"name":"wp","href":"https:\/\/api.w.org\/{rel}","templated":true}]}}