{"id":73015,"date":"2020-01-14T05:45:00","date_gmt":"2020-01-14T10:45:00","guid":{"rendered":"https:\/\/linitiative.ca\/International\/liran-sous-haute-pression\/"},"modified":"2020-01-14T05:45:00","modified_gmt":"2020-01-14T10:45:00","slug":"liran-sous-haute-pression","status":"publish","type":"post","link":"https:\/\/linitiative.ca\/International\/liran-sous-haute-pression\/","title":{"rendered":"L\u2019Iran sous haute pression"},"content":{"rendered":"<div readability=\"34\">\n<p>Le Canada demande des comptes \u00e0 T\u00e9h\u00e9ran apr\u00e8s le crash de l\u2019avion ukrainien<\/p>\n<p>Des manifestations de col\u00e8re durant lesquelles l\u2019ambassadeur britannique est arr\u00eat\u00e9<\/p>\n<\/div>\n<div readability=\"100\">\n<div class=\"dnd-atom-wrapper type-image context-sdl_editor_representation atom-align-right\" contenteditable=\"false\" readability=\"35\">\n<div class=\"dnd-drop-wrapper image\"><img loading=\"lazy\" decoding=\"async\" typeof=\"foaf:Image\" class=\"img-responsive\" src=\"https:\/\/www.leconomiste.com\/sites\/default\/files\/eco7\/public\/thumbnails\/image\/trump-074.jpg\" width=\"397\" height=\"265\" alt=\"trump-074.jpg\" title=\"trump-074.jpg\"\/><\/div>\n<div class=\"dnd-legend-wrapper\" contenteditable=\"true\" readability=\"15\">\n<p class=\"rtejustify\">En r\u00e9action au rassemblement de col\u00e8re des \u00e9tudiants iraniens samedi soir, le pr\u00e9sident am\u00e9ricain Donald Trump a publi\u00e9 un tweet dans lequel il dit \u00abse tenir aux c\u00f4t\u00e9s du peuple iranien\u00bb. Il a, en outre, averti le r\u00e9gime iranien qu\u2019il ne pouvait pas y avoir \u00abun autre massacre de manifestants pacifiques\u00bb, en r\u00e9f\u00e9rence \u00e0 un mouvement de contestation en novembre dernier, violemment r\u00e9prim\u00e9 selon Amnesty International <em>(Ph. AFP)<\/em><\/p>\n<\/div>\n<\/div>\n<p class=\"rtejustify\">\u00abUne erreur impardonnable\u00bb et \u00abune grande trag\u00e9die\u00bb. Voil\u00e0 comment le pr\u00e9sident iranien Hassan Rohani a qualifi\u00e9 le crash de l\u2019avion civil ukrainien survenu mercredi dernier. L\u2019Iran a, en effet, reconnu samedi avoir abattu le Boeing 737 ukrainien \u00abpar erreur\u00bb, \u00e0 l\u2019aide d\u2019un missile.<\/p>\n<p class=\"rtejustify\">Pour sa part, le chef de la diplomatie, Mohammad Javad Zarif, tout en pr\u00e9sentant ses excuses apr\u00e8s le drame, a d\u00e9plor\u00e9 une \u00aberreur humaine en des temps de crise, caus\u00e9e par l\u2019aventurisme am\u00e9ricain qui a men\u00e9 au d\u00e9sastre\u00bb. L\u2019Iran ayant tir\u00e9 des missiles sur des bases abritant des soldats am\u00e9ricains en Irak (sans y faire de victimes) pour venger la mort, le 3 janvier, de son puissant g\u00e9n\u00e9ral Qassem Soleimani, dans un raid am\u00e9ricain \u00e0 Bagdad.<\/p>\n<p class=\"rtejustify\">Les forces arm\u00e9es, quant \u00e0 elles, ont expliqu\u00e9 dans un communiqu\u00e9 que l\u2019appareil avait \u00e9t\u00e9 pris pour une cible hostile. \u00abJ\u2019aurais pr\u00e9f\u00e9r\u00e9 mourir plut\u00f4t que d\u2019assister \u00e0 un tel accident. La nuit de l\u2019accident, l\u2019\u00e9tat d\u2019alerte \u00e9tait au niveau guerre \u00e0 cause des menaces am\u00e9ricaines\u00bb, a d\u00e9clar\u00e9 \u00e0 la t\u00e9l\u00e9vision le g\u00e9n\u00e9ral de brigade Amirali Hajizadeh, commandant de la branche a\u00e9rospatiale des Gardiens de la R\u00e9volution, l\u2019arm\u00e9e id\u00e9ologique de l\u2019Iran.<\/p>\n<p class=\"rtejustify\">L\u2019Agence europ\u00e9enne de la s\u00e9curit\u00e9 a\u00e9rienne a recommand\u00e9 aux compagnies a\u00e9riennes d\u2019\u00e9viter le ciel iranien \u00abjusqu\u2019\u00e0 nouvel ordre\u00bb. A bord de l\u2019avion de la compagnie Ukraine Airlines International se trouvaient 176 passagers, dont 57 Canadiens, mais aussi des Britanniques, des Afghans et des Su\u00e9dois.<\/p>\n<p class=\"rtejustify\">\u00abFurieux et scandalis\u00e9\u00bb, le Premier ministre canadien Justin Trudeau s\u2019est entretenu samedi avec le pr\u00e9sident iranien, et a exig\u00e9 qu\u2019il fasse toute la lumi\u00e8re sur la catastrophe. Il a \u00e9galement appel\u00e9 T\u00e9h\u00e9ran \u00e0 \u00aben assumer l\u2019enti\u00e8re responsabilit\u00e9, y compris financi\u00e8re\u00bb. Trudeau a aussi insist\u00e9 sur la n\u00e9cessit\u00e9 d\u2019une enqu\u00eate approfondie \u00e0 laquelle le Canada serait associ\u00e9.<\/p>\n<p class=\"rtejustify\">Samedi soir, plusieurs centaines d\u2019\u00e9tudiants se sont r\u00e9unis \u00e0 T\u00e9h\u00e9ran pour honorer les victimes. Selon l\u2019agence AFP, leur rassemblement s\u2019est transform\u00e9 en manifestation de col\u00e8re, durant laquelle ils ont lanc\u00e9 des slogans d\u00e9non\u00e7ant des \u00abmensonges\u00bb et r\u00e9clam\u00e9 des poursuites contre les responsables du drame. La police a fini par les disperser.<\/p>\n<p class=\"rtejustify\">L\u2019ambassadeur du Royaume-Uni \u00e0 T\u00e9h\u00e9ran a m\u00eame \u00e9t\u00e9 bri\u00e8vement arr\u00eat\u00e9 le m\u00eame jour, pour avoir pr\u00e9tendument \u00abincit\u00e9\u00bb les manifestants, selon le Daily Mail.\u00a0 Dans le pays, la pression monte. Dimanche, le chef des Gardiens de la R\u00e9volution, Hossein Salami, devait s\u2019adresser au Parlement, \u00e0 huis clos, au sujet de l\u2019assassinat de Qassem Soleimani par Washington, de la riposte iranienne et du crash de l\u2019avion ukrainien.<\/p>\n<p class=\"rtejustify\"><em>A.Na avec AFP<\/em><\/p>\n<\/div>\n<p>Auteur: hlafriqi<br \/>\n<a href=\"https:\/\/www.leconomiste.com\/article\/1055774-l-iran-sous-haute-pression\">Cliquez ici pour lire l&rsquo;article depuis sa source.<\/a><\/p>\n","protected":false},"excerpt":{"rendered":"<p>Le Canada demande des comptes \u00e0 T\u00e9h\u00e9ran apr\u00e8s le crash de l\u2019avion ukrainien Des manifestations de col\u00e8re durant lesquelles l\u2019ambassadeur britannique est arr\u00eat\u00e9 En r\u00e9action au rassemblement de col\u00e8re des \u00e9tudiants iraniens samedi soir, le pr\u00e9sident am\u00e9ricain Donald Trump a publi\u00e9 un tweet dans lequel il dit \u00abse tenir aux c\u00f4t\u00e9s du peuple iranien\u00bb. Il [&hellip;]<\/p>\n","protected":false},"author":1763,"featured_media":73016,"comment_status":"closed","ping_status":"closed","sticky":false,"template":"","format":"standard","meta":{"fifu_image_url":"","fifu_image_alt":"","footnotes":""},"categories":[78,54],"tags":[],"class_list":["post-73015","post","type-post","status-publish","format-standard","has-post-thumbnail","hentry","category-economie","category-maroc"],"_links":{"self":[{"href":"https:\/\/linitiative.ca\/International\/wp-json\/wp\/v2\/posts\/73015","targetHints":{"allow":["GET"]}}],"collection":[{"href":"https:\/\/linitiative.ca\/International\/wp-json\/wp\/v2\/posts"}],"about":[{"href":"https:\/\/linitiative.ca\/International\/wp-json\/wp\/v2\/types\/post"}],"author":[{"embeddable":true,"href":"https:\/\/linitiative.ca\/International\/wp-json\/wp\/v2\/users\/1763"}],"replies":[{"embeddable":true,"href":"https:\/\/linitiative.ca\/International\/wp-json\/wp\/v2\/comments?post=73015"}],"version-history":[{"count":0,"href":"https:\/\/linitiative.ca\/International\/wp-json\/wp\/v2\/posts\/73015\/revisions"}],"wp:featuredmedia":[{"embeddable":true,"href":"https:\/\/linitiative.ca\/International\/wp-json\/"}],"wp:attachment":[{"href":"https:\/\/linitiative.ca\/International\/wp-json\/wp\/v2\/media?parent=73015"}],"wp:term":[{"taxonomy":"category","embeddable":true,"href":"https:\/\/linitiative.ca\/International\/wp-json\/wp\/v2\/categories?post=73015"},{"taxonomy":"post_tag","embeddable":true,"href":"https:\/\/linitiative.ca\/International\/wp-json\/wp\/v2\/tags?post=73015"}],"curies":[{"name":"wp","href":"https:\/\/api.w.org\/{rel}","templated":true}]}}