{"id":73024,"date":"2020-01-14T15:14:09","date_gmt":"2020-01-14T20:14:09","guid":{"rendered":"https:\/\/linitiative.ca\/International\/pros-plus-de-peur-que-de-mal-pour-brahimi\/"},"modified":"2020-01-14T15:14:09","modified_gmt":"2020-01-14T20:14:09","slug":"pros-plus-de-peur-que-de-mal-pour-brahimi","status":"publish","type":"post","link":"https:\/\/linitiative.ca\/International\/pros-plus-de-peur-que-de-mal-pour-brahimi\/","title":{"rendered":"Pros : Plus de peur que de mal pour Brahimi"},"content":{"rendered":"<div readability=\"32\">\n<p>Auteur : <span class=\"time\">mardi 14 janvier 2020 20:12<\/span><\/p>\n<\/div>\n<div id=\"post_core\" readability=\"38\">\n<p>Le club d\u2019Al Rayyan a tenu \u00e0 rassurer ses fans \u00e0 propos de la blessure du joueur Alg\u00e9rien, Yacine Brahimi. Le club en question a indiqu\u00e9 que la blessure du meneur de jeu Alg\u00e9rien de l\u2019\u00e9quipe n\u2019a rien de grave, pr\u00e9cisant qu\u2019il s\u2019agit juste d\u2019une l\u00e9g\u00e8re douleur au niveau de la cheville. Ainsi donc, Brahimi sera pr\u00e9sent lors du prochain match de l\u2019\u00e9quipe face \u00e0 Al Gharafa. Rappelons que Brahimi a contract\u00e9 cette blessure lors du pr\u00e9c\u00e9dent match de l\u2019\u00e9quipe contre Al Sadd.<\/p>\n<p><strong>Publi\u00e9 dans :<\/strong> <span>Brahimi<\/span><\/p>\n<\/div>\n<p>Auteur:<br \/>\n<a href=\"http:\/\/www.lebuteur.com\/article\/detail?titre=plus-de-peur-que-de-mal-pour-brahimi&#038;id=94177&#038;utm_source=feedburner&#038;utm_medium=feed&#038;utm_campaign=Feed%3A+GalerieFArtciles+%28Les+derniers+articles++-+lebuteur.com%29\">Cliquez ici pour lire l&rsquo;article depuis sa source.<\/a><\/p>\n","protected":false},"excerpt":{"rendered":"<p>Auteur : mardi 14 janvier 2020 20:12 Le club d\u2019Al Rayyan a tenu \u00e0 rassurer ses fans \u00e0 propos de la blessure du joueur Alg\u00e9rien, Yacine Brahimi. Le club en question a indiqu\u00e9 que la blessure du meneur de jeu Alg\u00e9rien de l\u2019\u00e9quipe n\u2019a rien de grave, pr\u00e9cisant qu\u2019il s\u2019agit juste d\u2019une l\u00e9g\u00e8re douleur au [&hellip;]<\/p>\n","protected":false},"author":1738,"featured_media":73025,"comment_status":"closed","ping_status":"closed","sticky":false,"template":"","format":"standard","meta":{"fifu_image_url":"","fifu_image_alt":"","footnotes":""},"categories":[53,75],"tags":[],"class_list":["post-73024","post","type-post","status-publish","format-standard","has-post-thumbnail","hentry","category-algerie","category-sport"],"_links":{"self":[{"href":"https:\/\/linitiative.ca\/International\/wp-json\/wp\/v2\/posts\/73024","targetHints":{"allow":["GET"]}}],"collection":[{"href":"https:\/\/linitiative.ca\/International\/wp-json\/wp\/v2\/posts"}],"about":[{"href":"https:\/\/linitiative.ca\/International\/wp-json\/wp\/v2\/types\/post"}],"author":[{"embeddable":true,"href":"https:\/\/linitiative.ca\/International\/wp-json\/wp\/v2\/users\/1738"}],"replies":[{"embeddable":true,"href":"https:\/\/linitiative.ca\/International\/wp-json\/wp\/v2\/comments?post=73024"}],"version-history":[{"count":0,"href":"https:\/\/linitiative.ca\/International\/wp-json\/wp\/v2\/posts\/73024\/revisions"}],"wp:featuredmedia":[{"embeddable":true,"href":"https:\/\/linitiative.ca\/International\/wp-json\/"}],"wp:attachment":[{"href":"https:\/\/linitiative.ca\/International\/wp-json\/wp\/v2\/media?parent=73024"}],"wp:term":[{"taxonomy":"category","embeddable":true,"href":"https:\/\/linitiative.ca\/International\/wp-json\/wp\/v2\/categories?post=73024"},{"taxonomy":"post_tag","embeddable":true,"href":"https:\/\/linitiative.ca\/International\/wp-json\/wp\/v2\/tags?post=73024"}],"curies":[{"name":"wp","href":"https:\/\/api.w.org\/{rel}","templated":true}]}}