{"id":73026,"date":"2020-01-14T15:14:11","date_gmt":"2020-01-14T20:14:11","guid":{"rendered":"https:\/\/linitiative.ca\/International\/pros-borussia-monchengladbach-bensebaini-blesse\/"},"modified":"2020-01-14T15:14:11","modified_gmt":"2020-01-14T20:14:11","slug":"pros-borussia-monchengladbach-bensebaini-blesse","status":"publish","type":"post","link":"https:\/\/linitiative.ca\/International\/pros-borussia-monchengladbach-bensebaini-blesse\/","title":{"rendered":"Pros : Borussia M\u00f6nchengladbach: Bensebaini bless\u00e9"},"content":{"rendered":"<div readability=\"32\">\n<p>Auteur : <span class=\"time\">mardi 14 janvier 2020 20:50<\/span><\/p>\n<\/div>\n<div id=\"post_core\" readability=\"39\">\n<p>Le d\u00e9fenseur Alg\u00e9rien du Borussia M\u00f6nchengladbach, Ramy Bensebaini s\u2019est bless\u00e9 \u00e0 l\u2019entra\u00eenement. Selon le club allemand, le joueur Alg\u00e9rien souffre d\u2019une blessure musculaire. Pour l\u2019heure, aucune info n\u2019a filtr\u00e9 sur la gravit\u00e9 de cette blessure.<\/p>\n<p><strong>Publi\u00e9 dans :<\/strong> <span>Bensebaini<\/span><\/p>\n<\/div>\n<p>Auteur:<br \/>\n<a href=\"http:\/\/www.lebuteur.com\/article\/detail?titre=borussia-monchengladbach-bensebaini-blesse&#038;id=94178&#038;utm_source=feedburner&#038;utm_medium=feed&#038;utm_campaign=Feed%3A+GalerieFArtciles+%28Les+derniers+articles++-+lebuteur.com%29\">Cliquez ici pour lire l&rsquo;article depuis sa source.<\/a><\/p>\n","protected":false},"excerpt":{"rendered":"<p>Auteur : mardi 14 janvier 2020 20:50 Le d\u00e9fenseur Alg\u00e9rien du Borussia M\u00f6nchengladbach, Ramy Bensebaini s\u2019est bless\u00e9 \u00e0 l\u2019entra\u00eenement. Selon le club allemand, le joueur Alg\u00e9rien souffre d\u2019une blessure musculaire. Pour l\u2019heure, aucune info n\u2019a filtr\u00e9 sur la gravit\u00e9 de cette blessure. Publi\u00e9 dans : Bensebaini Auteur: Cliquez ici pour lire l&rsquo;article depuis sa source.<\/p>\n","protected":false},"author":1738,"featured_media":73027,"comment_status":"closed","ping_status":"closed","sticky":false,"template":"","format":"standard","meta":{"fifu_image_url":"","fifu_image_alt":"","footnotes":""},"categories":[53,75],"tags":[],"class_list":["post-73026","post","type-post","status-publish","format-standard","has-post-thumbnail","hentry","category-algerie","category-sport"],"_links":{"self":[{"href":"https:\/\/linitiative.ca\/International\/wp-json\/wp\/v2\/posts\/73026","targetHints":{"allow":["GET"]}}],"collection":[{"href":"https:\/\/linitiative.ca\/International\/wp-json\/wp\/v2\/posts"}],"about":[{"href":"https:\/\/linitiative.ca\/International\/wp-json\/wp\/v2\/types\/post"}],"author":[{"embeddable":true,"href":"https:\/\/linitiative.ca\/International\/wp-json\/wp\/v2\/users\/1738"}],"replies":[{"embeddable":true,"href":"https:\/\/linitiative.ca\/International\/wp-json\/wp\/v2\/comments?post=73026"}],"version-history":[{"count":0,"href":"https:\/\/linitiative.ca\/International\/wp-json\/wp\/v2\/posts\/73026\/revisions"}],"wp:featuredmedia":[{"embeddable":true,"href":"https:\/\/linitiative.ca\/International\/wp-json\/"}],"wp:attachment":[{"href":"https:\/\/linitiative.ca\/International\/wp-json\/wp\/v2\/media?parent=73026"}],"wp:term":[{"taxonomy":"category","embeddable":true,"href":"https:\/\/linitiative.ca\/International\/wp-json\/wp\/v2\/categories?post=73026"},{"taxonomy":"post_tag","embeddable":true,"href":"https:\/\/linitiative.ca\/International\/wp-json\/wp\/v2\/tags?post=73026"}],"curies":[{"name":"wp","href":"https:\/\/api.w.org\/{rel}","templated":true}]}}