{"id":73029,"date":"2020-01-14T15:19:13","date_gmt":"2020-01-14T20:19:13","guid":{"rendered":"https:\/\/linitiative.ca\/International\/offense-a-lun-des-symboles-de-la-revolution-lancien-directeur-de-la-culture-de-msila-place-en-detention-provisoire\/"},"modified":"2020-01-14T15:19:13","modified_gmt":"2020-01-14T20:19:13","slug":"offense-a-lun-des-symboles-de-la-revolution-lancien-directeur-de-la-culture-de-msila-place-en-detention-provisoire","status":"publish","type":"post","link":"https:\/\/linitiative.ca\/International\/offense-a-lun-des-symboles-de-la-revolution-lancien-directeur-de-la-culture-de-msila-place-en-detention-provisoire\/","title":{"rendered":"Offense \u00e0 l\u2019un des symboles de la r\u00e9volution :   L\u2019ancien directeur de la culture de M\u2019sila plac\u00e9 en d\u00e9tention provisoire"},"content":{"rendered":"<p>Le juge instructeur pr\u00e8s le tribunal de M\u2019sila a ordonn\u00e9 hier en fin d\u2019apr\u00e8s-midi de placer en d\u00e9tention provisoire l\u2019ancien directeur de la culture de la wilaya, Rabah Drif, selon un communiqu\u00e9 du procureur de la R\u00e9publique pr\u00e8s ce tribunal.<br \/>Le communiqu\u00e9 indique qu\u2019\u00a0\u00bben vertu de l\u2019article 11 du Code de proc\u00e9dure p\u00e9nale et de l\u2019enqu\u00eate pr\u00e9liminaire ouverte par la police judiciaire, le nomm\u00e9 Rabah Drif a \u00e9t\u00e9 pr\u00e9sent\u00e9 pour des faits ayant un caract\u00e8re p\u00e9nal\u00a0\u00bb.<br \/>Le communiqu\u00e9 ajoute qu\u2019apr\u00e8s son interrogatoire, il a \u00e9t\u00e9 d\u00e9f\u00e9r\u00e9 devant le juge instructeur pr\u00e8s le m\u00eame tribunal pour accusations de d\u00e9lits de \u00ab\u00a0pr\u00e9sentation au public de publications de nature \u00e0 porter pr\u00e9judice \u00e0 l\u2019int\u00e9r\u00eat national, l\u2019int\u00e9grit\u00e9 et l\u2019unit\u00e9 du pays\u00a0\u00bb, qui constituent un acte puni par les articles 96 et 79 du Code p\u00e9nal et des articles 52 et 66 du Code du moudjahid et du chahid.<br \/>Dimanche, le minist\u00e8re de la Culture a mis fin aux fonctions de Rabah Drif, qui a \u00e9t\u00e9 pr\u00e9sent\u00e9 devant les instances s\u00e9curitaires comp\u00e9tentes pour enqu\u00eate apr\u00e8s avoir diffus\u00e9 sur sa page Facebook une publication comportant \u00ab\u00a0une offense\u00a0\u00bb \u00e0 un des symboles de la R\u00e9volution lib\u00e9ratrice.<\/p>\n<p>Auteur: elmoudjahid<br \/>\n<a href=\"http:\/\/www.elmoudjahid.com\/fr\/actualites\/147169\">Cliquez ici pour lire l&rsquo;article depuis sa source.<\/a><\/p>\n","protected":false},"excerpt":{"rendered":"<p>Le juge instructeur pr\u00e8s le tribunal de M\u2019sila a ordonn\u00e9 hier en fin d\u2019apr\u00e8s-midi de placer en d\u00e9tention provisoire l\u2019ancien directeur de la culture de la wilaya, Rabah Drif, selon un communiqu\u00e9 du procureur de la R\u00e9publique pr\u00e8s ce tribunal.Le communiqu\u00e9 indique qu\u2019\u00a0\u00bben vertu de l\u2019article 11 du Code de proc\u00e9dure p\u00e9nale et de l\u2019enqu\u00eate [&hellip;]<\/p>\n","protected":false},"author":1744,"featured_media":0,"comment_status":"closed","ping_status":"closed","sticky":false,"template":"","format":"standard","meta":{"fifu_image_url":"","fifu_image_alt":"","footnotes":""},"categories":[73,53],"tags":[],"class_list":["post-73029","post","type-post","status-publish","format-standard","hentry","category-actualite","category-algerie"],"_links":{"self":[{"href":"https:\/\/linitiative.ca\/International\/wp-json\/wp\/v2\/posts\/73029","targetHints":{"allow":["GET"]}}],"collection":[{"href":"https:\/\/linitiative.ca\/International\/wp-json\/wp\/v2\/posts"}],"about":[{"href":"https:\/\/linitiative.ca\/International\/wp-json\/wp\/v2\/types\/post"}],"author":[{"embeddable":true,"href":"https:\/\/linitiative.ca\/International\/wp-json\/wp\/v2\/users\/1744"}],"replies":[{"embeddable":true,"href":"https:\/\/linitiative.ca\/International\/wp-json\/wp\/v2\/comments?post=73029"}],"version-history":[{"count":0,"href":"https:\/\/linitiative.ca\/International\/wp-json\/wp\/v2\/posts\/73029\/revisions"}],"wp:attachment":[{"href":"https:\/\/linitiative.ca\/International\/wp-json\/wp\/v2\/media?parent=73029"}],"wp:term":[{"taxonomy":"category","embeddable":true,"href":"https:\/\/linitiative.ca\/International\/wp-json\/wp\/v2\/categories?post=73029"},{"taxonomy":"post_tag","embeddable":true,"href":"https:\/\/linitiative.ca\/International\/wp-json\/wp\/v2\/tags?post=73029"}],"curies":[{"name":"wp","href":"https:\/\/api.w.org\/{rel}","templated":true}]}}