{"id":73032,"date":"2020-01-14T15:19:20","date_gmt":"2020-01-14T20:19:20","guid":{"rendered":"https:\/\/linitiative.ca\/International\/mohamed-louber-installe-dans-ses-fonctions-de-president-de-larav-respect-de-la-pluralite-des-opinions\/"},"modified":"2020-01-14T15:19:20","modified_gmt":"2020-01-14T20:19:20","slug":"mohamed-louber-installe-dans-ses-fonctions-de-president-de-larav-respect-de-la-pluralite-des-opinions","status":"publish","type":"post","link":"https:\/\/linitiative.ca\/International\/mohamed-louber-installe-dans-ses-fonctions-de-president-de-larav-respect-de-la-pluralite-des-opinions\/","title":{"rendered":"Mohamed Louber install\u00e9 dans ses fonctions de pr\u00e9sident de l&rsquo;ARAV : Respect de la pluralit\u00e9 des opinions"},"content":{"rendered":"<p>Le directeur de cabinet de la pr\u00e9sidence de la R\u00e9publique, Noureddine Ayadi, a pr\u00e9sid\u00e9, hier \u00e0 Alger, la c\u00e9r\u00e9monie d&rsquo;installation officielle de M. Mohamed Louber dans ses fonctions de pr\u00e9sident de l&rsquo;Autorit\u00e9 de r\u00e9gulation de l&rsquo;audiovisuel (ARAV), indique un communiqu\u00e9 de la Pr\u00e9sidence de la R\u00e9publique.<br \/>\u00ab\u00a0Sur instruction du Pr\u00e9sident de la R\u00e9publique, M. Abdelmadjid Tebboune, le directeur de cabinet de la Pr\u00e9sidence de la R\u00e9publique, Noureddine Ayadi, a pr\u00e9sid\u00e9, au si\u00e8ge de la Pr\u00e9sidence de la R\u00e9publique, la c\u00e9r\u00e9monie d&rsquo;installation officielle de M. Mohamed Louber dans ses fonctions de pr\u00e9sident de l&rsquo;ARAV\u00a0\u00bb, lit-on dans le communiqu\u00e9.<br \/>Dans son allocution \u00e0 l&rsquo;occasion, M. Ayadi a affirm\u00e9 que \u00ab\u00a0le sceau imprim\u00e9 aujourd&rsquo;hui \u00e0 l&rsquo;installation du pr\u00e9sident de l&rsquo;ARAV se veut une preuve manifeste de l&rsquo;int\u00e9r\u00eat particulier qu&rsquo;accorde M. Abdelmadjid Tebboune \u00e0 l&rsquo;\u00e9mergence d&rsquo;un paysage audiovisuel qui remplit pleinement les missions du service public dans le respect de la pluralit\u00e9 des opinions et des courants intellectuels ainsi que de la diversit\u00e9 culturelle nationale dans tous les programmes m\u00e9diatiques, politiques et g\u00e9n\u00e9ralistes\u00a0\u00bb, ajoute le communiqu\u00e9.<br \/>A cette occasion, M. Louber a exprim\u00e9 \u00ab\u00a0sa profonde reconnaissance au Pr\u00e9sident de la R\u00e9publique, M. Abdelmadjid Tebboune pour la confiance plac\u00e9e en sa personne\u00a0\u00bb, pr\u00e9cisant qu'\u00a0\u00bbil s&rsquo;agit d&rsquo;une lourde responsabilit\u00e9, eu \u00e9gard \u00e0 l&rsquo;importance de la mission\u00a0\u00bb.<br \/>Il a appel\u00e9, dans ce sens, les \u00e9tablissements concern\u00e9s, publics et priv\u00e9s, \u00e0 coop\u00e9rer et \u00e0 coordonner leur efforts pour le d\u00e9veloppement de ce secteur sensible, et la r\u00e9alisation de ses nobles objectifs de solidarit\u00e9 nationale pour en faire un trait d&rsquo;union social\u00a0\u00bb.<br \/>M. Louber a promis \u00ab\u00a0d&rsquo;\u00eatre \u00e0 l&rsquo;\u00e9coute de toutes les pr\u00e9occupations des professionnels du secteur, en appui \u00e0 la libert\u00e9 et \u00e0 la communication et en application des engagements tenus par le Pr\u00e9sident de la R\u00e9publique lors de sa campagne \u00e9lectorale\u00a0\u00bb.<br \/>Pour sa part, le ministre de la Communication, Porte-parole du gouvernement, Ammar Belhimer, s&rsquo;est f\u00e9licit\u00e9 de la nomination de M. Louber \u00e0 la t\u00eate de l&rsquo;ARAV, faisant remarquer que sa nomination \u00ab\u00a0co\u00efncide avec l&rsquo;ouverture d&rsquo;un chantier essentiel et strat\u00e9gique relatif au num\u00e9rique dans ses trois dimensions que sont le Web, la Radio et la T\u00e9l\u00e9vision num\u00e9riques\u00a0\u00bb.<br \/>\u00ab\u00a0C&rsquo;est un chantier important car li\u00e9 aussi \u00e0 la souverainet\u00e9 cybern\u00e9tique en vue de la ma\u00eetrise des principaux \u00e9l\u00e9ments constitutifs du r\u00e9seau num\u00e9rique\u00a0\u00bb, a-t-il soutenu.<br \/>Il faut trouver des solutions d\u00e9finitives l&rsquo;\u00e9t\u00e9 prochain car \u00ab\u00a0l&rsquo;Alg\u00e9rie a des engagements internationaux en mati\u00e8re de passage \u00e0 la communication num\u00e9rique\u00a0\u00bb, a ajout\u00e9 M. Belhimer.<br \/>Nomm\u00e9 pr\u00e9sident de l&rsquo;ARAV samedi dernier par le pr\u00e9sident de la R\u00e9publique, Abdelmadjid Tebboune, M. Louber est enseignant universitaire \u00e0 la Facult\u00e9 de Droit d&rsquo;Alger.<br \/>Ancien journaliste de la Radiodiffusion-T\u00e9l\u00e9vision Alg\u00e9rienne (RTA) et ancien directeur du quotidien El Moudjahid, M. Louber est \u00e9galement conseiller en droit de l&rsquo;audiovisuel. Il pr\u00e9pare actuellement une th\u00e8se de doctorat sur le service public de l&rsquo;audiovisuel en Alg\u00e9rie et il a particip\u00e9 \u00e0 la r\u00e9daction des quatre lois relatives \u00e0 l&rsquo;information et \u00e0 la communication.<br \/>\u00a0<\/p>\n<p>Auteur: elmoudjahid<br \/>\n<a href=\"http:\/\/www.elmoudjahid.com\/fr\/actualites\/147172\">Cliquez ici pour lire l&rsquo;article depuis sa source.<\/a><\/p>\n","protected":false},"excerpt":{"rendered":"<p>Le directeur de cabinet de la pr\u00e9sidence de la R\u00e9publique, Noureddine Ayadi, a pr\u00e9sid\u00e9, hier \u00e0 Alger, la c\u00e9r\u00e9monie d&rsquo;installation officielle de M. Mohamed Louber dans ses fonctions de pr\u00e9sident de l&rsquo;Autorit\u00e9 de r\u00e9gulation de l&rsquo;audiovisuel (ARAV), indique un communiqu\u00e9 de la Pr\u00e9sidence de la R\u00e9publique.\u00ab\u00a0Sur instruction du Pr\u00e9sident de la R\u00e9publique, M. Abdelmadjid Tebboune, [&hellip;]<\/p>\n","protected":false},"author":1744,"featured_media":0,"comment_status":"closed","ping_status":"closed","sticky":false,"template":"","format":"standard","meta":{"fifu_image_url":"","fifu_image_alt":"","footnotes":""},"categories":[73,53],"tags":[],"class_list":["post-73032","post","type-post","status-publish","format-standard","hentry","category-actualite","category-algerie"],"_links":{"self":[{"href":"https:\/\/linitiative.ca\/International\/wp-json\/wp\/v2\/posts\/73032","targetHints":{"allow":["GET"]}}],"collection":[{"href":"https:\/\/linitiative.ca\/International\/wp-json\/wp\/v2\/posts"}],"about":[{"href":"https:\/\/linitiative.ca\/International\/wp-json\/wp\/v2\/types\/post"}],"author":[{"embeddable":true,"href":"https:\/\/linitiative.ca\/International\/wp-json\/wp\/v2\/users\/1744"}],"replies":[{"embeddable":true,"href":"https:\/\/linitiative.ca\/International\/wp-json\/wp\/v2\/comments?post=73032"}],"version-history":[{"count":0,"href":"https:\/\/linitiative.ca\/International\/wp-json\/wp\/v2\/posts\/73032\/revisions"}],"wp:attachment":[{"href":"https:\/\/linitiative.ca\/International\/wp-json\/wp\/v2\/media?parent=73032"}],"wp:term":[{"taxonomy":"category","embeddable":true,"href":"https:\/\/linitiative.ca\/International\/wp-json\/wp\/v2\/categories?post=73032"},{"taxonomy":"post_tag","embeddable":true,"href":"https:\/\/linitiative.ca\/International\/wp-json\/wp\/v2\/tags?post=73032"}],"curies":[{"name":"wp","href":"https:\/\/api.w.org\/{rel}","templated":true}]}}