{"id":73038,"date":"2020-01-14T10:28:00","date_gmt":"2020-01-14T15:28:00","guid":{"rendered":"https:\/\/linitiative.ca\/International\/saida-neghza-condamnee-a-1-an-de-prison\/"},"modified":"2020-01-14T10:28:00","modified_gmt":"2020-01-14T15:28:00","slug":"saida-neghza-condamnee-a-1-an-de-prison","status":"publish","type":"post","link":"https:\/\/linitiative.ca\/International\/saida-neghza-condamnee-a-1-an-de-prison\/","title":{"rendered":"Sa\u00efda Neghza condamn\u00e9e \u00e0 1 an de prison"},"content":{"rendered":"<p><br id=\"sep_para_1\" class=\"sep_para access\"\/><\/p>\n<div id=\"para_1\" class=\"para_34990786 resize\">\n<div class=\"photo shadow left\"><a href=\"javascript:void(0)\" rel=\"https:\/\/www.reflexiondz.net\/photo\/art\/grande\/41755697-34990786.jpg?v=1579028328&#038;ibox\" title=\"Sa\u00efda Neghza condamn\u00e9e \u00e0 1 an de prison\"><img decoding=\"async\" class=\"responsive c9\" src=\"https:\/\/www.reflexiondz.net\/photo\/art\/grande\/41755697-34990786.jpg?v=1579028328\" alt=\"Sa\u00efda Neghza condamn\u00e9e \u00e0 1 an de prison\" title=\"Sa\u00efda Neghza condamn\u00e9e \u00e0 1 an de prison\"\/><img decoding=\"async\" class=\"not-responsive\" src=\"https:\/\/www.reflexiondz.net\/photo\/art\/default\/41755697-34990786.jpg?v=1579028328\" alt=\"Sa\u00efda Neghza condamn\u00e9e \u00e0 1 an de prison\" title=\"Sa\u00efda Neghza condamn\u00e9e \u00e0 1 an de prison\"\/><\/a><\/div>\n<div class=\"texte access firstletter\">Le tribunal de Tipaza s\u2019est prononc\u00e9 sur l\u2019affaire qui oppose l\u2019entreprise Engen\u00e9ria 4 Group ainsi que plusieurs autres personnes physiques contre la pr\u00e9sidente de la conf\u00e9d\u00e9ration g\u00e9n\u00e9rale des entreprises alg\u00e9riennes (CGEA), Sa\u00efda Neghza. Une ann\u00e9e de prison avec sursis tel est le verdict contre Saida Neghza. Elle devra \u00e9galement verser des indemnit\u00e9s estim\u00e9es \u00e0 100 millions de centimes \u00e0 l\u2019entreprise Engen\u00e9ria 4 Group et plusieurs autres personnes physiques qui se sont constitu\u00e9es partie civile. Rappelons que Sa\u00efda Neghza est accus\u00e9e d\u2019avoir retir\u00e9 frauduleusement de la banque la somme d\u2019un milliard qui a servi de capitale pour une entreprise cr\u00e9\u00e9e en association avec une soci\u00e9t\u00e9 espagnole sp\u00e9cialis\u00e9e dans les travaux publics qui d\u00e9sirait investir en Alg\u00e9rie, indique notre source. Il s\u2019est av\u00e9r\u00e9 que la soci\u00e9t\u00e9 cr\u00e9\u00e9e n\u2019a jamais offici\u00e9 depuis sa fondation. La patronne de la CGEA se serait attribu\u00e9 un salaire cons\u00e9quent au sein de cette entreprise. La justice s\u2019est saisie de l\u2019affaire apr\u00e8s une plainte des investisseurs espagnols. Rappelons,\u00a0 par ailleurs, que Mme Neghza avait affirm\u00e9, il y a deux ans, que l\u2019ex-pr\u00e9sident du FCE, Ali Haddad, qui parlait au nom du patronat, ne la repr\u00e9sente pas et ne l\u2019engage pas dans ce qu\u2019il fait avec le gouvernement. Cela n\u2019emp\u00eache pas Mme Neghza de reconna\u00eetre, \u00e0 l\u2019\u00e9poque, l\u2019influence croissante de Ali Haddad dont elle a dit qu\u2019il contr\u00f4le d\u00e9sormais des ministres et des walis. Selon les observateurs, les d\u00e9clarations de Mme Neghza pourraient para\u00eetre excessives mais elles convergent avec ce qui se dit dans de nombreux salons alg\u00e9rois, ce qui laisse entendre que l\u2019alliance entre le clan de Sa\u00efd Bouteflika et le pr\u00e9sident du FCE n\u2019\u00e9tait pas n\u00e9cessairement bien vue par d\u2019autres centres de pouvoir en Alg\u00e9rie. Pour rappel encore, ce n\u2019\u00e9tait pas la premi\u00e8re fois que Sa\u00efda Neghza ose s\u2019attaquer au pr\u00e9sident du FCE, Ali Haddad, que d\u2019aucuns pr\u00e9sentaient comme un des hommes les plus puissants en Alg\u00e9rie \u00e9tant donn\u00e9 la relation privil\u00e9gi\u00e9e qu\u2019il eut \u00e0 tisser avec Said Bouteflika. Sa\u00efda Neghza avait m\u00eame d\u00e9fi\u00e9 publiquement Ali Haddad sur un plateau tv, l\u2019accusant de vouloir s\u2019accaparer des entreprises publiques.<\/div>\n<\/div>\n<p>Auteur: R\u00e9flexion<br \/>\n<a href=\"https:\/\/www.reflexiondz.net\/Saida-Neghza-condamnee-a-1-an-de-prison_a59999.html\">Cliquez ici pour lire l&rsquo;article depuis sa source.<\/a><\/p>\n","protected":false},"excerpt":{"rendered":"<p>Le tribunal de Tipaza s\u2019est prononc\u00e9 sur l\u2019affaire qui oppose l\u2019entreprise Engen\u00e9ria 4 Group ainsi que plusieurs autres personnes physiques contre la pr\u00e9sidente de la conf\u00e9d\u00e9ration g\u00e9n\u00e9rale des entreprises alg\u00e9riennes (CGEA), Sa\u00efda Neghza. Une ann\u00e9e de prison avec sursis tel est le verdict contre Saida Neghza. Elle devra \u00e9galement verser des indemnit\u00e9s estim\u00e9es \u00e0 100 [&hellip;]<\/p>\n","protected":false},"author":1740,"featured_media":0,"comment_status":"closed","ping_status":"closed","sticky":false,"template":"","format":"standard","meta":{"fifu_image_url":"","fifu_image_alt":"","footnotes":""},"categories":[53,76],"tags":[],"class_list":["post-73038","post","type-post","status-publish","format-standard","hentry","category-algerie","category-regions"],"_links":{"self":[{"href":"https:\/\/linitiative.ca\/International\/wp-json\/wp\/v2\/posts\/73038","targetHints":{"allow":["GET"]}}],"collection":[{"href":"https:\/\/linitiative.ca\/International\/wp-json\/wp\/v2\/posts"}],"about":[{"href":"https:\/\/linitiative.ca\/International\/wp-json\/wp\/v2\/types\/post"}],"author":[{"embeddable":true,"href":"https:\/\/linitiative.ca\/International\/wp-json\/wp\/v2\/users\/1740"}],"replies":[{"embeddable":true,"href":"https:\/\/linitiative.ca\/International\/wp-json\/wp\/v2\/comments?post=73038"}],"version-history":[{"count":0,"href":"https:\/\/linitiative.ca\/International\/wp-json\/wp\/v2\/posts\/73038\/revisions"}],"wp:attachment":[{"href":"https:\/\/linitiative.ca\/International\/wp-json\/wp\/v2\/media?parent=73038"}],"wp:term":[{"taxonomy":"category","embeddable":true,"href":"https:\/\/linitiative.ca\/International\/wp-json\/wp\/v2\/categories?post=73038"},{"taxonomy":"post_tag","embeddable":true,"href":"https:\/\/linitiative.ca\/International\/wp-json\/wp\/v2\/tags?post=73038"}],"curies":[{"name":"wp","href":"https:\/\/api.w.org\/{rel}","templated":true}]}}