{"id":73039,"date":"2020-01-14T12:42:00","date_gmt":"2020-01-14T17:42:00","guid":{"rendered":"https:\/\/linitiative.ca\/International\/il-a-traite-abane-ramdane-de-traitre-lex-directeur-de-la-culture-de-msila-en-prison\/"},"modified":"2020-01-14T12:42:00","modified_gmt":"2020-01-14T17:42:00","slug":"il-a-traite-abane-ramdane-de-traitre-lex-directeur-de-la-culture-de-msila-en-prison","status":"publish","type":"post","link":"https:\/\/linitiative.ca\/International\/il-a-traite-abane-ramdane-de-traitre-lex-directeur-de-la-culture-de-msila-en-prison\/","title":{"rendered":"IL A TRAITE ABANE RAMDANE DE \u00abTRAITRE\u00bb  : L\u2019ex directeur de la culture de Msila en prison"},"content":{"rendered":"<p><br id=\"sep_para_1\" class=\"sep_para access\"\/><\/p>\n<div id=\"para_1\" class=\"para_34993034 resize\">\n<div class=\"photo shadow left\"><a href=\"javascript:void(0)\" rel=\"https:\/\/www.reflexiondz.net\/photo\/art\/grande\/41761324-34993034.jpg?v=1579028313&#038;ibox\" title=\"IL A TRAITE ABANE RAMDANE DE \u00abTRAITRE\u00bb : L\u2019ex directeur de la culture de Msila en prison\"><img decoding=\"async\" class=\"responsive c9\" src=\"https:\/\/www.reflexiondz.net\/photo\/art\/grande\/41761324-34993034.jpg?v=1579028313\" alt=\"IL A TRAITE ABANE RAMDANE DE \u00abTRAITRE\u00bb : L\u2019ex directeur de la culture de Msila en prison\" title=\"IL A TRAITE ABANE RAMDANE DE \u00abTRAITRE\u00bb : L\u2019ex directeur de la culture de Msila en prison\"\/><img decoding=\"async\" class=\"not-responsive\" src=\"https:\/\/www.reflexiondz.net\/photo\/art\/default\/41761324-34993034.jpg?v=1579028314\" alt=\"IL A TRAITE ABANE RAMDANE DE \u00abTRAITRE\u00bb : L\u2019ex directeur de la culture de Msila en prison\" title=\"IL A TRAITE ABANE RAMDANE DE \u00abTRAITRE\u00bb : L\u2019ex directeur de la culture de Msila en prison\"\/><\/a><\/div>\n<div class=\"texte access firstletter\">Limog\u00e9, lundi 13 janvier, sur instruction du pr\u00e9sident de la r\u00e9publique Abdelmadjid Tebboune pour outrage \u00e0 la m\u00e9moire du Chahid Abane Ramdane qu\u2019il avait\u00a0 qualifi\u00e9\u00a0 de \u00ab grand traitre\u00bb dans un message post\u00e9 sur sa page Facebook, l\u2019ex-directeur de la wilaya de M\u2019Sila Rabah Drif a comparu hier devant le Procureur de la R\u00e9publique pr\u00e8s le tribunal de M\u2019Sila. Ce dernier a \u00e9t\u00e9 plac\u00e9 en d\u00e9tention provisoire en attendant la programmation de son proc\u00e8s. Ainsi, le juge d\u2019instruction du tribunal de M\u2019Sila, a plac\u00e9 le mise en cause en d\u00e9tention provisoire pour outrage \u00e0 l\u2019un des symboles de la Guerre de la r\u00e9volution.\u00a0\u00a0<\/div>\n<\/div>\n<p>Auteur: Nadine<br \/>\n<a href=\"https:\/\/www.reflexiondz.net\/IL-A-TRAITE-ABANE-RAMDANE-DE-TRAITRE-L-ex-directeur-de-la-culture-de-Msila-en-prison_a60002.html\">Cliquez ici pour lire l&rsquo;article depuis sa source.<\/a><\/p>\n","protected":false},"excerpt":{"rendered":"<p>Limog\u00e9, lundi 13 janvier, sur instruction du pr\u00e9sident de la r\u00e9publique Abdelmadjid Tebboune pour outrage \u00e0 la m\u00e9moire du Chahid Abane Ramdane qu\u2019il avait\u00a0 qualifi\u00e9\u00a0 de \u00ab grand traitre\u00bb dans un message post\u00e9 sur sa page Facebook, l\u2019ex-directeur de la wilaya de M\u2019Sila Rabah Drif a comparu hier devant le Procureur de la R\u00e9publique pr\u00e8s [&hellip;]<\/p>\n","protected":false},"author":1740,"featured_media":0,"comment_status":"closed","ping_status":"closed","sticky":false,"template":"","format":"standard","meta":{"fifu_image_url":"","fifu_image_alt":"","footnotes":""},"categories":[53,76],"tags":[],"class_list":["post-73039","post","type-post","status-publish","format-standard","hentry","category-algerie","category-regions"],"_links":{"self":[{"href":"https:\/\/linitiative.ca\/International\/wp-json\/wp\/v2\/posts\/73039","targetHints":{"allow":["GET"]}}],"collection":[{"href":"https:\/\/linitiative.ca\/International\/wp-json\/wp\/v2\/posts"}],"about":[{"href":"https:\/\/linitiative.ca\/International\/wp-json\/wp\/v2\/types\/post"}],"author":[{"embeddable":true,"href":"https:\/\/linitiative.ca\/International\/wp-json\/wp\/v2\/users\/1740"}],"replies":[{"embeddable":true,"href":"https:\/\/linitiative.ca\/International\/wp-json\/wp\/v2\/comments?post=73039"}],"version-history":[{"count":0,"href":"https:\/\/linitiative.ca\/International\/wp-json\/wp\/v2\/posts\/73039\/revisions"}],"wp:attachment":[{"href":"https:\/\/linitiative.ca\/International\/wp-json\/wp\/v2\/media?parent=73039"}],"wp:term":[{"taxonomy":"category","embeddable":true,"href":"https:\/\/linitiative.ca\/International\/wp-json\/wp\/v2\/categories?post=73039"},{"taxonomy":"post_tag","embeddable":true,"href":"https:\/\/linitiative.ca\/International\/wp-json\/wp\/v2\/tags?post=73039"}],"curies":[{"name":"wp","href":"https:\/\/api.w.org\/{rel}","templated":true}]}}