{"id":73049,"date":"2020-01-14T05:00:00","date_gmt":"2020-01-14T10:00:00","guid":{"rendered":"https:\/\/linitiative.ca\/International\/le-systeme-de-retraite-est-tributaire-de-la-bonne-sante-du-monde-du-travail\/"},"modified":"2020-01-14T05:00:00","modified_gmt":"2020-01-14T10:00:00","slug":"le-systeme-de-retraite-est-tributaire-de-la-bonne-sante-du-monde-du-travail","status":"publish","type":"post","link":"https:\/\/linitiative.ca\/International\/le-systeme-de-retraite-est-tributaire-de-la-bonne-sante-du-monde-du-travail\/","title":{"rendered":"Le syst\u00e8me de retraite est tributaire de la bonne sant\u00e9 du monde du travail"},"content":{"rendered":"<p>Le taux de ch\u00f4mage en Alg\u00e9rie a atteint 11,4% en mai 2019, contre 11,7% en septembre 2018, enregistrant un recul de 0,3 point, avec un fl\u00e9chissement substantiel chez les hommes, selon l&rsquo;Office national des statistiques (ONS). Mais ce taux est sup\u00e9rieur \u00e0 20% chez les femmes. Plus il y a de ch\u00f4mage, moins il y a de retraite.<br \/>Le nombre de la population au ch\u00f4mage a ainsi \u00e9t\u00e9 estim\u00e9 \u00e0 1,449 million de personnes contre 1,462 million en septembre dernier. Le taux de ch\u00f4mage a fl\u00e9chi \u00absubstantiellement\u00bb chez les hommes passant de 9,9% en septembre 2018 \u00e0 9,1% en mai 2019, pr\u00e9cise l&rsquo;Office.<br \/>Chez les femmes, le ch\u00f4mage a connu une hausse au cours de la m\u00eame p\u00e9riode de comparaison, passant de 19,4% \u00e0 20,4%.<br \/>Des disparit\u00e9s significatives sont observ\u00e9es selon l\u2019\u00e2ge, le niveau d\u2019instruction et le dipl\u00f4me obtenu, pr\u00e9cisent les r\u00e9sultats de l&rsquo;enqu\u00eate r\u00e9alis\u00e9e par l&rsquo;ONS, intitul\u00e9e : \u00abactivit\u00e9s, emploi et ch\u00f4mage en mai 2019\u00bb. Concernant le taux de ch\u00f4mage des jeunes de la tranche d&rsquo;\u00e2ge 16-24 ans, il a atteint 26,9% en mai dernier contre 29,1% en septembre 2018, enregistrant ainsi un recul de 2,2 points. Pour cette tranche d&rsquo;\u00e2ge, le taux de ch\u00f4mage a atteint 23,6% chez les hommes et 45,1% chez les femmes. Quant au taux de ch\u00f4mage des adultes (25 ans et plus), il a \u00e9t\u00e9 de 9,1% en mai 2019, avec 6,8% chez les hommes et 17,8% chez les femmes. Par ailleurs, la r\u00e9partition des ch\u00f4meurs selon le dipl\u00f4me obtenu fait ressortir que 663 000 ch\u00f4meurs n\u2019ont aucun dipl\u00f4me, soit 45,8% de l&rsquo;ensemble des ch\u00f4meurs. En outre, sur l&rsquo;ensemble de la population en ch\u00f4mage, les dipl\u00f4m\u00e9s de la formation professionnelle en constituent 26,5% (384 000 ch\u00f4meurs), alors que les dipl\u00f4m\u00e9s de l\u2019enseignement sup\u00e9rieur en forment 27,8% (402 000 ch\u00f4meurs). En moyenne, plus de six ch\u00f4meurs sur dix (62,9%) sont des ch\u00f4meurs de longue dur\u00e9e, cherchant un poste d\u2019emploi depuis une ann\u00e9e ou plus. Les ch\u00f4meurs sont toutes les personnes \u00e2g\u00e9es de 16 \u00e0 59 ans, sans travail et qui ont d\u00e9clar\u00e9 \u00eatre disponibles pour travailler et ont entrepris des d\u00e9marches, sur la p\u00e9riode consid\u00e9r\u00e9e, en vue de trouver un emploi.<br \/>Les ch\u00f4meurs ayant d\u00e9j\u00e0 travaill\u00e9 par le pass\u00e9 sont estim\u00e9s \u00e0 683 000, formant ainsi 47,1% de la population en ch\u00f4mage, constitu\u00e9e majoritairement d&rsquo;hommes avec 72,6%. Pr\u00e8s de trois quarts de cette population travaillaient comme salari\u00e9s non permanents et 72,5% \u00e9taient dans le secteur priv\u00e9.<br \/><strong>Plus de 67% de la main-d&rsquo;\u0153uvre constitu\u00e9s de salari\u00e9s<\/strong><br \/>Sur un autre plan, l&rsquo;ONS signale qu&rsquo;en mai dernier, le nombre de la population active a atteint 12,730 millions de personnes contre 12,463 millions en septembre 2018, en hausse de 267 000 personnes. La population active (ou force de travail) est l&rsquo;ensemble des personnes en \u00e2ge de travailler et disponible sur le march\u00e9 du travail, qu&rsquo;elles aient un emploi ou qu&rsquo;elles soient en ch\u00f4mage. Le taux de participation \u00e0 la force de travail de la population \u00e2g\u00e9e de 15 ans et plus (ou taux d&rsquo;activit\u00e9 \u00e9conomique) a atteint 42,2%, enregistrant un gain d&rsquo;un demi-point (0,5%) en mai dernier et par rapport \u00e0 septembre de l&rsquo;ann\u00e9e derni\u00e8re. Par sexe, ce taux est estim\u00e9 \u00e0 66,8% aupr\u00e8s des hommes et \u00e0 17,3% chez les femmes. Cette augmentation de la population active est r\u00e9sultante d&rsquo;une augmentation significative du volume de la population occup\u00e9e (+280 000 personnes), associ\u00e9e \u00e0 un l\u00e9ger recul de la population \u00e0 la recherche d&rsquo;un emploi (-13 000 personnes).<br \/><strong>Seulement 6 millions d\u2019assur\u00e9s sociaux actifs sur plus de 11 millions de personnes en activit\u00e9<\/strong><br \/>Quant \u00e0 la population occup\u00e9e (personnes ayant un emploi), elle a \u00e9t\u00e9 estim\u00e9e \u00e0 11,281 millions de personnes en mai 2019, contre 11,001 millions en septembre 2018, en hausse de 280 000 personnes, soit un accroissement relatif de 2,5%, d\u00e9taille l&rsquo;organisme des statistiques. Mais il y a seulement 6 millions d\u2019assur\u00e9s sociaux actifs sur les plus de 11 millions de personnes en activit\u00e9, donc 5 millions de salari\u00e9s ne sont pas d\u00e9clar\u00e9s \u00e0 la Cnas, donc priv\u00e9s de retraite ! L&rsquo;ONS note \u00e9galement que pr\u00e8s de sept (7) occup\u00e9s sur dix (10) sont salari\u00e9s (67,6%), tout en observant que cette part est plus importante aupr\u00e8s des femmes avec un taux de 78,6%. En outre, les r\u00e9sultats de l&rsquo;enqu\u00eate font ressortir que 16,8% de la main d&rsquo;\u0153uvre totale exerce dans le secteur du BTP (construction), 16,1% dans l&rsquo;administration publique hors secteur sanitaire, 15,7% dans le commerce, 14,9% dans le secteur de la sant\u00e9 et l&rsquo;action sociale et 11,5% dans le secteur des industries manufacturi\u00e8res.<br \/>Par secteur juridique, il est constat\u00e9 que le secteur priv\u00e9 absorbe 62,2% de l&#8217;emploi total avec 7,014 millions de personnes employ\u00e9es, contre 37,8% pour le secteur public qui emploie 4,267 millions de personnes.<br \/>LSR<\/p>\n<p>Auteur:<br \/>\n<a href=\"https:\/\/www.lesoirdalgerie.com\/retraite\/le-systeme-de-retraite-est-tributaire-de-la-bonne-sante-du-monde-du-travail-36891\">Cliquez ici pour lire l&rsquo;article depuis sa source.<\/a><\/p>\n","protected":false},"excerpt":{"rendered":"<p>Le taux de ch\u00f4mage en Alg\u00e9rie a atteint 11,4% en mai 2019, contre 11,7% en septembre 2018, enregistrant un recul de 0,3 point, avec un fl\u00e9chissement substantiel chez les hommes, selon l&rsquo;Office national des statistiques (ONS). Mais ce taux est sup\u00e9rieur \u00e0 20% chez les femmes. Plus il y a de ch\u00f4mage, moins il y [&hellip;]<\/p>\n","protected":false},"author":1741,"featured_media":0,"comment_status":"closed","ping_status":"closed","sticky":false,"template":"","format":"standard","meta":{"fifu_image_url":"","fifu_image_alt":"","footnotes":""},"categories":[73,53],"tags":[],"class_list":["post-73049","post","type-post","status-publish","format-standard","hentry","category-actualite","category-algerie"],"_links":{"self":[{"href":"https:\/\/linitiative.ca\/International\/wp-json\/wp\/v2\/posts\/73049","targetHints":{"allow":["GET"]}}],"collection":[{"href":"https:\/\/linitiative.ca\/International\/wp-json\/wp\/v2\/posts"}],"about":[{"href":"https:\/\/linitiative.ca\/International\/wp-json\/wp\/v2\/types\/post"}],"author":[{"embeddable":true,"href":"https:\/\/linitiative.ca\/International\/wp-json\/wp\/v2\/users\/1741"}],"replies":[{"embeddable":true,"href":"https:\/\/linitiative.ca\/International\/wp-json\/wp\/v2\/comments?post=73049"}],"version-history":[{"count":0,"href":"https:\/\/linitiative.ca\/International\/wp-json\/wp\/v2\/posts\/73049\/revisions"}],"wp:attachment":[{"href":"https:\/\/linitiative.ca\/International\/wp-json\/wp\/v2\/media?parent=73049"}],"wp:term":[{"taxonomy":"category","embeddable":true,"href":"https:\/\/linitiative.ca\/International\/wp-json\/wp\/v2\/categories?post=73049"},{"taxonomy":"post_tag","embeddable":true,"href":"https:\/\/linitiative.ca\/International\/wp-json\/wp\/v2\/tags?post=73049"}],"curies":[{"name":"wp","href":"https:\/\/api.w.org\/{rel}","templated":true}]}}