{"id":73050,"date":"2020-01-14T15:45:28","date_gmt":"2020-01-14T20:45:28","guid":{"rendered":"https:\/\/linitiative.ca\/International\/casablanca-alsa-mettra-en-service-des-bus-neufs-a-partir-de-septembre-2020\/"},"modified":"2020-01-14T15:45:28","modified_gmt":"2020-01-14T20:45:28","slug":"casablanca-alsa-mettra-en-service-des-bus-neufs-a-partir-de-septembre-2020","status":"publish","type":"post","link":"https:\/\/linitiative.ca\/International\/casablanca-alsa-mettra-en-service-des-bus-neufs-a-partir-de-septembre-2020\/","title":{"rendered":"Casablanca : Alsa mettra en service des bus neufs \u00e0 partir de septembre 2020"},"content":{"rendered":"<p><strong>La soci\u00e9t\u00e9 Alsa Al Baida, d\u00e9l\u00e9gataire du transport urbain par bus dans le Grand Casablanca, a annonc\u00e9, mardi, que la premi\u00e8re vague des bus neufs sera mise en service dans la capitale \u00e9conomique et ses environs \u00e0 partir de septembre prochain.<\/strong><\/p>\n<div class=\"c10\"\/>\n<p>\u00ab\u00a0D\u00e8s le mois de septembre 2020, la capitale \u00e9conomique resplendira d\u2019un nouveau visage avec l\u2019arriv\u00e9e de la premi\u00e8re vague des <strong>nouveaux bus<\/strong> beaucoup plus modernes et \u00e0 la pointe de la technologie\u00a0\u00bb, promet la soci\u00e9t\u00e9 dans un communiqu\u00e9.<\/p>\n<p>Environ 700 bus neufs vont circuler \u00e0 terme dans les art\u00e8res du Grand Casablanca, ce qui facilitera le transport de pr\u00e8s de 350 millions de passagers chaque ann\u00e9e, assure-t-on de m\u00eame source.<\/p>\n<p>Lire aussi : <a href=\"https:\/\/www.challenge.ma\/casablanca-bonne-nouvelle-pour-les-usagers-des-bus-128008\/\">Casablanca : Bonne nouvelle pour les usagers des bus<\/a><\/p>\n<p>Filiale du groupe espagnol Alsa Transport, pr\u00e9sent depuis plus de 20 ans au Maroc et qui op\u00e8re \u00e0 Marrakech, Agadir, Tanger, Khouribga et Rabat-Sal\u00e9-Temara, <strong>Alsa Al Baida<\/strong> a sign\u00e9, en octobre dernier, avec l\u2019Etablissement de coop\u00e9ration intercommunale (ECI) un contrat de gestion d\u00e9l\u00e9gu\u00e9e de transport collectif urbain par autobus dans le territoire des 18 communes du Grand Casablanca.<\/p>\n<p>Le <strong>contrat<\/strong>, qui porte sur une dur\u00e9e de 10 ans avec la possibilit\u00e9 de le prolonger de 5 ans suppl\u00e9mentaires, comprend une premi\u00e8re phase, dite d\u2019initialisation, qui s\u2019\u00e9tend du 1er novembre 2019 au 31 d\u00e9cembre 2020. Durant cette phase, Alsa Al Baida op\u00e8re avec quelque 250 bus \u00ab\u00a0dans un \u00e9tat fortement d\u00e9t\u00e9rior\u00e9\u00a0\u00bb repris de M\u2019dina Bus, dont le contrat a expir\u00e9 au 31 octobre. Ensuite, la soci\u00e9t\u00e9 va mettre en circulation, de mani\u00e8re progressive, 400 bus d\u2019occasion.<\/p>\n<div class=\"c17\">\n<fieldset class=\"c16\">\n<legend><strong><span class=\"c11\">Challenge<\/span><span class=\"c12\">news<\/span><\/strong><\/legend>\n<div class=\"c15\">Le meilleur de Challenge s\u00e9lectionn\u00e9 par la r\u00e9daction :<\/p>\n<\/div>\n<\/fieldset>\n<\/div>\n<p>Auteur: challenge<br \/>\n<a href=\"https:\/\/www.challenge.ma\/casablanca-alsa-mettra-en-service-des-bus-neufs-a-partir-de-septembre-2020-128086\/\">Cliquez ici pour lire l&rsquo;article depuis sa source.<\/a><\/p>\n","protected":false},"excerpt":{"rendered":"<p>La soci\u00e9t\u00e9 Alsa Al Baida, d\u00e9l\u00e9gataire du transport urbain par bus dans le Grand Casablanca, a annonc\u00e9, mardi, que la premi\u00e8re vague des bus neufs sera mise en service dans la capitale \u00e9conomique et ses environs \u00e0 partir de septembre prochain. \u00ab\u00a0D\u00e8s le mois de septembre 2020, la capitale \u00e9conomique resplendira d\u2019un nouveau visage avec [&hellip;]<\/p>\n","protected":false},"author":1787,"featured_media":0,"comment_status":"closed","ping_status":"closed","sticky":false,"template":"","format":"standard","meta":{"fifu_image_url":"","fifu_image_alt":"","footnotes":""},"categories":[78,54],"tags":[],"class_list":["post-73050","post","type-post","status-publish","format-standard","hentry","category-economie","category-maroc"],"_links":{"self":[{"href":"https:\/\/linitiative.ca\/International\/wp-json\/wp\/v2\/posts\/73050","targetHints":{"allow":["GET"]}}],"collection":[{"href":"https:\/\/linitiative.ca\/International\/wp-json\/wp\/v2\/posts"}],"about":[{"href":"https:\/\/linitiative.ca\/International\/wp-json\/wp\/v2\/types\/post"}],"author":[{"embeddable":true,"href":"https:\/\/linitiative.ca\/International\/wp-json\/wp\/v2\/users\/1787"}],"replies":[{"embeddable":true,"href":"https:\/\/linitiative.ca\/International\/wp-json\/wp\/v2\/comments?post=73050"}],"version-history":[{"count":0,"href":"https:\/\/linitiative.ca\/International\/wp-json\/wp\/v2\/posts\/73050\/revisions"}],"wp:attachment":[{"href":"https:\/\/linitiative.ca\/International\/wp-json\/wp\/v2\/media?parent=73050"}],"wp:term":[{"taxonomy":"category","embeddable":true,"href":"https:\/\/linitiative.ca\/International\/wp-json\/wp\/v2\/categories?post=73050"},{"taxonomy":"post_tag","embeddable":true,"href":"https:\/\/linitiative.ca\/International\/wp-json\/wp\/v2\/tags?post=73050"}],"curies":[{"name":"wp","href":"https:\/\/api.w.org\/{rel}","templated":true}]}}