{"id":73051,"date":"2020-01-14T16:13:25","date_gmt":"2020-01-14T21:13:25","guid":{"rendered":"https:\/\/linitiative.ca\/International\/le-maroc-abrite-le-salon-des-universites-espagnoles\/"},"modified":"2020-01-14T16:13:25","modified_gmt":"2020-01-14T21:13:25","slug":"le-maroc-abrite-le-salon-des-universites-espagnoles","status":"publish","type":"post","link":"https:\/\/linitiative.ca\/International\/le-maroc-abrite-le-salon-des-universites-espagnoles\/","title":{"rendered":"Le Maroc abrite le Salon des universit\u00e9s espagnoles"},"content":{"rendered":"<p><strong>La 4\u00e8me \u00e9dition du Salon des universit\u00e9s espagnoles au Maroc se tiendra du 3 au 8 f\u00e9vrier prochain dans quatre villes du Royaume \u00e0 l\u2019initiative du service espagnol pour l\u2019internationalisation de l\u2019\u00e9ducation et le d\u00e9partement de l\u2019\u00e9ducation de l\u2019Ambassade d\u2019Espagne au Maroc.<\/strong><\/p>\n<div class=\"c10\"\/>\n<p>Initi\u00e9e en collaboration avec l\u2019universit\u00e9 Cadi Ayyad, l\u2019Institut espagnol Juan Ramon Jim\u00e9nez, le Lyc\u00e9e espagnol Nuestra Se\u00f1ora del Pilar, l\u2019Institut Cervant\u00e8s et Orientation Carrefour, cette \u00e9dition aura lieu le 3 f\u00e9vrier \u00e0 l\u2019universit\u00e9 Cadi Ayyad \u00e0 Marrakech, le 5 f\u00e9vrier au lyc\u00e9e Juan Ramon Jim\u00e9nez \u00e0 Casablanca, le 6 f\u00e9vrier \u00e0 Rabat et le 8 f\u00e9vrier au lyc\u00e9e Nuestra Se\u00f1ora del Pilar \u00e0 T\u00e9touan, indique un communiqu\u00e9 d\u2019Orientation Carrefour.<\/p>\n<p>Ce forum vise \u00e0 promouvoir l\u2019internationalisation du syst\u00e8me universitaire espagnol pour offrir aux \u00e9tudiants marocains un large \u00e9ventail d\u2019options pour l\u2019enseignement sup\u00e9rieur, \u00e0 encourager la mobilit\u00e9 entre l\u2019Espagne et le Maroc et \u00e0 offrir aux \u00e9tudiants marocains l\u2019opportunit\u00e9 d\u2019acc\u00e9der \u00e0 l\u2019universit\u00e9 espagnole dans le but de jouer un r\u00f4le actif dans le d\u00e9veloppement futur des relations \u00e9conomiques et sociales entre l\u2019Espagne et le Maroc. L\u2019ambition est \u00e9galement de contribuer au d\u00e9veloppement des relations scientifiques, culturelles et \u00e9conomiques entre les deux pays ainsi que le renforcement de la connaissance mutuelle des institutions.<\/p>\n<p>Il s\u2019agit, selon la m\u00eame source, d\u2019une occasion pour cr\u00e9er des liens entre les universit\u00e9s marocaines et espagnoles et d\u00e9velopper les projets qui sont d\u00e9j\u00e0 mis en \u0153uvre et pour s\u2019informer sur les propositions des universit\u00e9s et des \u00e9tablissements d\u2019enseignement sup\u00e9rieur espagnols, ainsi que de partager les affinit\u00e9s culturelles et les domaines d\u2019int\u00e9r\u00eat commun dans la recherche scientifique.<\/p>\n<p>Plus de 5.000 \u00e9tudiants marocains ont choisi l\u00a0\u00bbEspagne pendant la derni\u00e8re ann\u00e9e scolaire pour poursuivre leurs \u00e9tudes sup\u00e9rieures, tout en b\u00e9n\u00e9ficiant de frais de scolarit\u00e9 comp\u00e9titifs et d\u2019un excellent niveau de formation, note le communiqu\u00e9.<\/p>\n<div class=\"c17\">\n<fieldset class=\"c16\">\n<legend><strong><span class=\"c11\">Challenge<\/span><span class=\"c12\">news<\/span><\/strong><\/legend>\n<div class=\"c15\">Le meilleur de Challenge s\u00e9lectionn\u00e9 par la r\u00e9daction :<\/p>\n<\/div>\n<\/fieldset>\n<\/div>\n<p>Auteur: Hajar DARI<br \/>\n<a href=\"https:\/\/www.challenge.ma\/le-maroc-abrite-le-salon-des-universites-espagnoles-127981\/\">Cliquez ici pour lire l&rsquo;article depuis sa source.<\/a><\/p>\n","protected":false},"excerpt":{"rendered":"<p>La 4\u00e8me \u00e9dition du Salon des universit\u00e9s espagnoles au Maroc se tiendra du 3 au 8 f\u00e9vrier prochain dans quatre villes du Royaume \u00e0 l\u2019initiative du service espagnol pour l\u2019internationalisation de l\u2019\u00e9ducation et le d\u00e9partement de l\u2019\u00e9ducation de l\u2019Ambassade d\u2019Espagne au Maroc. Initi\u00e9e en collaboration avec l\u2019universit\u00e9 Cadi Ayyad, l\u2019Institut espagnol Juan Ramon Jim\u00e9nez, le [&hellip;]<\/p>\n","protected":false},"author":1787,"featured_media":0,"comment_status":"closed","ping_status":"closed","sticky":false,"template":"","format":"standard","meta":{"fifu_image_url":"","fifu_image_alt":"","footnotes":""},"categories":[78,54],"tags":[],"class_list":["post-73051","post","type-post","status-publish","format-standard","hentry","category-economie","category-maroc"],"_links":{"self":[{"href":"https:\/\/linitiative.ca\/International\/wp-json\/wp\/v2\/posts\/73051","targetHints":{"allow":["GET"]}}],"collection":[{"href":"https:\/\/linitiative.ca\/International\/wp-json\/wp\/v2\/posts"}],"about":[{"href":"https:\/\/linitiative.ca\/International\/wp-json\/wp\/v2\/types\/post"}],"author":[{"embeddable":true,"href":"https:\/\/linitiative.ca\/International\/wp-json\/wp\/v2\/users\/1787"}],"replies":[{"embeddable":true,"href":"https:\/\/linitiative.ca\/International\/wp-json\/wp\/v2\/comments?post=73051"}],"version-history":[{"count":0,"href":"https:\/\/linitiative.ca\/International\/wp-json\/wp\/v2\/posts\/73051\/revisions"}],"wp:attachment":[{"href":"https:\/\/linitiative.ca\/International\/wp-json\/wp\/v2\/media?parent=73051"}],"wp:term":[{"taxonomy":"category","embeddable":true,"href":"https:\/\/linitiative.ca\/International\/wp-json\/wp\/v2\/categories?post=73051"},{"taxonomy":"post_tag","embeddable":true,"href":"https:\/\/linitiative.ca\/International\/wp-json\/wp\/v2\/tags?post=73051"}],"curies":[{"name":"wp","href":"https:\/\/api.w.org\/{rel}","templated":true}]}}