{"id":73052,"date":"2020-01-14T16:30:53","date_gmt":"2020-01-14T21:30:53","guid":{"rendered":"https:\/\/linitiative.ca\/International\/tunisie-loffice-des-tunisiens-a-letranger-se-mobilise-en-prevision-du-retour-massif-des-tunisiens-de-libye\/"},"modified":"2020-01-14T16:30:53","modified_gmt":"2020-01-14T21:30:53","slug":"tunisie-loffice-des-tunisiens-a-letranger-se-mobilise-en-prevision-du-retour-massif-des-tunisiens-de-libye","status":"publish","type":"post","link":"https:\/\/linitiative.ca\/International\/tunisie-loffice-des-tunisiens-a-letranger-se-mobilise-en-prevision-du-retour-massif-des-tunisiens-de-libye\/","title":{"rendered":"Tunisie \u2013 L\u2019office des tunisiens \u00e0 l\u2019\u00e9tranger se mobilise en pr\u00e9vision du retour massif des tunisiens de Libye"},"content":{"rendered":"<div class=\"post-cont-in left relative\">\n<p>L\u2019office des tunisiens \u00e0 l\u2019\u00e9tranger a annonc\u00e9 qu\u2019il est en train de mobiliser tous ses moyens et d\u2019\u00e9tudier les fa\u00e7ons les plus adapt\u00e9s, en collaboration avec ses bureaux r\u00e9gionaux \u00e0 Medenine et Tataouine, pour un possible retour massif de citoyens et de familles tunisiennes, de Libye, suite \u00e0 la d\u00e9t\u00e9rioration de la situation s\u00e9curitaire,\u00a0suite \u00e0\u00a0l\u2019assaut donn\u00e9 par l\u2019arm\u00e9e de <a href=\"https:\/\/www.tunisienumerique.com\/tunisie-actualite\/haftar\/\" title=\"Haftar\" target=\"_top\" class=\"auto-link\" rel=\"noopener noreferrer\">Haftar<\/a> contre la r\u00e9gion de Tripoli.<\/p>\n<div class=\"code-block code-block-1 c3\"><ins class=\"adsbygoogle c2\" data-ad-layout=\"in-article\" data-ad-format=\"fluid\" data-ad-client=\"ca-pub-2102118777505746\" data-ad-slot=\"7301775417\"\/> <\/div>\n<p>L\u2019office a annonc\u00e9 avoir mis en place un syst\u00e8me facilitant l\u2019acc\u00e8s et l\u2019accueil des tunisiens revenant de Libye et leur transfert dans leurs villes d\u2019origine et qu\u2019il a pr\u00e9vu un accompagnement psychologique et social pour ces tunisiens fuyant la guerre.<\/p>\n<div class=\"swp_social_panel swp_horizontal_panel swp_flat_fresh swp_default_full_color swp_individual_full_color swp_other_full_color scale-100 scale-\" data-min-width=\"1100\" data-float-color=\"#ffffff\" data-float=\"bottom\" data-float-mobile=\"bottom\" data-transition=\"slide\">\n<div class=\"nc_tweetContainer swp_share_button total_shares total_sharesalt\"><span class=\"swp_count\">9 <span class=\"swp_label\">Partages<\/span><\/span><\/div>\n<\/div>\n<p><strong>Que se passe-t-il en Tunisie?<\/strong><br \/>Nous expliquons sur notre <a href=\"https:\/\/www.youtube.com\/channel\/UCRzypVq0B_yBad5eGrwBx0Q?sub_confirmation=1\" target=\"_blank\" rel=\"noopener noreferrer\">cha\u00eene YouTube<\/a> . <a href=\"https:\/\/www.youtube.com\/channel\/UCRzypVq0B_yBad5eGrwBx0Q?sub_confirmation=1\" target=\"_blank\" rel=\"noopener noreferrer\">Abonnez-vous!<\/a><\/p>\n<div class=\"mvp-org-wrap mvp-org-logo\" itemprop=\"publisher\" itemscope=\"\" itemtype=\"https:\/\/schema.org\/Organization\"><img decoding=\"async\" src=\"https:\/\/www.tunisienumerique.com\/wp-content\/uploads\/2017\/02\/logo_tunisie_numerique.png\"\/><\/div>\n<div class=\"mvp-related-posts left relative\">\n<h4 class=\"post-header\"><span class=\"post-header\">Lire aussi<\/span><\/h4>\n<\/div>\n<\/div>\n<p>Auteur: LM<br \/>\n<a href=\"https:\/\/www.tunisienumerique.com\/tunisie-loffice-des-tunisiens-a-letranger-se-mobilise-en-prevision-du-retour-massif-des-tunisiens-de-libye\/\">Cliquez ici pour lire l&rsquo;article depuis sa source.<\/a><\/p>\n","protected":false},"excerpt":{"rendered":"<p>L\u2019office des tunisiens \u00e0 l\u2019\u00e9tranger a annonc\u00e9 qu\u2019il est en train de mobiliser tous ses moyens et d\u2019\u00e9tudier les fa\u00e7ons les plus adapt\u00e9s, en collaboration avec ses bureaux r\u00e9gionaux \u00e0 Medenine et Tataouine, pour un possible retour massif de citoyens et de familles tunisiennes, de Libye, suite \u00e0 la d\u00e9t\u00e9rioration de la situation s\u00e9curitaire,\u00a0suite \u00e0\u00a0l\u2019assaut [&hellip;]<\/p>\n","protected":false},"author":1789,"featured_media":73053,"comment_status":"closed","ping_status":"closed","sticky":false,"template":"","format":"standard","meta":{"fifu_image_url":"","fifu_image_alt":"","footnotes":""},"categories":[73,55],"tags":[],"class_list":["post-73052","post","type-post","status-publish","format-standard","has-post-thumbnail","hentry","category-actualite","category-tunisie"],"_links":{"self":[{"href":"https:\/\/linitiative.ca\/International\/wp-json\/wp\/v2\/posts\/73052","targetHints":{"allow":["GET"]}}],"collection":[{"href":"https:\/\/linitiative.ca\/International\/wp-json\/wp\/v2\/posts"}],"about":[{"href":"https:\/\/linitiative.ca\/International\/wp-json\/wp\/v2\/types\/post"}],"author":[{"embeddable":true,"href":"https:\/\/linitiative.ca\/International\/wp-json\/wp\/v2\/users\/1789"}],"replies":[{"embeddable":true,"href":"https:\/\/linitiative.ca\/International\/wp-json\/wp\/v2\/comments?post=73052"}],"version-history":[{"count":0,"href":"https:\/\/linitiative.ca\/International\/wp-json\/wp\/v2\/posts\/73052\/revisions"}],"wp:featuredmedia":[{"embeddable":true,"href":"https:\/\/linitiative.ca\/International\/wp-json\/"}],"wp:attachment":[{"href":"https:\/\/linitiative.ca\/International\/wp-json\/wp\/v2\/media?parent=73052"}],"wp:term":[{"taxonomy":"category","embeddable":true,"href":"https:\/\/linitiative.ca\/International\/wp-json\/wp\/v2\/categories?post=73052"},{"taxonomy":"post_tag","embeddable":true,"href":"https:\/\/linitiative.ca\/International\/wp-json\/wp\/v2\/tags?post=73052"}],"curies":[{"name":"wp","href":"https:\/\/api.w.org\/{rel}","templated":true}]}}