{"id":73056,"date":"2020-01-14T16:43:10","date_gmt":"2020-01-14T21:43:10","guid":{"rendered":"https:\/\/linitiative.ca\/International\/tunisie-kais-saied-rend-visite-a-un-blesse-de-la-revolution\/"},"modified":"2020-01-14T16:43:10","modified_gmt":"2020-01-14T21:43:10","slug":"tunisie-kais-saied-rend-visite-a-un-blesse-de-la-revolution","status":"publish","type":"post","link":"https:\/\/linitiative.ca\/International\/tunisie-kais-saied-rend-visite-a-un-blesse-de-la-revolution\/","title":{"rendered":"Tunisie \u2013 Ka\u00efs Sa\u00efed rend visite \u00e0 un bless\u00e9 de la R\u00e9volution"},"content":{"rendered":"<div class=\"post-cont-in left relative\">\n<p>Le pr\u00e9sident de la R\u00e9publique, <a href=\"https:\/\/www.tunisienumerique.com\/tunisie-actualite\/kais-saied\/\" title=\"Ka\u00efs Sa\u00efed\" target=\"_top\" class=\"auto-link\" rel=\"noopener noreferrer\">Ka\u00efs Sa\u00efed<\/a> a rendu, ce mardi apr\u00e8s midi, une visite au domicile du bless\u00e9 de la R\u00e9volution, Khaled ben Nejma, \u00e0 Ras Jebel.<\/p>\n<div class=\"code-block code-block-1 c3\"><ins class=\"adsbygoogle c2\" data-ad-layout=\"in-article\" data-ad-format=\"fluid\" data-ad-client=\"ca-pub-2102118777505746\" data-ad-slot=\"7301775417\"\/> <\/div>\n<p>Sa\u00efed s\u2019est inform\u00e9 sur les conditions sociales et de sant\u00e9 du jeune Ben Nejma, le remerciant pour son courage ainsi que des centaines d\u2019autres qui ont permis de renverser le pouvoir au prix de leur sang.<\/p>\n<p>Sa\u00efed a promis qu\u2019il allait tout faire pour assurer une bonne prise en charge sanitaire \u00e0 tous les bless\u00e9s de la r\u00e9volution et \u00e0 tous les citoyens, notamment ceux de la classe d\u00e9favoris\u00e9e.<\/p>\n<div class=\"swp_social_panel swp_horizontal_panel swp_flat_fresh swp_default_full_color swp_individual_full_color swp_other_full_color scale-100 scale-\" data-min-width=\"1100\" data-float-color=\"#ffffff\" data-float=\"bottom\" data-float-mobile=\"bottom\" data-transition=\"slide\">\n<div class=\"nc_tweetContainer swp_share_button total_shares total_sharesalt\"><span class=\"swp_count\">3 <span class=\"swp_label\">Partages<\/span><\/span><\/div>\n<\/div>\n<p><strong>Que se passe-t-il en Tunisie?<\/strong><br \/>Nous expliquons sur notre <a href=\"https:\/\/www.youtube.com\/channel\/UCRzypVq0B_yBad5eGrwBx0Q?sub_confirmation=1\" target=\"_blank\" rel=\"noopener noreferrer\">cha\u00eene YouTube<\/a> . <a href=\"https:\/\/www.youtube.com\/channel\/UCRzypVq0B_yBad5eGrwBx0Q?sub_confirmation=1\" target=\"_blank\" rel=\"noopener noreferrer\">Abonnez-vous!<\/a><\/p>\n<div class=\"mvp-org-wrap mvp-org-logo\" itemprop=\"publisher\" itemscope=\"\" itemtype=\"https:\/\/schema.org\/Organization\"><img decoding=\"async\" src=\"https:\/\/www.tunisienumerique.com\/wp-content\/uploads\/2017\/02\/logo_tunisie_numerique.png\"\/><\/div>\n<div class=\"mvp-related-posts left relative\">\n<h4 class=\"post-header\"><span class=\"post-header\">Lire aussi<\/span><\/h4>\n<\/div>\n<\/div>\n<p>Auteur: LM<br \/>\n<a href=\"https:\/\/www.tunisienumerique.com\/tunisie-kais-saied-rend-visite-a-un-blesse-de-la-revolution\/\">Cliquez ici pour lire l&rsquo;article depuis sa source.<\/a><\/p>\n","protected":false},"excerpt":{"rendered":"<p>Le pr\u00e9sident de la R\u00e9publique, Ka\u00efs Sa\u00efed a rendu, ce mardi apr\u00e8s midi, une visite au domicile du bless\u00e9 de la R\u00e9volution, Khaled ben Nejma, \u00e0 Ras Jebel. Sa\u00efed s\u2019est inform\u00e9 sur les conditions sociales et de sant\u00e9 du jeune Ben Nejma, le remerciant pour son courage ainsi que des centaines d\u2019autres qui ont permis [&hellip;]<\/p>\n","protected":false},"author":1789,"featured_media":73057,"comment_status":"closed","ping_status":"closed","sticky":false,"template":"","format":"standard","meta":{"fifu_image_url":"","fifu_image_alt":"","footnotes":""},"categories":[73,55],"tags":[],"class_list":["post-73056","post","type-post","status-publish","format-standard","has-post-thumbnail","hentry","category-actualite","category-tunisie"],"_links":{"self":[{"href":"https:\/\/linitiative.ca\/International\/wp-json\/wp\/v2\/posts\/73056","targetHints":{"allow":["GET"]}}],"collection":[{"href":"https:\/\/linitiative.ca\/International\/wp-json\/wp\/v2\/posts"}],"about":[{"href":"https:\/\/linitiative.ca\/International\/wp-json\/wp\/v2\/types\/post"}],"author":[{"embeddable":true,"href":"https:\/\/linitiative.ca\/International\/wp-json\/wp\/v2\/users\/1789"}],"replies":[{"embeddable":true,"href":"https:\/\/linitiative.ca\/International\/wp-json\/wp\/v2\/comments?post=73056"}],"version-history":[{"count":0,"href":"https:\/\/linitiative.ca\/International\/wp-json\/wp\/v2\/posts\/73056\/revisions"}],"wp:featuredmedia":[{"embeddable":true,"href":"https:\/\/linitiative.ca\/International\/wp-json\/"}],"wp:attachment":[{"href":"https:\/\/linitiative.ca\/International\/wp-json\/wp\/v2\/media?parent=73056"}],"wp:term":[{"taxonomy":"category","embeddable":true,"href":"https:\/\/linitiative.ca\/International\/wp-json\/wp\/v2\/categories?post=73056"},{"taxonomy":"post_tag","embeddable":true,"href":"https:\/\/linitiative.ca\/International\/wp-json\/wp\/v2\/tags?post=73056"}],"curies":[{"name":"wp","href":"https:\/\/api.w.org\/{rel}","templated":true}]}}