{"id":73062,"date":"2020-01-14T15:14:35","date_gmt":"2020-01-14T20:14:35","guid":{"rendered":"https:\/\/linitiative.ca\/International\/sommet-de-pau-sur-linsecurite-au-sahella-peur-va-t-elle-changer-de-camp\/"},"modified":"2020-01-14T15:14:35","modified_gmt":"2020-01-14T20:14:35","slug":"sommet-de-pau-sur-linsecurite-au-sahella-peur-va-t-elle-changer-de-camp","status":"publish","type":"post","link":"https:\/\/linitiative.ca\/International\/sommet-de-pau-sur-linsecurite-au-sahella-peur-va-t-elle-changer-de-camp\/","title":{"rendered":"SOMMET DE PAU SUR L\u2019INSECURITE AU SAHEL:La peur va-t-elle changer de camp ?"},"content":{"rendered":"<div class=\"stream-item stream-item-above-post-content\">\n<p><noscript><\/p>\n<p><a href=\"\/\/www3.smartadserver.com\/ac?jump=1&#038;nwid=2136&#038;siteid=240610&#038;pgname=rg&#038;fmtid=49046&#038;visit=m&#038;tmstp=[timestamp]&#038;out=nonrich\" target=\"_blank\" rel=\"noopener noreferrer\"><img decoding=\"async\" src=\"\/\/www3.smartadserver.com\/ac?out=nonrich&#038;nwid=2136&#038;siteid=240610&#038;pgname=rg&#038;fmtid=49046&#038;visit=m&#038;tmstp=[timestamp]\" border=\"0\" alt=\"\"\/><\/a><\/p>\n<p><\/noscript><\/div>\n<p class=\"c3\">Tenu finalement le 13 janvier dernier, le sommet de Pau, entre le pr\u00e9sident fran\u00e7ais, Emmanuel Macron, et ses homologues des cinq pays du G5 Sahel que sont le Burkina Faso, le Mali, la Mauritanie, le Niger et le Tchad, a fait beaucoup parler et a accouch\u00e9 de mesures fortes qui devraient faire bouger les lignes dans la lutte contre le terrorisme au Sahel. On retiendra, pour l\u2019essentiel, qu\u2019en lieu et place d\u2019un retrait de Barkhane, le sommet a plut\u00f4t l\u00e9gitim\u00e9 la pr\u00e9sence de la France dans la zone et consacr\u00e9 un renforcement de sa force militaire qui verra l\u2019arriv\u00e9e de 220 soldats suppl\u00e9mentaires, apr\u00e8s que les chefs d\u2019Etat sah\u00e9liens ont clairement exprim\u00e9 \u00ab\u00a0<em>leur souhait de la poursuite de l\u2019engagement militaire fran\u00e7ais dans le Sahel<\/em>\u00a0\u00bb. Si c\u2019\u00e9tait l\u2019attente inavou\u00e9e du locataire de l\u2019Elys\u00e9e, l\u2019on peut dire qu\u2019il a \u00e9t\u00e9 bien servi. Mais pouvait-il en \u00eatre autrement\u00a0? Rien n\u2019est moins s\u00fbr. Car, en mettant dans la balance le retrait \u00e9ventuel de ses troupes dans un environnement s\u00e9curitaire mal ma\u00eetris\u00e9 par les pays du Sahel, Emmanuel Macron n\u2019offrait pas v\u00e9ritablement beaucoup de choix aux chefs d\u2019Etat africains.<\/p>\n<p class=\"c3\"><strong>L\u2019une des mesures fortes, est le recentrage des op\u00e9rations militaires sur \u00ab\u00a0<em>le triangle de la mort<\/em>\u00a0\u00bb<\/strong><\/p>\n<p class=\"c3\">Et face au p\u00e9ril, l\u2019on peut comprendre qu\u2019\u00e0 leur corps d\u00e9fendant, les pr\u00e9sidents du G5 Sahel aient accept\u00e9 de ravaler leur fiert\u00e9 et leur orgueil \u00a0pour \u00e9viter d\u2019exposer davantage leurs populations, d\u2019autant que leurs arm\u00e9es peinent d\u00e9j\u00e0 \u00e0 faire face \u00e0 la situation sur le terrain. N\u2019en d\u00e9plaise aux souverainistes africains ou pr\u00e9tendus tels, qui devraient plut\u00f4t se trouver un autre terrain de lutte contre la \u00ab<em>\u00a0France imp\u00e9rialiste\u00a0<\/em>\u00bb. La seule fausse note dans cette solidarit\u00e9 affich\u00e9e au continent, est la volont\u00e9 de Washington de r\u00e9duire sa pr\u00e9sence militaire dans la r\u00e9gion. Macron saura-t-il convaincre Trump du contraire\u00a0? <em>C\u2019est le wait and see<\/em>.<\/p>\n<p class=\"c3\">En attendant, l\u2019une des mesures fortes de ce sommet de Pau, est le recentrage des op\u00e9rations militaires sur \u00ab\u00a0<em>le triangle de la mort<\/em>\u00a0\u00bb que repr\u00e9sente la r\u00e9gion des trois fronti\u00e8res (Mali, Burkina, Niger) consid\u00e9r\u00e9e comme l\u2019\u00e9picentre des attaques terroristes, avec un commandement conjoint Barkhane\/G5 Sahel pour diriger les op\u00e9rations. Ainsi que le d\u00e9ploiement des forces sp\u00e9ciales europ\u00e9ennes de la \u00ab\u00a0<em>Task force Takuba<\/em>\u00a0\u00bb qui viendront renforcer le dispositif de la force fran\u00e7aise \u00e0 laquelle elles seront int\u00e9gr\u00e9es. De quoi troubler le sommeil des terroristes, principalement de l\u2019EIGS (Etat islamique au grand Sahara) qui a \u00e9t\u00e9 clairement identifi\u00e9 comme la principale cible \u00e0 abattre dans la r\u00e9gion. La peur va-t-elle alors changer de camp\u00a0? Il faut l\u2019esp\u00e9rer. Toutefois, en tenant un tel sommet \u00e0 grand renfort de tapage m\u00e9diatique tout en exposant la strat\u00e9gie \u00e0 adopter, l\u2019on se demande si la France et ses partenaires du Sahel ne se tirent pas d\u00e9j\u00e0 une balle dans le pied et ne donnent pas l\u2019occasion aux djihadistes de changer de strat\u00e9gie.\u00a0 Quand on sait par exemple la forte capacit\u00e9 de mobilit\u00e9 des terroristes, l\u2019on se demande s\u2019ils ne vont pas d\u00e9placer leurs actions dans des zones jug\u00e9es moins risqu\u00e9es pour eux, ou faire simplement profil bas en attendant une situation plus favorable.<\/p>\n<p class=\"c3\"><strong>Il appartient \u00e0 nos Etats de travailler \u00e0 sortir de leur position d\u2019\u00e9ternels assist\u00e9s<\/strong><\/p>\n<p class=\"c3\">D\u2019autant qu\u2019en se fixant ces objectifs, la France semble circonscrire son champ d\u2019action et son intervention dans le temps\u00a0; action qui fera l\u2019objet d\u2019\u00e9valuation dans six mois pour d\u00e9cider de la suite. Va-t-on vers un retrait de Barkhane de ladite zone \u00e0 cette \u00e9ch\u00e9ance, sachant qu\u2019elle n\u2019a pas vocation \u00e0 s\u2019\u00e9terniser au Sahel ? S\u2019il para\u00eet un peu pr\u00e9matur\u00e9 de r\u00e9pondre \u00e0 cette question, il est tout aussi imp\u00e9ratif, dans le m\u00eame temps, de garder l\u2019arme au pied sur les autres parties des territoires de ces pays, pour se donner des chances de r\u00e9duire consid\u00e9rablement la voilure et la marge de man\u0153uvre des terroristes dans la r\u00e9gion. \u00a0Il appartient aussi \u00e0 nos Etats de travailler \u00e0 sortir de leur position d\u2019\u00e9ternels assist\u00e9s pour prendre enfin leur destin en main.<\/p>\n<p class=\"c3\">En tout \u00e9tat de cause, tout le mal que l\u2019on souhaite aux pays du Sahel, c\u2019est que les fruits de la s\u00e9curit\u00e9 et de la paix tiennent la promesse des fleurs du sommet de Pau qui doit marquer indubitablement un tournant dans la lutte contre le terrorisme dans cette r\u00e9gion. Au-del\u00e0, l\u2019on peut se convaincre que le Sahel est d\u00e9finitivement une zone hautement strat\u00e9gique, o\u00f9 se jouent des guerres d\u2019influence\u00a0aussi bien sur les plan \u00e9conomique, diplomatique, militaire que g\u00e9ostrat\u00e9gique. Et si Paris se montre aussi irritable face au sentiment anti-fran\u00e7ais qui se d\u00e9veloppe au sein d\u2019une certaine opinion dans la zone, cela ne semble pas anodin. Surtout, au moment o\u00f9 des voix et pas des moindres, s\u2019\u00e9l\u00e8vent de plus en plus dans les pays du Sahel, pour demander une diversification des partenaires quand certains n\u2019appellent pas ouvertement \u00e0 une rupture des relations avec l\u2019ancienne puissance coloniale au profit d\u2019autres partenaires. Ceci expliquerait-il cela\u00a0?<\/p>\n<p class=\"c3\"><strong>\u00a0<\/strong><\/p>\n<p class=\"c3\"><strong><em>\u00ab\u00a0Le Pays\u00a0\u00bb<\/em><\/strong><\/p>\n<p class=\"c3\"><strong>\u00a0<\/strong><\/p>\n<p>Auteur: Le Pays<br \/>\n<a href=\"http:\/\/lepays.bf\/sommet-de-pau-sur-linsecurite-au-sahella-peur-va-t-elle-changer-de-camp\/\">Cliquez ici pour lire l&rsquo;article depuis sa source.<\/a><\/p>\n","protected":false},"excerpt":{"rendered":"<p>Tenu finalement le 13 janvier dernier, le sommet de Pau, entre le pr\u00e9sident fran\u00e7ais, Emmanuel Macron, et ses homologues des cinq pays du G5 Sahel que sont le Burkina Faso, le Mali, la Mauritanie, le Niger et le Tchad, a fait beaucoup parler et a accouch\u00e9 de mesures fortes qui devraient faire bouger les lignes [&hellip;]<\/p>\n","protected":false},"author":1813,"featured_media":0,"comment_status":"closed","ping_status":"closed","sticky":false,"template":"","format":"standard","meta":{"fifu_image_url":"","fifu_image_alt":"","footnotes":""},"categories":[73,81],"tags":[],"class_list":["post-73062","post","type-post","status-publish","format-standard","hentry","category-actualite","category-burkina-faso"],"_links":{"self":[{"href":"https:\/\/linitiative.ca\/International\/wp-json\/wp\/v2\/posts\/73062","targetHints":{"allow":["GET"]}}],"collection":[{"href":"https:\/\/linitiative.ca\/International\/wp-json\/wp\/v2\/posts"}],"about":[{"href":"https:\/\/linitiative.ca\/International\/wp-json\/wp\/v2\/types\/post"}],"author":[{"embeddable":true,"href":"https:\/\/linitiative.ca\/International\/wp-json\/wp\/v2\/users\/1813"}],"replies":[{"embeddable":true,"href":"https:\/\/linitiative.ca\/International\/wp-json\/wp\/v2\/comments?post=73062"}],"version-history":[{"count":0,"href":"https:\/\/linitiative.ca\/International\/wp-json\/wp\/v2\/posts\/73062\/revisions"}],"wp:attachment":[{"href":"https:\/\/linitiative.ca\/International\/wp-json\/wp\/v2\/media?parent=73062"}],"wp:term":[{"taxonomy":"category","embeddable":true,"href":"https:\/\/linitiative.ca\/International\/wp-json\/wp\/v2\/categories?post=73062"},{"taxonomy":"post_tag","embeddable":true,"href":"https:\/\/linitiative.ca\/International\/wp-json\/wp\/v2\/tags?post=73062"}],"curies":[{"name":"wp","href":"https:\/\/api.w.org\/{rel}","templated":true}]}}