{"id":73066,"date":"2020-01-14T16:34:52","date_gmt":"2020-01-14T21:34:52","guid":{"rendered":"https:\/\/linitiative.ca\/International\/secteur-des-transports-des-organisations-professionnelles-prevoient-une-greve-illimitee\/"},"modified":"2020-01-14T16:34:52","modified_gmt":"2020-01-14T21:34:52","slug":"secteur-des-transports-des-organisations-professionnelles-prevoient-une-greve-illimitee","status":"publish","type":"post","link":"https:\/\/linitiative.ca\/International\/secteur-des-transports-des-organisations-professionnelles-prevoient-une-greve-illimitee\/","title":{"rendered":"Secteur des transports Des organisations professionnelles pr\u00e9voient une gr\u00e8ve illimit\u00e9e"},"content":{"rendered":"<div class=\"td-post-featured-image\"><a href=\"https:\/\/i0.wp.com\/www.sidwaya.info\/wp-content\/uploads\/2020\/01\/1-22.jpg?fit=595%2C397&#038;ssl=1\" data-caption=\"\"><img loading=\"lazy\" decoding=\"async\" width=\"595\" height=\"397\" class=\"entry-thumb td-modal-image\" src=\"https:\/\/i0.wp.com\/www.sidwaya.info\/wp-content\/uploads\/2020\/01\/1-22.jpg?resize=595%2C397&#038;ssl=1\" srcset=\"https:\/\/i0.wp.com\/www.sidwaya.info\/wp-content\/uploads\/2020\/01\/1-22.jpg?w=595&#038;ssl=1 595w, https:\/\/i0.wp.com\/www.sidwaya.info\/wp-content\/uploads\/2020\/01\/1-22.jpg?resize=300%2C200&#038;ssl=1 300w\" sizes=\"auto, (max-width: 595px) 100vw, 595px\" alt=\"\" title=\"1\"\/><\/a><\/div>\n<p><strong>Des organisations socioprofessionnelles des transporteurs routiers du Burkina ont, au cours d\u2019une conf\u00e9rence de presse, hier mardi 14 janvier 2020, \u00e0 Ouagadougou, exig\u00e9 du gouvernement, la tenue d\u2019un congr\u00e8s constitutif de la Fa\u00eeti\u00e8re unique des transporteurs routiers du Burkina (FUTRB). Elles pr\u00e9voient une gr\u00e8ve illimit\u00e9e, si rien n\u2019est fait.<\/strong><\/p>\n<p>Dix-neuf organisations socioprofessionnelles des transporteurs routiers du Burkina menacent d\u2019aller en gr\u00e8ve illimit\u00e9e, ce mercredi 15 janvier 2020, \u00e0 partir de minuit. Elles entendent exiger du gouvernement, qu\u2019il facilite la tenue d\u2019un congr\u00e8s constitutif pour \u00ab\u00a0officialiser\u00a0\u00bb la Fa\u00eeti\u00e8re unique des transporteurs routiers du Burkina (FUTRB). En effet, ce regroupement de structures de transporteurs routiers l\u2019a fait savoir, le mardi 14 janvier 2020, dans l\u2019apr\u00e8s-midi, \u00e0 Ouagadougou, au cours d\u2019une conf\u00e9rence de presse. Selon leur porte-parole, Bonaventure K\u00e9r\u00e9, des r\u00e9unions ont \u00e9t\u00e9 tenues pour l\u2019aboutissement de la fa\u00eeti\u00e8re, un m\u00e9morandum a \u00e9t\u00e9 sign\u00e9 et un protocole \u00e9tabli en accord avec le minist\u00e8re en charge des transports. Mais, a-t-il ajout\u00e9, la tenue d\u2019une assembl\u00e9e pour mettre en place la FUTRB \u00ab\u00a0pi\u00e9tine\u00a0\u00bb, compte tenu de ce qu\u2019il a appel\u00e9 \u00ab\u00a0les tergiversations de leur d\u00e9partement de tutelle\u00a0\u00bb.<\/p>\n<div class=\"td-a-rec td-a-rec-id-content_inline tdi_30_4ae td_block_template_1\"><a href=\"https:\/\/www.sidwaya.info\/wp-content\/uploads\/2019\/12\/Bandeau-sitebonneannee.jpg\"><img loading=\"lazy\" decoding=\"async\" class=\"aligncenter size-full wp-image-17812\" src=\"https:\/\/www.sidwaya.info\/wp-content\/uploads\/2019\/12\/Bandeau-sitebonneannee.jpg\" alt=\"\" width=\"720\" height=\"90\"\/><\/a><\/div>\n<p>A l\u2019entendre, le congr\u00e8s avait \u00e9t\u00e9 pr\u00e9vu pour se tenir les 7 et 8 septembre 2019, \u00e0 Bobo Dioulasso, dans la r\u00e9gion des Hauts-Bassins. Toutefois, \u00e0 la veille de la rencontre, a d\u00e9plor\u00e9 Bonaventure K\u00e9r\u00e9, un message \u00e9manant de la Direction g\u00e9n\u00e9rale des transports terrestres et maritimes (DGTTM), confirm\u00e9 plus tard par le ministre en charge des transports, l\u2019a annul\u00e9. Et pourtant, aux dires du conf\u00e9rencier, la position sans littoral du Burkina Faso commande qu\u2019il y ait un secteur de transport routier tr\u00e8s efficace. Face \u00e0 cette situation, M. K\u00e9r\u00e9 et ses camarades ont dit ne pas comprendre l\u2019attitude de l\u2019ex\u00e9cutif, dans la gestion du fret. \u00ab\u00a0Pass\u00e9 le d\u00e9lai du 15 janvier 2020, nous serons dans l\u2019obligation d\u2019observer un arr\u00eat du trafic de tous nos produits \u00e0 destination du Burkina Faso, les livraisons et le transport des voyageurs sur toute l\u2019\u00e9tendue du territoire jusqu\u2019\u00e0 la mise en place de notre fa\u00eeti\u00e8re, source d\u2019espoir pour nous\u00a0\u00bb, a-t-il d\u00e9clar\u00e9. Qu\u2019est-ce qui retarde la tenue du congr\u00e8s constitutif\u00a0? Est-ce que le blocage n\u2019est pas d\u00fb aussi \u00e0 l\u2019attitude des chauffeurs routiers\u00a0?<\/p>\n<p>R\u00e9pondant \u00e0 la premi\u00e8re pr\u00e9occupation, le conf\u00e9rencier a indiqu\u00e9 que c\u2019est la pr\u00e9sidence de la fa\u00eeti\u00e8re qui pose probl\u00e8me. Cependant, a-t-il rench\u00e9ri, un consensus a \u00e9t\u00e9 trouv\u00e9 pour une alternance profitable \u00e0 toutes les organisations membres. S\u2019agissant de la deuxi\u00e8me question, K\u00e9r\u00e9 a rassur\u00e9 qu\u2019il n\u2019y a aucun couac entre les transporteurs et les chauffeurs routiers. Les professionnels des m\u00e9dias ont voulu \u00e9galement savoir pourquoi un probl\u00e8me entre les transporteurs routiers et le gouvernement va se d\u00e9teindre sur les citoyens \u00e0 travers une gr\u00e8ve. Sur cette interrogation, le porte-voix des transporteurs routiers a laiss\u00e9 entendre que, pour une premi\u00e8re fois, l\u2019on devrait leur reconna\u00eetre cette l\u00e9gitimit\u00e9 afin que la FUTRB tant attendue voie le jour. La mise en place de cette fa\u00eeti\u00e8re a \u00e9t\u00e9 recommand\u00e9e par la Banque mondiale en accord avec l\u2019ex\u00e9cutif pour une synergie d\u2019actions dans l\u2019univers des transports au Burkina Faso.<\/p>\n<p class=\"c1\"><strong>Boukary BONKOUNGOU<\/strong><\/p>\n<div class=\"td-a-rec td-a-rec-id-content_bottom tdi_31_ae6 td_block_template_1\"><img loading=\"lazy\" decoding=\"async\" class=\"aligncenter size-full wp-image-9623\" src=\"https:\/\/www.sidwaya.info\/wp-content\/uploads\/2019\/06\/Projet-bannie%CC%80re-Orange-mobile.jpg\" alt=\"\" width=\"728\" height=\"81\"\/><\/div>\n<p>Auteur: DD. Sidwaya<br \/>\n<a href=\"https:\/\/www.sidwaya.info\/blog\/2020\/01\/14\/secteur-des-transports-des-organisations-professionnelles-prevoient-une-greve-illimitee\/\">Cliquez ici pour lire l&rsquo;article depuis sa source.<\/a><\/p>\n","protected":false},"excerpt":{"rendered":"<p>Des organisations socioprofessionnelles des transporteurs routiers du Burkina ont, au cours d\u2019une conf\u00e9rence de presse, hier mardi 14 janvier 2020, \u00e0 Ouagadougou, exig\u00e9 du gouvernement, la tenue d\u2019un congr\u00e8s constitutif de la Fa\u00eeti\u00e8re unique des transporteurs routiers du Burkina (FUTRB). Elles pr\u00e9voient une gr\u00e8ve illimit\u00e9e, si rien n\u2019est fait. Dix-neuf organisations socioprofessionnelles des transporteurs routiers [&hellip;]<\/p>\n","protected":false},"author":1816,"featured_media":0,"comment_status":"closed","ping_status":"closed","sticky":false,"template":"","format":"standard","meta":{"fifu_image_url":"","fifu_image_alt":"","footnotes":""},"categories":[73,81],"tags":[],"class_list":["post-73066","post","type-post","status-publish","format-standard","hentry","category-actualite","category-burkina-faso"],"_links":{"self":[{"href":"https:\/\/linitiative.ca\/International\/wp-json\/wp\/v2\/posts\/73066","targetHints":{"allow":["GET"]}}],"collection":[{"href":"https:\/\/linitiative.ca\/International\/wp-json\/wp\/v2\/posts"}],"about":[{"href":"https:\/\/linitiative.ca\/International\/wp-json\/wp\/v2\/types\/post"}],"author":[{"embeddable":true,"href":"https:\/\/linitiative.ca\/International\/wp-json\/wp\/v2\/users\/1816"}],"replies":[{"embeddable":true,"href":"https:\/\/linitiative.ca\/International\/wp-json\/wp\/v2\/comments?post=73066"}],"version-history":[{"count":0,"href":"https:\/\/linitiative.ca\/International\/wp-json\/wp\/v2\/posts\/73066\/revisions"}],"wp:attachment":[{"href":"https:\/\/linitiative.ca\/International\/wp-json\/wp\/v2\/media?parent=73066"}],"wp:term":[{"taxonomy":"category","embeddable":true,"href":"https:\/\/linitiative.ca\/International\/wp-json\/wp\/v2\/categories?post=73066"},{"taxonomy":"post_tag","embeddable":true,"href":"https:\/\/linitiative.ca\/International\/wp-json\/wp\/v2\/tags?post=73066"}],"curies":[{"name":"wp","href":"https:\/\/api.w.org\/{rel}","templated":true}]}}