{"id":73068,"date":"2020-01-14T13:50:08","date_gmt":"2020-01-14T18:50:08","guid":{"rendered":"https:\/\/linitiative.ca\/International\/soudan-rebellion-dans-les-services-de-securite-tirs-nourris\/"},"modified":"2020-01-14T13:50:08","modified_gmt":"2020-01-14T18:50:08","slug":"soudan-rebellion-dans-les-services-de-securite-tirs-nourris","status":"publish","type":"post","link":"https:\/\/linitiative.ca\/International\/soudan-rebellion-dans-les-services-de-securite-tirs-nourris\/","title":{"rendered":"Soudan: \u00ab\u00a0r\u00e9bellion\u00a0\u00bb dans les services de s\u00e9curit\u00e9, tirs nourris"},"content":{"rendered":"<div readability=\"32\">\n<p>Publi\u00e9 le 14.01.2020 \u00e0 19h50 par AFP<\/p>\n<\/div>\n<div readability=\"154\">\n<p>Des tirs nourris ont retenti mardi \u00e0 Khartoum dans deux bases des services de s\u00e9curit\u00e9 soudanais, blessant un adolescent, des employ\u00e9s ayant lanc\u00e9 une \u00ab\u00a0r\u00e9bellion\u00a0\u00bb pour rejeter des compensations financi\u00e8res dans le cadre d\u2019un plan de restructuration.<\/p>\n<p>Selon des t\u00e9moins, les tirs ont eu lieu sur une base du quartier de Riyadh, dans le nord de la capitale, et sur la base de Khartoum-Nord, en banlieue de la ville, qui h\u00e9bergent l\u2019ex-Service national de renseignement et de s\u00e9curit\u00e9 soudanais (NISS), redoutables services de s\u00e9curit\u00e9 sous le r\u00e9gime du pr\u00e9sident d\u00e9chu Omar el-B\u00e9chir.<\/p>\n<p>Le NISS, rebaptis\u00e9 il y a quelques mois Service des renseignements g\u00e9n\u00e9raux, a jou\u00e9 un r\u00f4le de premier plan dans la r\u00e9pression du mouvement de contestation ayant d\u00e9but\u00e9 en d\u00e9cembre 2018 et men\u00e9, en avril, \u00e0 la destitution par l\u2019arm\u00e9e d\u2019Omar el-B\u00e9chir sous la pression de la rue, apr\u00e8s 30 ans de pouvoir sans partage.<\/p>\n<p>Un correspondant de l\u2019AFP a d\u2019abord fait \u00e9tat de tirs nourris et incessants sur la base de Riyadh, non loin de l\u2019a\u00e9roport de Khartoum.<\/p>\n<p>L\u2019a\u00e9roport a \u00e9t\u00e9 \u00ab\u00a0ferm\u00e9 pendant cinq heures, jusqu\u2019\u00e0 20H00 (18H00 GMT) pour des raisons de s\u00e9curit\u00e9\u00a0\u00bb, a d\u00e9clar\u00e9 \u00e0 l\u2019AFP le porte-parole de l\u2019aviation civile.<\/p>\n<p>L\u2019intensit\u00e9 des tirs a ensuite baiss\u00e9, selon le correspondant de l\u2019AFP, qui a aussi vu plusieurs v\u00e9hicules transportant des soldats et des membres des Forces de soutien rapide (RSF) se diriger vers ces bases.<\/p>\n<p>\u00ab\u00a0Des soldats de centres op\u00e9rationnels des services de s\u00e9curit\u00e9 ont d\u00e9but\u00e9 une r\u00e9bellion dans certaines parties de la capitale\u00a0\u00bb, a indiqu\u00e9 le porte-parole du gouvernement Faisal Mohamed Saleh, d\u2019apr\u00e8s la t\u00e9l\u00e9vision d\u2019Etat.<\/p>\n<p>\u00ab\u00a0Ceci est arriv\u00e9 car les soldats ont rejet\u00e9 la somme qu\u2019ils ont re\u00e7ue pour leur retraite\u00a0\u00bb, a-t-il ajout\u00e9, affirmant que certains \u00e9taient sortis dans la rue o\u00f9 ils ont install\u00e9 des barricades et tir\u00e9 en l\u2019air.<\/p>\n<p>Toutes les rues menant aux deux bases ont \u00e9t\u00e9 bloqu\u00e9es, provoquant des embouteillages.<\/p>\n<p>Selon des m\u00e9decins proches du mouvement de contestation, un adolescent de 15 ans a \u00e9t\u00e9 bless\u00e9 par des tirs \u00e0 proximit\u00e9 de la base de Riyadh, avant d\u2019\u00eatre transport\u00e9 \u00e0 l\u2019h\u00f4pital. Ils n\u2019ont pas pr\u00e9cis\u00e9 la gravit\u00e9 de ses blessures.<\/p>\n<p>Une source de s\u00e9curit\u00e9 a expliqu\u00e9 \u00e0 l\u2019AFP que des tirs avaient d\u2019abord \u00e9clat\u00e9 sur une base \u00e0 Al-Obeid, une ville au sud-ouest de Khartoum, puis dans la capitale.<\/p>\n<p>\u2013 Situation \u00ab\u00a0ma\u00eetris\u00e9e\u00a0\u00bb \u2013<\/p>\n<p>\u00ab\u00a0Alors que nous sommes dans un processus de restructuration du NISS, certains membres ont rejet\u00e9 des compensations financi\u00e8res propos\u00e9es pour leur retraite\u00a0\u00bb, a indiqu\u00e9 le NISS dans un communiqu\u00e9, sans mentionner les tirs.<\/p>\n<p>Les Forces pour la libert\u00e9 et le changement (FLC), principale organisation de la contestation, ont appel\u00e9 au calme.<\/p>\n<p>\u00ab\u00a0Nous appelons notre peuple \u00e0 ne pas donner une chance \u00e0 ceux qui veulent entra\u00eener notre pays vers un carnage\u00a0\u00bb, ont-elles d\u00e9clar\u00e9 dans un communiqu\u00e9.<\/p>\n<p>\u00ab\u00a0Nous invitons les habitants \u00e0 \u00e9viter de venir\u00a0\u00bb dans les quartiers des bases, a dit le porte-parole du gouvernement, faisant \u00e9tat de n\u00e9gociations en cours pour apaiser la situation.<\/p>\n<p>Le chef des RSF, Mohamed Hamdan Daglo, a accus\u00e9 l\u2019ancien patron du renseignement Salah Ghosh, figure du r\u00e9gime B\u00e9chir, d\u2019\u00eatre derri\u00e8re la r\u00e9volte.<\/p>\n<p>\u00ab\u00a0Ce qu\u2019il s\u2019est pass\u00e9 aujourd\u2019hui \u00e9tait pr\u00e9vu par Salah Ghosh et d\u2019autres officiers\u00a0\u00bb, a dit M. Daglo, \u00e9galement membre du Conseil souverain, un organe form\u00e9 de civils et de militaires charg\u00e9 d\u2019assurer la transition post-B\u00e9chir.<\/p>\n<p>M. Ghosh avait d\u00e9missionn\u00e9 deux jours apr\u00e8s la destitution de M. B\u00e9chir et le lieu o\u00f9 il se trouve n\u2019est pas connu.<\/p>\n<p>Le Premier ministre Abdallah Hamdok a assur\u00e9 que la situation \u00e9tait \u00ab\u00a0ma\u00eetris\u00e9e\u00a0\u00bb.<\/p>\n<p>\u00ab\u00a0Les forces arm\u00e9es soudanaises (\u2026) ont la capacit\u00e9 de g\u00e9rer la situation\u00a0\u00bb, a-t-il \u00e9crit sur Twitter.<\/p>\n<p>Depuis la conclusion en ao\u00fbt d\u2019un accord entre les militaires et les leaders de la contestation, le Soudan est dirig\u00e9 par un gouvernement de transition. Les nouvelles autorit\u00e9s ont notamment promis de r\u00e9former les services de s\u00e9curit\u00e9.<\/p>\n<p>Au moins 177 personnes ont \u00e9t\u00e9 tu\u00e9es dans la r\u00e9pression du mouvement de contestation, selon Amnesty International. Un comit\u00e9 de m\u00e9decins proche des manifestants \u00e9value le bilan \u00e0 plus de 250 victimes.<\/p>\n<\/div>\n<p>Auteur: AFP<br \/>\n<a href=\"https:\/\/www.journalducameroun.com\/soudan-rebellion-dans-les-services-de-securite-tirs-nourris\/\">Cliquez ici pour lire l&rsquo;article depuis sa source.<\/a><\/p>\n","protected":false},"excerpt":{"rendered":"<p>Publi\u00e9 le 14.01.2020 \u00e0 19h50 par AFP Des tirs nourris ont retenti mardi \u00e0 Khartoum dans deux bases des services de s\u00e9curit\u00e9 soudanais, blessant un adolescent, des employ\u00e9s ayant lanc\u00e9 une \u00ab\u00a0r\u00e9bellion\u00a0\u00bb pour rejeter des compensations financi\u00e8res dans le cadre d\u2019un plan de restructuration. Selon des t\u00e9moins, les tirs ont eu lieu sur une base [&hellip;]<\/p>\n","protected":false},"author":1965,"featured_media":0,"comment_status":"closed","ping_status":"closed","sticky":false,"template":"","format":"standard","meta":{"fifu_image_url":"","fifu_image_alt":"","footnotes":""},"categories":[73,82],"tags":[],"class_list":["post-73068","post","type-post","status-publish","format-standard","hentry","category-actualite","category-cameroun"],"_links":{"self":[{"href":"https:\/\/linitiative.ca\/International\/wp-json\/wp\/v2\/posts\/73068","targetHints":{"allow":["GET"]}}],"collection":[{"href":"https:\/\/linitiative.ca\/International\/wp-json\/wp\/v2\/posts"}],"about":[{"href":"https:\/\/linitiative.ca\/International\/wp-json\/wp\/v2\/types\/post"}],"author":[{"embeddable":true,"href":"https:\/\/linitiative.ca\/International\/wp-json\/wp\/v2\/users\/1965"}],"replies":[{"embeddable":true,"href":"https:\/\/linitiative.ca\/International\/wp-json\/wp\/v2\/comments?post=73068"}],"version-history":[{"count":0,"href":"https:\/\/linitiative.ca\/International\/wp-json\/wp\/v2\/posts\/73068\/revisions"}],"wp:attachment":[{"href":"https:\/\/linitiative.ca\/International\/wp-json\/wp\/v2\/media?parent=73068"}],"wp:term":[{"taxonomy":"category","embeddable":true,"href":"https:\/\/linitiative.ca\/International\/wp-json\/wp\/v2\/categories?post=73068"},{"taxonomy":"post_tag","embeddable":true,"href":"https:\/\/linitiative.ca\/International\/wp-json\/wp\/v2\/tags?post=73068"}],"curies":[{"name":"wp","href":"https:\/\/api.w.org\/{rel}","templated":true}]}}