{"id":73069,"date":"2020-01-14T14:50:03","date_gmt":"2020-01-14T19:50:03","guid":{"rendered":"https:\/\/linitiative.ca\/International\/guinee-deux-commissariats-saccages-lors-dune-2e-journee-de-mobilisation-anti-conde\/"},"modified":"2020-01-14T14:50:03","modified_gmt":"2020-01-14T19:50:03","slug":"guinee-deux-commissariats-saccages-lors-dune-2e-journee-de-mobilisation-anti-conde","status":"publish","type":"post","link":"https:\/\/linitiative.ca\/International\/guinee-deux-commissariats-saccages-lors-dune-2e-journee-de-mobilisation-anti-conde\/","title":{"rendered":"Guin\u00e9e: deux commissariats saccag\u00e9s lors d\u2019une 2e journ\u00e9e de mobilisation anti-Cond\u00e9"},"content":{"rendered":"<div readability=\"32\">\n<p>Publi\u00e9 le 14.01.2020 \u00e0 20h50 par AFP<\/p>\n<\/div>\n<div readability=\"102\">\n<p>La mobilisation lanc\u00e9e lundi en Guin\u00e9e par l\u2019opposition contre le projet de troisi\u00e8me mandat attribu\u00e9 au pr\u00e9sident Alpha Cond\u00e9 s\u2019est poursuivie mardi, selon des t\u00e9moins et les autorit\u00e9s, qui ont indiqu\u00e9 que deux commissariats avaient \u00e9t\u00e9 saccag\u00e9s dans la ville de Pita, \u00e0 200 km de Conakry.<\/p>\n<p>\u00ab\u00a0Le locaux de la gendarmerie territoriale et le commissariat central de police (de Pita) ont \u00e9t\u00e9 lapid\u00e9s, saccag\u00e9s et incendi\u00e9s par les manifestants\u00a0\u00bb, a indiqu\u00e9 dans un communiqu\u00e9 le minist\u00e8re de la S\u00e9curit\u00e9.<\/p>\n<p>Au nombre de \u00ab\u00a0plusieurs centaines\u00a0\u00bb, les manifestants \u00ab\u00a0en ont profit\u00e9 pour d\u00e9rober des armes et des vivres, dont des sacs de riz\u00a0\u00bb, a expliqu\u00e9 \u00e0 l\u2019AFP un t\u00e9moin ayant requis l\u2019anonymat.<\/p>\n<p>Le Front national pour la d\u00e9fense de la Constitution (FNDC), le collectif de partis, de syndicats et de membres de la soci\u00e9t\u00e9 civile qui m\u00e8ne la protestation depuis trois mois, apr\u00e8s avoir organis\u00e9 de grandes marche, a appel\u00e9 \u00e0 une mobilisation \u00ab\u00a0massive\u00a0\u00bb et \u00ab\u00a0illimit\u00e9e\u00a0\u00bb \u00e0 travers le pays \u00e0 partir de lundi.<\/p>\n<p>Deux manifestants d\u2019une vingtaine d\u2019ann\u00e9es ont \u00e9t\u00e9 tu\u00e9s lundi au cours d\u2019affrontements avec les forces de l\u2019ordre \u00e0 Conakry et Lab\u00e9 (nord), selon les autorit\u00e9s et l\u2019opposition.<\/p>\n<p>A Conakry, des heurts ont \u00e0 nouveau oppos\u00e9 mardi des manifestants aux forces de l\u2019ordre, a rapport\u00e9 un correspondant de l\u2019AFP. Mais les activit\u00e9s dans la capitale, qui avaient pratiquement cess\u00e9 lundi avec notamment la fermeture d\u2019\u00e9coles, de banques et de stations essence, ont timidement repris, selon la m\u00eame source.<\/p>\n<p>Des manifestations ont \u00e9galement \u00e0 nouveau eu lieu mardi dans plusieurs autres villes, notamment \u00e0 Lelouma (nord), o\u00f9 \u00ab\u00a0un policier a \u00e9t\u00e9 bless\u00e9 par balle\u00a0\u00bb et deux responsables de la police et de la gendarmerie \u00ab\u00a0bless\u00e9s par des jets de pierres\u00a0\u00bb, selon le minist\u00e8re de la S\u00e9curit\u00e9.<\/p>\n<p>Depuis la mi-octobre, le FNDC a fait descendre dans la rue \u00e0 plusieurs reprises des dizaines ou des centaines de milliers de Guin\u00e9ens dans ce petit pays de 13 millions d\u2019habitants. Plus de 20 civils ont \u00e9t\u00e9 tu\u00e9s, ainsi qu\u2019un gendarme, et des dizaines de personnes arr\u00eat\u00e9es.<\/p>\n<p>L\u2019opposition est convaincue que le chef de l\u2019Etat, \u00e9lu en 2010 et r\u00e9\u00e9lu en 2015, entend se repr\u00e9senter fin 2020 alors que la Constitution limite \u00e0 deux le nombre de mandats pr\u00e9sidentiels.<\/p>\n<p>Elle a \u00e9t\u00e9 confort\u00e9e dans ses craintes en d\u00e9cembre quand M. Cond\u00e9, 81 ans, a indiqu\u00e9 qu\u2019il comptait soumettre aux Guin\u00e9ens un projet de nouvelle Constitution, m\u00eame s\u2019il ne s\u2019est pas exprim\u00e9 sur ses intentions personnelles.<\/p>\n<\/div>\n<p>Auteur: AFP<br \/>\n<a href=\"https:\/\/www.journalducameroun.com\/guinee-deux-commissariats-saccages-lors-dune-2e-journee-de-mobilisation-anti-conde\/\">Cliquez ici pour lire l&rsquo;article depuis sa source.<\/a><\/p>\n","protected":false},"excerpt":{"rendered":"<p>Publi\u00e9 le 14.01.2020 \u00e0 20h50 par AFP La mobilisation lanc\u00e9e lundi en Guin\u00e9e par l\u2019opposition contre le projet de troisi\u00e8me mandat attribu\u00e9 au pr\u00e9sident Alpha Cond\u00e9 s\u2019est poursuivie mardi, selon des t\u00e9moins et les autorit\u00e9s, qui ont indiqu\u00e9 que deux commissariats avaient \u00e9t\u00e9 saccag\u00e9s dans la ville de Pita, \u00e0 200 km de Conakry. \u00ab\u00a0Le [&hellip;]<\/p>\n","protected":false},"author":1965,"featured_media":0,"comment_status":"closed","ping_status":"closed","sticky":false,"template":"","format":"standard","meta":{"fifu_image_url":"","fifu_image_alt":"","footnotes":""},"categories":[73,82],"tags":[],"class_list":["post-73069","post","type-post","status-publish","format-standard","hentry","category-actualite","category-cameroun"],"_links":{"self":[{"href":"https:\/\/linitiative.ca\/International\/wp-json\/wp\/v2\/posts\/73069","targetHints":{"allow":["GET"]}}],"collection":[{"href":"https:\/\/linitiative.ca\/International\/wp-json\/wp\/v2\/posts"}],"about":[{"href":"https:\/\/linitiative.ca\/International\/wp-json\/wp\/v2\/types\/post"}],"author":[{"embeddable":true,"href":"https:\/\/linitiative.ca\/International\/wp-json\/wp\/v2\/users\/1965"}],"replies":[{"embeddable":true,"href":"https:\/\/linitiative.ca\/International\/wp-json\/wp\/v2\/comments?post=73069"}],"version-history":[{"count":0,"href":"https:\/\/linitiative.ca\/International\/wp-json\/wp\/v2\/posts\/73069\/revisions"}],"wp:attachment":[{"href":"https:\/\/linitiative.ca\/International\/wp-json\/wp\/v2\/media?parent=73069"}],"wp:term":[{"taxonomy":"category","embeddable":true,"href":"https:\/\/linitiative.ca\/International\/wp-json\/wp\/v2\/categories?post=73069"},{"taxonomy":"post_tag","embeddable":true,"href":"https:\/\/linitiative.ca\/International\/wp-json\/wp\/v2\/tags?post=73069"}],"curies":[{"name":"wp","href":"https:\/\/api.w.org\/{rel}","templated":true}]}}