{"id":73071,"date":"2020-01-14T16:50:03","date_gmt":"2020-01-14T21:50:03","guid":{"rendered":"https:\/\/linitiative.ca\/International\/boeing-abattu-en-iran-des-arrestations-lindignation-perdure\/"},"modified":"2020-01-14T16:50:03","modified_gmt":"2020-01-14T21:50:03","slug":"boeing-abattu-en-iran-des-arrestations-lindignation-perdure","status":"publish","type":"post","link":"https:\/\/linitiative.ca\/International\/boeing-abattu-en-iran-des-arrestations-lindignation-perdure\/","title":{"rendered":"Boeing abattu en Iran: des arrestations, l\u2019indignation perdure"},"content":{"rendered":"<p>T\u00e9h\u00e9ran a annonc\u00e9 mardi des arrestations dans le cadre de l\u2019enqu\u00eate sur l\u2019avion civil ukrainien abattu en Iran, o\u00f9 des manifestations ont eu lieu pour le quatri\u00e8me jour dans le sillage de l\u2019indignation provoqu\u00e9e par ce drame.<\/p>\n<p>Apr\u00e8s deux jours de d\u00e9mentis officiels de la th\u00e8se selon laquelle un missile avait \u00e9t\u00e9 tir\u00e9 sur le Boeing 737 d\u2019Ukraine International Airlines, les forces arm\u00e9es iraniennes ont reconnu samedi leur responsabilit\u00e9, en \u00e9voquant une \u00ab\u00a0erreur humaine\u00a0\u00bb.<\/p>\n<p>Les 176 personnes \u00e0 bord, en majorit\u00e9 des Iraniens et des Canadiens, sont d\u00e9c\u00e9d\u00e9es.<\/p>\n<p>Cette annonce a provoqu\u00e9 une vague de col\u00e8re en Iran, o\u00f9 des vid\u00e9os circulant sur les r\u00e9seaux sociaux montrent samedi des manifestations rythm\u00e9es par des slogans hostiles aux autorit\u00e9s, y compris au clerg\u00e9 chiite.<\/p>\n<p>Selon de nouvelles images, impossibles \u00e0 authentifier imm\u00e9diatement, de nouvelles manifestations ont eu lieu mardi soir, dans des universit\u00e9s \u00e0 T\u00e9h\u00e9ran et des affrontements pourraient avoir eu lieu entre des \u00e9tudiants et des Bassidji (volontaires musulmans loyalistes).<\/p>\n<p>\u2013 Face-\u00e0-face tendu \u2013<\/p>\n<p>Dans l\u2019apr\u00e8s-midi, quelque 200 \u00e9tudiants, pour la plupart masqu\u00e9s, s\u2019\u00e9taient livr\u00e9s \u00e0 un face-\u00e0-face tendu avec des Bassidji, avait constat\u00e9 l\u2019AFP.<\/p>\n<p>Les Bassidji criaient \u00ab\u00a0Mort au Royaume-Uni\u00a0\u00bb et br\u00fblaient l\u2019effigie en carton de l\u2019ambassadeur britannique Rob Macaire, bri\u00e8vement arr\u00eat\u00e9 samedi et accus\u00e9 par T\u00e9h\u00e9ran d\u2019avoir particip\u00e9 \u00e0 une manifestation interdite, ce qu\u2019il d\u00e9ment.<\/p>\n<p>Maintenus \u00e0 distance par les forces de l\u2019ordre, les deux groupes avaient fini par se disperser.<\/p>\n<p>Selon des journalistes de l\u2019AFP, le dispositif policier a \u00e9t\u00e9 nettement r\u00e9duit mardi \u00e0 T\u00e9h\u00e9ran. Internet \u00e9tait nettement perturb\u00e9.<\/p>\n<p>Fait extr\u00eamement rare, l\u2019agence de presse Fars, proche des ultraconservateurs, avait rapport\u00e9 lundi que les contestataires avaient cri\u00e9 la veille \u00ab\u00a0Mort au dictateur!\u00a0\u00bb et scand\u00e9 des slogans hostiles aux Gardiens de la R\u00e9volution, l\u2019arm\u00e9e id\u00e9ologique iranienne.<\/p>\n<p>Selon l\u2019Autorit\u00e9 judiciaire, une trentaine de personnes ont \u00e9t\u00e9 arr\u00eat\u00e9es entre samedi et lundi.<\/p>\n<p>\u2013 \u00ab\u00a0Vous restez muets !\u00a0\u00bb \u2013<\/p>\n<p>Un groupe de journalistes r\u00e9formateurs de T\u00e9h\u00e9ran a publi\u00e9 un communiqu\u00e9 d\u00e9non\u00e7ant le manque de libert\u00e9 de la presse et des m\u00e9dias officiels.<\/p>\n<p>\u00ab\u00a0Nous assistons aux fun\u00e9railles de la confiance du public\u00a0\u00bb, d\u00e9nonce le texte dont s\u2019est fait \u00e9cho l\u2019agence officielle Irna.<\/p>\n<p>\u00ab\u00a0A l\u2019heure o\u00f9 vous devez venir pour pr\u00e9senter des excuses et des explications, vous restez muets! Pourquoi nous couvrez-vous de honte devant l\u2019audience?\u00a0\u00bb, a tweet\u00e9 Elmira Sharifi, un des visages de l\u2019information \u00e0 la t\u00e9l\u00e9vision d\u2019Etat.<\/p>\n<p>Le journal Hamshahri, plus grand tirage de la presse iranienne, rapporte une \u00ab\u00a0vague de protestation d\u2019artistes face (au drame) de l\u2019avion et \u00e0 la fa\u00e7on (dont le peuple a \u00e9t\u00e9) inform\u00e9\u00a0\u00bb, ajoutant qu\u2019ils ont annul\u00e9 leur participation aux festivals de Fajr qui ont lieu en f\u00e9vrier \u00e0 l\u2019occasion de l\u2019anniversaire de la R\u00e9volution islamique.<\/p>\n<p>Pour Mehdi Rahmanian, directeur de la publication du quotidien r\u00e9formateur Shargh, \u00ab\u00a0les responsables seront oblig\u00e9s de parler aux gens plus honn\u00eatement\u00a0\u00bb, a-t-il estim\u00e9 aupr\u00e8s de l\u2019AFP.<\/p>\n<p>M. Rahmanian a aussi not\u00e9 que l\u2019attitude des forces de l\u2019ordre s\u2019\u00e9tait \u00ab\u00a0am\u00e9lior\u00e9e par rapport au pass\u00e9\u00a0\u00bb. Le mois dernier, la r\u00e9pression de manifestations li\u00e9es au co\u00fbt de la vie avait fait au moins 300 morts, selon l\u2019ONG Amnesty International.<\/p>\n<p>L\u2019Autorit\u00e9 judiciaire a par ailleurs annonc\u00e9 mardi des arrestations (en nombre non pr\u00e9cis\u00e9) dans le cadre de la \u00ab\u00a0vaste enqu\u00eate\u00a0\u00bb men\u00e9e pour d\u00e9terminer les responsabilit\u00e9s apr\u00e8s le crash.<\/p>\n<p>Le pr\u00e9sident Hassan Rohani a r\u00e9affirm\u00e9 que son pays devait \u00ab\u00a0punir\u00a0\u00bb tous les responsables du drame. \u00ab\u00a0Il est tr\u00e8s important (\u2026) que quiconque ait \u00e9t\u00e9 fautif ou n\u00e9gligent\u00a0\u00bb soit poursuivi, a-t-il dit.<\/p>\n<p>M. Rohani a demand\u00e9 la formation d\u2019un \u00ab\u00a0tribunal sp\u00e9cial avec des juges de haut rang et des dizaines d\u2019experts\u00a0\u00bb. \u00ab\u00a0Le monde entier va regarder\u00a0\u00bb, a-t-il averti.<\/p>\n<p>\u2013 \u00ab\u00a0Cons\u00e9quences\u00a0\u00bb \u2013<\/p>\n<p>L\u2019Iran a d\u00e9j\u00e0 invit\u00e9 des experts du Canada, de France, d\u2019Ukraine et des Etats-Unis \u00e0 participer \u00e0 l\u2019enqu\u00eate.<\/p>\n<p>Lors d\u2019un entretien t\u00e9l\u00e9phonique, le Premier ministre canadien Justin Trudeau a demand\u00e9 au pr\u00e9sident ukrainien Volodymyr Zelensky de l\u2019aider \u00e0 \u00e9tablir un dialogue avec les autorit\u00e9s iraniennes \u2014-avec qui Ottawa a rompu ses relations en 2012\u2013 pour que celles-ci identifient les corps des victimes canadiennes.<\/p>\n<p>Sur un autre dossier, les pays europ\u00e9ens parties \u00e0 l\u2019accord de 2015 sur le nucl\u00e9aire iranien \u2013France, Royaume-Uni, Allemagne\u2013 ont d\u00e9clench\u00e9 mardi le m\u00e9canisme de r\u00e8glement des diff\u00e9rends pr\u00e9vu dans le texte afin de contraindre T\u00e9h\u00e9ran \u00e0 revenir au respect de ses engagements.<\/p>\n<p>Les Europ\u00e9ens ont dit ne pas se joindre pour autant \u00e0 \u00ab\u00a0la campagne\u00a0\u00bb de \u00ab\u00a0pression maximale contre l\u2019Iran\u00a0\u00bb, mais T\u00e9h\u00e9ran, qui s\u2019est affranchi de plusieurs de ses engagements depuis plusieurs mois (en riposte au retrait am\u00e9ricain de l\u2019accord) les a mis en garde contre les \u00ab\u00a0cons\u00e9quences\u00a0\u00bb de leur d\u00e9cision.<\/p>\n<p>Le chef de la diplomatie europ\u00e9enne Josep Borrell, charg\u00e9 de superviser ce m\u00e9canisme, a appel\u00e9 tous les signataires, dont T\u00e9h\u00e9ran, \u00e0 pr\u00e9server l\u2019accord, \u00ab\u00a0impossible\u00a0\u00bb \u00e0 remplacer.<\/p>\n<p>La catastrophe a\u00e9rienne du 8 janvier est survenue en plein pic des tensions entre T\u00e9h\u00e9ran et Washington, apr\u00e8s l\u2019\u00e9limination de Qassem Soleimani, un important g\u00e9n\u00e9ral iranien tu\u00e9 par un tir de drone am\u00e9ricain le 3 janvier \u00e0 Bagdad.<\/p>\n<p>Cette op\u00e9ration a \u00e9t\u00e9 suivie le 8 janvier de tirs de missiles iraniens contre deux bases militaires utilis\u00e9es par l\u2019arm\u00e9e am\u00e9ricaine en Irak, sans faire de victimes.<\/p>\n<p>Quelques heures plus tard, l\u2019avion ukrainien \u00e9tait abattu \u00ab\u00a0par erreur\u00a0\u00bb par un missile iranien alors que la d\u00e9fense du pays \u00e9tait en \u00e9tat d\u2019alerte \u00ab\u00a0guerre\u00a0\u00bb.<\/p>\n<p>Auteur: AFP<br \/>\n<a href=\"https:\/\/www.journalducameroun.com\/boeing-abattu-en-iran-des-arrestations-lindignation-perdure\/\">Cliquez ici pour lire l&rsquo;article depuis sa source.<\/a><\/p>\n","protected":false},"excerpt":{"rendered":"<p>T\u00e9h\u00e9ran a annonc\u00e9 mardi des arrestations dans le cadre de l\u2019enqu\u00eate sur l\u2019avion civil ukrainien abattu en Iran, o\u00f9 des manifestations ont eu lieu pour le quatri\u00e8me jour dans le sillage de l\u2019indignation provoqu\u00e9e par ce drame. Apr\u00e8s deux jours de d\u00e9mentis officiels de la th\u00e8se selon laquelle un missile avait \u00e9t\u00e9 tir\u00e9 sur le [&hellip;]<\/p>\n","protected":false},"author":1965,"featured_media":0,"comment_status":"closed","ping_status":"closed","sticky":false,"template":"","format":"standard","meta":{"fifu_image_url":"","fifu_image_alt":"","footnotes":""},"categories":[73,82],"tags":[],"class_list":["post-73071","post","type-post","status-publish","format-standard","hentry","category-actualite","category-cameroun"],"_links":{"self":[{"href":"https:\/\/linitiative.ca\/International\/wp-json\/wp\/v2\/posts\/73071","targetHints":{"allow":["GET"]}}],"collection":[{"href":"https:\/\/linitiative.ca\/International\/wp-json\/wp\/v2\/posts"}],"about":[{"href":"https:\/\/linitiative.ca\/International\/wp-json\/wp\/v2\/types\/post"}],"author":[{"embeddable":true,"href":"https:\/\/linitiative.ca\/International\/wp-json\/wp\/v2\/users\/1965"}],"replies":[{"embeddable":true,"href":"https:\/\/linitiative.ca\/International\/wp-json\/wp\/v2\/comments?post=73071"}],"version-history":[{"count":0,"href":"https:\/\/linitiative.ca\/International\/wp-json\/wp\/v2\/posts\/73071\/revisions"}],"wp:attachment":[{"href":"https:\/\/linitiative.ca\/International\/wp-json\/wp\/v2\/media?parent=73071"}],"wp:term":[{"taxonomy":"category","embeddable":true,"href":"https:\/\/linitiative.ca\/International\/wp-json\/wp\/v2\/categories?post=73071"},{"taxonomy":"post_tag","embeddable":true,"href":"https:\/\/linitiative.ca\/International\/wp-json\/wp\/v2\/tags?post=73071"}],"curies":[{"name":"wp","href":"https:\/\/api.w.org\/{rel}","templated":true}]}}