{"id":73073,"date":"2020-01-14T03:32:02","date_gmt":"2020-01-14T08:32:02","guid":{"rendered":"https:\/\/linitiative.ca\/International\/yaounde-le-bitumage-de-la-route-poussiereuse-de-nkolmesseng-va-couter-12-milliards-fcfa\/"},"modified":"2020-01-14T03:32:02","modified_gmt":"2020-01-14T08:32:02","slug":"yaounde-le-bitumage-de-la-route-poussiereuse-de-nkolmesseng-va-couter-12-milliards-fcfa","status":"publish","type":"post","link":"https:\/\/linitiative.ca\/International\/yaounde-le-bitumage-de-la-route-poussiereuse-de-nkolmesseng-va-couter-12-milliards-fcfa\/","title":{"rendered":"Yaound\u00e9 : le bitumage de la route poussi\u00e9reuse de Nkolmesseng va co\u00fbter 12 milliards FCFA"},"content":{"rendered":"<div class=\"featured-area featured-area-inner\"><img loading=\"lazy\" decoding=\"async\" width=\"780\" height=\"405\" src=\"https:\/\/ecomatin.net\/wp-content\/uploads\/2020\/01\/Une-vue-de-la-route-Nkolmesseng-780x405.jpg?is-pending-load=1\" class=\"attachment-jannah-image-post size-jannah-image-post wp-post-image jetpack-lazy-image\" alt=\"\" srcset=\"data:image\/gif;base64,R0lGODlhAQABAIAAAAAAAP\/\/\/yH5BAEAAAAALAAAAAABAAEAAAIBRAA7\"\/><\/div>\n<div class=\"entry-content entry clearfix\" readability=\"59.2004069176\">\n<p class=\"yiv2842133528MsoNormal\">La route de Nkolmesseng repr\u00e9sente un v\u00e9ritable calvaire pour les chauffeurs et les passagers qui l\u2019empruntent. A cause de son \u00e9tat poussi\u00e9reux, elle est devenu \u00e9galement une menacer pour les populations vivant dans le voisinage. Pour essayer de pallier cette situation,\u00a0<strong>C\u00e9lestine Ketcha Courtes<\/strong>, ministre de l\u2019Habitat et du D\u00e9veloppement Urbain (<strong>Minhdu<\/strong>), a\u00a0 annonc\u00e9\u00a0 le bitumage de ce tron\u00e7on situ\u00e9 dans l\u2019arrondissement de Yaound\u00e9 V. Le co\u00fbt des travaux est \u00e9lev\u00e9 \u00e0 plus de\u00a0<strong>11,7 milliards de FCFA<\/strong>, financ\u00e9 par la Banque Mondiale et l\u2019Etat du Cameroun qui est charg\u00e9 des taxes y relatives et des indemnisations des populations riveraines impact\u00e9es par le chantier.<\/p>\n<p class=\"yiv2842133528MsoNormal\">Les travaux qui s\u2019\u00e9tendent sur\u00a0<strong>6,8 km<\/strong>\u00a0se d\u00e9rouleront en deux lots. Le premier\u00a0 qui s\u2019\u00e9tend sur une distance de\u00a0<strong>5 km<\/strong>\u00a0passant par Carrefour lyc\u00e9e bilingue d\u2019Essos \u2013 Carrefour safari (Nkolmesseng) \u2013 Carrefour Mont Belinga (Nkolmesseng) \u2013 Carrefour Ottou \u2013 Carrefour Tradex Eleveur,\u00a0 est \u00e9valu\u00e9 \u00e0\u00a0<strong>8,957 milliards de FCFA<\/strong>. Le second, quant \u00e0 lui, est une voie desserte\u00a0<strong>de 1,8 kilom\u00e8tre<\/strong>\u00a0va relier le Carrefour Safari (Nkolmesseng) \u2013 Chefferie Nkolmesseng \u2013 Carrefour Tradex Eleveur et s\u2019\u00e9l\u00e8ve \u00e0\u00a0<strong>2,760 milliards de FCFA<\/strong>.<\/p>\n<p class=\"yiv2842133528MsoNormal\">Une autre annonce ayant aussi marqu\u00e9 la descente sur le terrain du\u00a0<strong>Minhdu\u00a0<\/strong>le 11 janvier 2019<strong>\u00a0<\/strong>quartier Nkolmesseng, est l\u2019arrosage syst\u00e9matique de cette route par les agents de son d\u00e9partement minist\u00e8re,\u00a0 en collaboration avec la Communaut\u00e9 urbaine de Yaound\u00e9 et les comit\u00e9s d\u2019hygi\u00e8ne et salubrit\u00e9 de Yaound\u00e9 V 2 fois par jour. Ceci \u00a0jusqu\u2019au d\u00e9marrage effectif des travaux \u00a0pr\u00e9vu d\u2019ici avril 2020, avec une dur\u00e9e de 18 mois \u00e0 compter du 1<sup>er<\/sup>\u00a0juin 2020 au 23 novembre 2021. Il est question \u00e0 travers cette mesure d\u2019essayer de pallier au probl\u00e8me de poussi\u00e8re dans ce quartier.<\/p>\n<div class=\"sharedaddy sd-sharing-enabled robots-nocontent sd-block sd-social sd-social-icon-text sd-sharing\">\n<h3 class=\"sd-title\">Partager\u00a0:<\/h3>\n<\/div>\n<p><h3 class=\"jp-relatedposts-headline\"><em>Articles similaires<\/em><\/h3>\n<\/p>\n<div class=\"stream-item stream-item-below-post-content\"><a href=\"https:\/\/www.facebook.com\/canalpluscmr\/\" title=\"\" target=\"_blank\" rel=\"noopener noreferrer\"><img loading=\"lazy\" decoding=\"async\" src=\"https:\/\/ecomatin.net\/wp-content\/uploads\/2020\/01\/ecomatin-H1260-xL-6222-px.png\" alt=\"\" width=\"728\" height=\"90\"\/><\/a><\/div>\n<\/div>\n<div class=\"toggle-post-content clearfix\"><a id=\"toggle-post-button\" class=\"button\" href=\"#\">Afficher plus <\/a><\/div>\n<p>Auteur: Ecomatin<br \/>\n<a href=\"https:\/\/ecomatin.net\/yaounde-le-bitumage-de-la-route-poussiereuse-de-nkolmesseng-va-couter-12-milliards-fcfa\/\">Cliquez ici pour lire l&rsquo;article depuis sa source.<\/a><\/p>\n","protected":false},"excerpt":{"rendered":"<p>La route de Nkolmesseng repr\u00e9sente un v\u00e9ritable calvaire pour les chauffeurs et les passagers qui l\u2019empruntent. A cause de son \u00e9tat poussi\u00e9reux, elle est devenu \u00e9galement une menacer pour les populations vivant dans le voisinage. Pour essayer de pallier cette situation,\u00a0C\u00e9lestine Ketcha Courtes, ministre de l\u2019Habitat et du D\u00e9veloppement Urbain (Minhdu), a\u00a0 annonc\u00e9\u00a0 le bitumage [&hellip;]<\/p>\n","protected":false},"author":1969,"featured_media":0,"comment_status":"closed","ping_status":"closed","sticky":false,"template":"","format":"standard","meta":{"fifu_image_url":"","fifu_image_alt":"","footnotes":""},"categories":[82,78],"tags":[],"class_list":["post-73073","post","type-post","status-publish","format-standard","hentry","category-cameroun","category-economie"],"_links":{"self":[{"href":"https:\/\/linitiative.ca\/International\/wp-json\/wp\/v2\/posts\/73073","targetHints":{"allow":["GET"]}}],"collection":[{"href":"https:\/\/linitiative.ca\/International\/wp-json\/wp\/v2\/posts"}],"about":[{"href":"https:\/\/linitiative.ca\/International\/wp-json\/wp\/v2\/types\/post"}],"author":[{"embeddable":true,"href":"https:\/\/linitiative.ca\/International\/wp-json\/wp\/v2\/users\/1969"}],"replies":[{"embeddable":true,"href":"https:\/\/linitiative.ca\/International\/wp-json\/wp\/v2\/comments?post=73073"}],"version-history":[{"count":0,"href":"https:\/\/linitiative.ca\/International\/wp-json\/wp\/v2\/posts\/73073\/revisions"}],"wp:attachment":[{"href":"https:\/\/linitiative.ca\/International\/wp-json\/wp\/v2\/media?parent=73073"}],"wp:term":[{"taxonomy":"category","embeddable":true,"href":"https:\/\/linitiative.ca\/International\/wp-json\/wp\/v2\/categories?post=73073"},{"taxonomy":"post_tag","embeddable":true,"href":"https:\/\/linitiative.ca\/International\/wp-json\/wp\/v2\/tags?post=73073"}],"curies":[{"name":"wp","href":"https:\/\/api.w.org\/{rel}","templated":true}]}}