{"id":73074,"date":"2020-01-14T12:40:43","date_gmt":"2020-01-14T17:40:43","guid":{"rendered":"https:\/\/linitiative.ca\/International\/maroua-se-dote-dune-unite-de-decorticage-des-cereales-dun-demi-milliard-fcfa\/"},"modified":"2020-01-14T12:40:43","modified_gmt":"2020-01-14T17:40:43","slug":"maroua-se-dote-dune-unite-de-decorticage-des-cereales-dun-demi-milliard-fcfa","status":"publish","type":"post","link":"https:\/\/linitiative.ca\/International\/maroua-se-dote-dune-unite-de-decorticage-des-cereales-dun-demi-milliard-fcfa\/","title":{"rendered":"Maroua se dote d\u2019une unit\u00e9 de d\u00e9corticage des c\u00e9r\u00e9ales d\u2019un demi-milliard FCFA"},"content":{"rendered":"<div class=\"featured-area featured-area-inner\"><img loading=\"lazy\" decoding=\"async\" width=\"780\" height=\"405\" src=\"https:\/\/ecomatin.net\/wp-content\/uploads\/2020\/01\/USINE-780x405.png?is-pending-load=1\" class=\"attachment-jannah-image-post size-jannah-image-post wp-post-image jetpack-lazy-image\" alt=\"\" srcset=\"data:image\/gif;base64,R0lGODlhAQABAIAAAAAAAP\/\/\/yH5BAEAAAAALAAAAAABAAEAAAIBRAA7\"\/><\/div>\n<div class=\"entry-content entry clearfix\" readability=\"62.1049798116\">\n<p>Le ministre de l\u2019Agriculture, <strong>Gabriel Mba\u00efrobe,<\/strong> a proc\u00e9d\u00e9 vendredi 10 janvier \u00e0 l\u2019inauguration d\u2019une usine de nettoyage et de stockage des c\u00e9r\u00e9ales dans la ville de Salak, d\u00e9partement du Diamar\u00e9, r\u00e9gion de l\u2019Extr\u00eame-Nord. Fruit du partenariat entre le Minader et le Conseil r\u00e9gional des organisations paysannes de la partie septentrionale du Cameroun (Cropsec), cette infrastructure financ\u00e9e dans le cadre du Projet d\u2019investissement et de d\u00e9veloppement des march\u00e9s agricoles (Pidma) a co\u00fbt\u00e9 plus de <strong>633 millions FCFA<\/strong>.<\/p>\n<p>Son op\u00e9rationnalisation devra faciliter le nettoyage des c\u00e9r\u00e9ales comme le sorgho, grain, le ma\u00efs, le bl\u00e9, le riz et des l\u00e9gumineuses (haricot, ni\u00e9b\u00e9 et les arachides). L\u2019objectif principal \u00e9tant de moderniser l\u2019agriculture camerounaise.<\/p>\n<p>Cette nouvelle usine de d\u00e9corticage, permettra \u00e0 en croire le directeur g\u00e9n\u00e9ral de la coop\u00e9rative Cropsec, <strong>Mariam Haman Adama<\/strong> de r\u00e9pondre aux besoins des producteurs. Selon lui, les producteurs verront leurs revenus ainsi que le niveau de vie s\u2019am\u00e9liorer. Elle induit d\u2019autres avantages notamment l\u2019am\u00e9lioration de la s\u00e9curit\u00e9 alimentaire, la r\u00e9duction des exportations, l\u2019attractivit\u00e9 des jeunes pour l\u2019agriculture etc.<\/p>\n<p>Pour le Minader, il est question, de d\u00e9passer l\u2019agriculture de subsistance et de faible productivit\u00e9 du sorgho pour passer \u00e0 la m\u00e9canisation agricole.<\/p>\n<div class=\"sharedaddy sd-sharing-enabled robots-nocontent sd-block sd-social sd-social-icon-text sd-sharing\">\n<h3 class=\"sd-title\">Partager\u00a0:<\/h3>\n<\/div>\n<p><h3 class=\"jp-relatedposts-headline\"><em>Articles similaires<\/em><\/h3>\n<\/p>\n<div class=\"stream-item stream-item-below-post-content\"><a href=\"https:\/\/www.facebook.com\/canalpluscmr\/\" title=\"\" target=\"_blank\" rel=\"noopener noreferrer\"><img loading=\"lazy\" decoding=\"async\" src=\"https:\/\/ecomatin.net\/wp-content\/uploads\/2020\/01\/ecomatin-H1260-xL-6222-px.png\" alt=\"\" width=\"728\" height=\"90\"\/><\/a><\/div>\n<\/div>\n<div class=\"toggle-post-content clearfix\"><a id=\"toggle-post-button\" class=\"button\" href=\"#\">Afficher plus <\/a><\/div>\n<p>Auteur: Ecomatin<br \/>\n<a href=\"https:\/\/ecomatin.net\/maroua-se-dote-dune-unite-de-decorticage-des-cereales-dun-demi-milliard-fcfa\/\">Cliquez ici pour lire l&rsquo;article depuis sa source.<\/a><\/p>\n","protected":false},"excerpt":{"rendered":"<p>Le ministre de l\u2019Agriculture, Gabriel Mba\u00efrobe, a proc\u00e9d\u00e9 vendredi 10 janvier \u00e0 l\u2019inauguration d\u2019une usine de nettoyage et de stockage des c\u00e9r\u00e9ales dans la ville de Salak, d\u00e9partement du Diamar\u00e9, r\u00e9gion de l\u2019Extr\u00eame-Nord. Fruit du partenariat entre le Minader et le Conseil r\u00e9gional des organisations paysannes de la partie septentrionale du Cameroun (Cropsec), cette infrastructure [&hellip;]<\/p>\n","protected":false},"author":1969,"featured_media":0,"comment_status":"closed","ping_status":"closed","sticky":false,"template":"","format":"standard","meta":{"fifu_image_url":"","fifu_image_alt":"","footnotes":""},"categories":[82,78],"tags":[],"class_list":["post-73074","post","type-post","status-publish","format-standard","hentry","category-cameroun","category-economie"],"_links":{"self":[{"href":"https:\/\/linitiative.ca\/International\/wp-json\/wp\/v2\/posts\/73074","targetHints":{"allow":["GET"]}}],"collection":[{"href":"https:\/\/linitiative.ca\/International\/wp-json\/wp\/v2\/posts"}],"about":[{"href":"https:\/\/linitiative.ca\/International\/wp-json\/wp\/v2\/types\/post"}],"author":[{"embeddable":true,"href":"https:\/\/linitiative.ca\/International\/wp-json\/wp\/v2\/users\/1969"}],"replies":[{"embeddable":true,"href":"https:\/\/linitiative.ca\/International\/wp-json\/wp\/v2\/comments?post=73074"}],"version-history":[{"count":0,"href":"https:\/\/linitiative.ca\/International\/wp-json\/wp\/v2\/posts\/73074\/revisions"}],"wp:attachment":[{"href":"https:\/\/linitiative.ca\/International\/wp-json\/wp\/v2\/media?parent=73074"}],"wp:term":[{"taxonomy":"category","embeddable":true,"href":"https:\/\/linitiative.ca\/International\/wp-json\/wp\/v2\/categories?post=73074"},{"taxonomy":"post_tag","embeddable":true,"href":"https:\/\/linitiative.ca\/International\/wp-json\/wp\/v2\/tags?post=73074"}],"curies":[{"name":"wp","href":"https:\/\/api.w.org\/{rel}","templated":true}]}}