{"id":73077,"date":"2020-01-15T08:58:12","date_gmt":"2020-01-15T13:58:12","guid":{"rendered":"https:\/\/linitiative.ca\/International\/regularisation-spontanee-2020-loffice-des-changes-publie-une-capsule-video-explicative\/"},"modified":"2020-01-15T08:58:12","modified_gmt":"2020-01-15T13:58:12","slug":"regularisation-spontanee-2020-loffice-des-changes-publie-une-capsule-video-explicative","status":"publish","type":"post","link":"https:\/\/linitiative.ca\/International\/regularisation-spontanee-2020-loffice-des-changes-publie-une-capsule-video-explicative\/","title":{"rendered":"R\u00e9gularisation spontan\u00e9e 2020 : L\u2019Office des Changes publie une capsule vid\u00e9o explicative"},"content":{"rendered":"<header>\n<div class=\"entry-post-meta\">\n<div class=\"author-link\">Publi\u00e9 par <a itemprop=\"author\" itemscope=\"\" itemtype=\"https:\/\/schema.org\/Person\" href=\"http:\/\/aujourdhui.ma\/profile\/kaid\" rel=\"author\"><span itemprop=\"name\">ALM<\/span><\/a><\/div>\n<p>Date\u00a0:<time content=\"2020-01-15T14:58:12+00:00\" class=\"entry-date updated\" datetime=\"2020-01-15T14:58:12+00:00\">janvier 15, 2020<\/time><\/p>\n<p>0 Vues<\/p>\n<\/div>\n<\/header>\n<div class=\"entry-content clearfix\" readability=\"44\">\n<p><iframe loading=\"lazy\" width=\"536\" height=\"323\" src=\"\/\/www.youtube.com\/embed\/AT_Y6wv6Lj0?\" frameborder=\"0\" allowfullscreen=\"\">[embedded content]<\/iframe><\/p>\n<p><span class=\"c4\"><strong>L\u2019Office des Changes a annonc\u00e9 mardi avoir mis en ligne sur son portail internet une capsule vid\u00e9o d\u00e9di\u00e9e \u00e0 l\u2019op\u00e9ration de r\u00e9gularisation spontan\u00e9e au titre des avoirs et liquidit\u00e9s d\u00e9tenus \u00e0 l\u2019\u00e9tranger.<\/strong><\/span><span id=\"more-329883\"\/><\/p>\n<p><br class=\"\"\/><br \/>\nR\u00e9alis\u00e9e en darija, la vid\u00e9o explique les modalit\u00e9s de mise en \u0153uvre de cette op\u00e9ration de r\u00e9gularisation, \u00e0 savoir les personnes concern\u00e9es, la proc\u00e9dure de d\u00e9claration, les taux de la contribution lib\u00e9ratoire et les avantages accord\u00e9s aux souscripteurs, indique l\u2019Office dans un communiqu\u00e9. L\u2019objectif de la mise en ligne de cette capsule est de mettre \u00e0 la disposition des personnes concern\u00e9es et du grand public un outil d\u2019information et de sensibilisation leur permettant de bien comprendre ce dispositif exceptionnel.<br class=\"\"\/><br \/>\nCette capsule didactique est disponible au niveau de la rubrique \u00ab\u00a0M\u00e9diath\u00e8que\u00a0\u00bb du portail internet de l\u2019Office des Changes.<\/p>\n<\/div>\n<p>Auteur: ALM<br \/>\n<a href=\"http:\/\/aujourdhui.ma\/actualite\/regularisation-spontanee-2020-loffice-des-changes-publie-une-capsule-video-explicative\">Cliquez ici pour lire l&rsquo;article depuis sa source.<\/a><\/p>\n","protected":false},"excerpt":{"rendered":"<p>Publi\u00e9 par ALM Date\u00a0:janvier 15, 2020 0 Vues [embedded content] L\u2019Office des Changes a annonc\u00e9 mardi avoir mis en ligne sur son portail internet une capsule vid\u00e9o d\u00e9di\u00e9e \u00e0 l\u2019op\u00e9ration de r\u00e9gularisation spontan\u00e9e au titre des avoirs et liquidit\u00e9s d\u00e9tenus \u00e0 l\u2019\u00e9tranger. R\u00e9alis\u00e9e en darija, la vid\u00e9o explique les modalit\u00e9s de mise en \u0153uvre de [&hellip;]<\/p>\n","protected":false},"author":1759,"featured_media":0,"comment_status":"closed","ping_status":"closed","sticky":false,"template":"","format":"standard","meta":{"fifu_image_url":"","fifu_image_alt":"","footnotes":""},"categories":[73,54],"tags":[],"class_list":["post-73077","post","type-post","status-publish","format-standard","hentry","category-actualite","category-maroc"],"_links":{"self":[{"href":"https:\/\/linitiative.ca\/International\/wp-json\/wp\/v2\/posts\/73077","targetHints":{"allow":["GET"]}}],"collection":[{"href":"https:\/\/linitiative.ca\/International\/wp-json\/wp\/v2\/posts"}],"about":[{"href":"https:\/\/linitiative.ca\/International\/wp-json\/wp\/v2\/types\/post"}],"author":[{"embeddable":true,"href":"https:\/\/linitiative.ca\/International\/wp-json\/wp\/v2\/users\/1759"}],"replies":[{"embeddable":true,"href":"https:\/\/linitiative.ca\/International\/wp-json\/wp\/v2\/comments?post=73077"}],"version-history":[{"count":0,"href":"https:\/\/linitiative.ca\/International\/wp-json\/wp\/v2\/posts\/73077\/revisions"}],"wp:attachment":[{"href":"https:\/\/linitiative.ca\/International\/wp-json\/wp\/v2\/media?parent=73077"}],"wp:term":[{"taxonomy":"category","embeddable":true,"href":"https:\/\/linitiative.ca\/International\/wp-json\/wp\/v2\/categories?post=73077"},{"taxonomy":"post_tag","embeddable":true,"href":"https:\/\/linitiative.ca\/International\/wp-json\/wp\/v2\/tags?post=73077"}],"curies":[{"name":"wp","href":"https:\/\/api.w.org\/{rel}","templated":true}]}}