{"id":73078,"date":"2020-01-15T09:30:19","date_gmt":"2020-01-15T14:30:19","guid":{"rendered":"https:\/\/linitiative.ca\/International\/ifrane-de-nouveaux-projets-touristiques-de-plus-de-385-mdh\/"},"modified":"2020-01-15T09:30:19","modified_gmt":"2020-01-15T14:30:19","slug":"ifrane-de-nouveaux-projets-touristiques-de-plus-de-385-mdh","status":"publish","type":"post","link":"https:\/\/linitiative.ca\/International\/ifrane-de-nouveaux-projets-touristiques-de-plus-de-385-mdh\/","title":{"rendered":"Ifrane : De nouveaux projets touristiques de plus de 385 MDH"},"content":{"rendered":"<p><img decoding=\"async\" class=\"post_layout_5_img\" src=\"http:\/\/aujourdhui.ma\/wp-content\/uploads\/2020\/01\/Ifrane.jpg?x29840\" alt=\"Ifrane : De nouveaux projets touristiques de plus de 385 MDH\"\/><\/p>\n<p class=\"p1\"><span class=\"c5\"><strong><span class=\"s1 c4\"><em>35 nouveaux \u00e9tablissements d\u2019h\u00e9bergement sont en cours de r\u00e9alisation<\/em><\/span><\/strong><\/span> <span id=\"more-329773\"\/><\/p>\n<p class=\"p1\"><span class=\"s1\">Trente-cinq nouveaux \u00e9tablissements d\u2019h\u00e9bergement touristique d\u2019un investissement global s\u2019\u00e9levant \u00e0 385,5 millions de dirhams (MDH) sont en cours de r\u00e9alisation au niveau de la province d\u2019Ifrane. Ces projets touristiques d\u2019une capacit\u00e9 d\u2019accueil de plus de 2.000 lits viendront renforcer l\u2019infrastructure h\u00f4teli\u00e8re de la ville d\u2019Ifrane et sa province, qui demeurent parmi les destinations les plus pris\u00e9es des touristes en cette p\u00e9riode hivernale, selon des donn\u00e9es de la d\u00e9l\u00e9gation r\u00e9gionale du tourisme.<\/span><\/p>\n<p class=\"p1\"><span class=\"s1\">A Ifrane, le nombre des \u00e9tablissements h\u00f4teliers class\u00e9s s\u2019est \u00e9tabli \u00e0 fin d\u00e9cembre dernier \u00e0 62 avec une capacit\u00e9 liti\u00e8re de plus de 3.000 lits.<\/span><\/p>\n<p class=\"p1\"><span class=\"s1\">Ces \u00e9tablissements se r\u00e9partissent entre les h\u00f4tels (13 unit\u00e9s), les r\u00e9sidences h\u00f4teli\u00e8res (4), les maisons d\u2019h\u00f4tes (2), les auberges (9), les g\u00eetes (19), les pensions (7) et les campings (2), outre les unit\u00e9s d\u2019accueil relatives au tourisme social et associatif, \u00e0 savoir les centres d\u2019estivage relevant des associations des \u0153uvres sociales des secteurs priv\u00e9 et public. Les unit\u00e9s en cours de r\u00e9alisation dans la province font partie des 79 \u00e9tablissements d\u2019h\u00e9bergement touristique qui sont en cours de r\u00e9alisation dans les diff\u00e9rentes pr\u00e9fectures et provinces de la r\u00e9gion F\u00e8s-Mekn\u00e8s. Ces projets qui n\u00e9cessiteront un investissement global de deux milliards DH (MMDH) renforceront la capacit\u00e9 d\u2019accueil touristique dans la r\u00e9gion \u00e0 travers la cr\u00e9ation de 5.311 lits suppl\u00e9mentaires.<\/span><\/p>\n<p class=\"p1\"><span class=\"s1\">En d\u00e9passant fin 2018 le seuil d\u2019un million de nuit\u00e9es (1,76 million), la ville de F\u00e8s, chef-lieu de la r\u00e9gion, continue de jouer le r\u00f4le de \u00ablocomotive\u00bb du tourisme r\u00e9gional en comptant sur la diversit\u00e9 de son potentiel patrimonial, humain et naturel.<\/span><\/p>\n<p class=\"p1\"><span class=\"s1\">La r\u00e9gion F\u00e8s-Mekn\u00e8s compte actuellement 382 \u00e9tablissements d\u2019h\u00e9bergement touristique class\u00e9s, toutes cat\u00e9gories confondues. La capacit\u00e9 d\u2019accueil de ces unit\u00e9s, qui se r\u00e9partissent sur les neuf pr\u00e9fectures et provinces que compte la r\u00e9gion, s\u2019\u00e9tablit \u00e0 plus de 19.000 lits. Les professionnels misent sur l\u2019am\u00e9lioration des prestations touristiques, la prospection des march\u00e9s \u00e9mergents au potentiel encore sous-exploit\u00e9 et la diversification de l\u2019offre touristique, \u00e0 travers l\u2019\u00e9tablissement de nouveaux itin\u00e9raires ouverts sur les autres villes de la r\u00e9gion (Ifrane, Mekn\u00e8s, Taza, Taounate et Immouzer).<\/span><\/p>\n<p>Auteur: ALM<br \/>\n<a href=\"http:\/\/aujourdhui.ma\/economie\/ifrane-de-nouveaux-projets-touristiques-de-plus-de-385-mdh\">Cliquez ici pour lire l&rsquo;article depuis sa source.<\/a><\/p>\n","protected":false},"excerpt":{"rendered":"<p>35 nouveaux \u00e9tablissements d\u2019h\u00e9bergement sont en cours de r\u00e9alisation Trente-cinq nouveaux \u00e9tablissements d\u2019h\u00e9bergement touristique d\u2019un investissement global s\u2019\u00e9levant \u00e0 385,5 millions de dirhams (MDH) sont en cours de r\u00e9alisation au niveau de la province d\u2019Ifrane. Ces projets touristiques d\u2019une capacit\u00e9 d\u2019accueil de plus de 2.000 lits viendront renforcer l\u2019infrastructure h\u00f4teli\u00e8re de la ville d\u2019Ifrane et [&hellip;]<\/p>\n","protected":false},"author":1759,"featured_media":0,"comment_status":"closed","ping_status":"closed","sticky":false,"template":"","format":"standard","meta":{"fifu_image_url":"","fifu_image_alt":"","footnotes":""},"categories":[73,54],"tags":[],"class_list":["post-73078","post","type-post","status-publish","format-standard","hentry","category-actualite","category-maroc"],"_links":{"self":[{"href":"https:\/\/linitiative.ca\/International\/wp-json\/wp\/v2\/posts\/73078","targetHints":{"allow":["GET"]}}],"collection":[{"href":"https:\/\/linitiative.ca\/International\/wp-json\/wp\/v2\/posts"}],"about":[{"href":"https:\/\/linitiative.ca\/International\/wp-json\/wp\/v2\/types\/post"}],"author":[{"embeddable":true,"href":"https:\/\/linitiative.ca\/International\/wp-json\/wp\/v2\/users\/1759"}],"replies":[{"embeddable":true,"href":"https:\/\/linitiative.ca\/International\/wp-json\/wp\/v2\/comments?post=73078"}],"version-history":[{"count":0,"href":"https:\/\/linitiative.ca\/International\/wp-json\/wp\/v2\/posts\/73078\/revisions"}],"wp:attachment":[{"href":"https:\/\/linitiative.ca\/International\/wp-json\/wp\/v2\/media?parent=73078"}],"wp:term":[{"taxonomy":"category","embeddable":true,"href":"https:\/\/linitiative.ca\/International\/wp-json\/wp\/v2\/categories?post=73078"},{"taxonomy":"post_tag","embeddable":true,"href":"https:\/\/linitiative.ca\/International\/wp-json\/wp\/v2\/tags?post=73078"}],"curies":[{"name":"wp","href":"https:\/\/api.w.org\/{rel}","templated":true}]}}