{"id":73079,"date":"2020-01-15T09:40:02","date_gmt":"2020-01-15T14:40:02","guid":{"rendered":"https:\/\/linitiative.ca\/International\/3eme-contemporary-african-art-fair-a-marrakech-une-edition-plus-elargie\/"},"modified":"2020-01-15T09:40:02","modified_gmt":"2020-01-15T14:40:02","slug":"3eme-contemporary-african-art-fair-a-marrakech-une-edition-plus-elargie","status":"publish","type":"post","link":"https:\/\/linitiative.ca\/International\/3eme-contemporary-african-art-fair-a-marrakech-une-edition-plus-elargie\/","title":{"rendered":"3\u00e8me Contemporary African Art Fair \u00e0 Marrakech : Une \u00e9dition plus \u00e9largie"},"content":{"rendered":"<p><img decoding=\"async\" class=\"post_layout_5_img\" src=\"http:\/\/aujourdhui.ma\/wp-content\/uploads\/2020\/01\/Touria-El-Glaoui-fondatrice-de-la-foire-d%E2%80%99art-contemporain-africain-1-54..jpg?x29840\" alt=\"3\u00e8me Contemporary African Art Fair \u00e0 Marrakech : Une \u00e9dition plus \u00e9largie\"\/><\/p>\n<p class=\"p1\"><span class=\"c4\"><strong><span class=\"s1\"><em>Il pr\u00e9sentera le travail de plus de 65 artistes, \u00e9mergents et \u00e9tablis, issus de 20 pays<\/em><\/span><\/strong><\/span><span id=\"more-329898\"\/><\/p>\n<p class=\"p2\"><span class=\"s1\">Le Contemporary African Art Fair (1-54 Marrakech), la plus grande foire internationale d\u00e9di\u00e9e \u00e0 la promotion de l\u2019art contemporain, revient pour une troisi\u00e8me \u00e9dition \u00e0 Marrakech du 22 au 23 f\u00e9vrier 2020. Cet \u00e9v\u00e8nement tr\u00e8s attendu verra la participation, selon les organisateurs, de 20 galeries repr\u00e9sentant 10 pays (Belgique, C\u00f4te d\u2019Ivoire, \u00c9gypte, France, Allemagne, Italie, Maroc, S\u00e9n\u00e9gal, Afrique du Sud et Royaume-Uni). Il pr\u00e9sentera, en effet, le travail de plus de 65 artistes, \u00e9mergents et \u00e9tablis, issus de 20 pays. Il faut dire que cette troisi\u00e8me \u00e9dition sera plus \u00e9largie et diversifi\u00e9e que la pr\u00e9c\u00e9dente.<\/span><\/p>\n<p class=\"p2\"><span class=\"s1\"><em>\u00abIl a toujours \u00e9t\u00e9 important pour la directrice fondatrice, Touria El Glaoui, d\u2019initier le 1-54 sur le continent africain, le salon a \u00e9t\u00e9 lanc\u00e9 avec succ\u00e8s \u00e0 Marrakech. Cela lui a permis d\u2019\u00e9largir sa port\u00e9e et de diversifier davantage son portefeuille d\u2019expositions et de promotion de galeristes ainsi que d\u2019artistes li\u00e9s \u00e0 l\u2019Afrique, s\u2019ajoutant au r\u00e9seau mondial que 1-54 a cultiv\u00e9 au cours des sept derni\u00e8res ann\u00e9es. Marrakech abrite l\u2019une des sc\u00e8nes artistiques les plus dynamiques du continent et cette manifestation vise \u00e0 s\u2019appuyer sur l\u2019\u00e9nergie cr\u00e9ative de la ville stimul\u00e9e par ses artistes, galeries et institutions\u00bb,<\/em> peut-on lire sur la plate-forme du salon. Fond\u00e9e en 2013 \u00e0 Londres, cette manifestation propose un vaste programme.<\/span><\/p>\n<p class=\"p2\"><span class=\"s1\">Il comprend des conf\u00e9rences et des tables rondes initi\u00e9es avec des conservateurs internationaux, des artistes et des producteurs culturels. L\u2019ensemble de ces \u00e9v\u00e9nements se tiendra \u00e0 La Mamounia, l\u2019Ecole sup\u00e9rieure des arts visuels (ESAV) et l\u2019espace \u00abLe 18\u00bb. L\u2019\u00e9dition 2020 propose \u00e9galement le 1-54 Forum. Celui-ci sera organis\u00e9 pour la premi\u00e8re fois par un espace d\u2019art ind\u00e9pendant, The Showroom, Londres. Le projet sera dirig\u00e9 par l\u2019\u00e9quipe de conservation de The Showroom et reprend sa m\u00e9thodologie du programme d\u2019engagement de l\u2019organisation avec sa communaut\u00e9 locale du nord-ouest de Londres, Communal Knowledge.<\/span><\/p>\n<p class=\"p2\"><span class=\"s1\">Intitul\u00e9 Focus : connaissance communale dans son ensemble, ce forum explorera le potentiel de cette m\u00e9thodologie \u00e0 traduire dans d\u2019autres contextes. <em>\u00abNourri par l\u2019apport perspicace d\u2019agents locaux et internationaux, le 1-54 Forum deviendra une plate-forme pour interroger les multiples pratiques de l\u2019art socialement engag\u00e9, conduisant \u00e0 la production d\u2019une nouvelle feuille de route des m\u00e9thodologies collectives organisationnelles et institutionnelles n\u00e9e de cette rencontre entre artistes, militants, institutions et organisateurs communautaires\u00bb.<\/em> Le salon pr\u00e9sentera \u00e9galement un large programme d\u2019\u00e9v\u00e9nements sur mesure en partenariat avec le Mus\u00e9e d\u2019art contemporain africain Al Madeen (Macaal), le Mus\u00e9e Yves Saint Laurent Marrakech, la Fondation Art Montresso, Le 18, la Galerie Comptoir des mines et l\u2019Institut fran\u00e7ais.<\/span><\/p>\n<p>Auteur: Siham Jadraoui<br \/>\n<a href=\"http:\/\/aujourdhui.ma\/culture\/3eme-contemporary-african-art-fair-a-marrakech-une-edition-plus-elargie\">Cliquez ici pour lire l&rsquo;article depuis sa source.<\/a><\/p>\n","protected":false},"excerpt":{"rendered":"<p>Il pr\u00e9sentera le travail de plus de 65 artistes, \u00e9mergents et \u00e9tablis, issus de 20 pays Le Contemporary African Art Fair (1-54 Marrakech), la plus grande foire internationale d\u00e9di\u00e9e \u00e0 la promotion de l\u2019art contemporain, revient pour une troisi\u00e8me \u00e9dition \u00e0 Marrakech du 22 au 23 f\u00e9vrier 2020. Cet \u00e9v\u00e8nement tr\u00e8s attendu verra la participation, [&hellip;]<\/p>\n","protected":false},"author":1759,"featured_media":0,"comment_status":"closed","ping_status":"closed","sticky":false,"template":"","format":"standard","meta":{"fifu_image_url":"","fifu_image_alt":"","footnotes":""},"categories":[73,54],"tags":[],"class_list":["post-73079","post","type-post","status-publish","format-standard","hentry","category-actualite","category-maroc"],"_links":{"self":[{"href":"https:\/\/linitiative.ca\/International\/wp-json\/wp\/v2\/posts\/73079","targetHints":{"allow":["GET"]}}],"collection":[{"href":"https:\/\/linitiative.ca\/International\/wp-json\/wp\/v2\/posts"}],"about":[{"href":"https:\/\/linitiative.ca\/International\/wp-json\/wp\/v2\/types\/post"}],"author":[{"embeddable":true,"href":"https:\/\/linitiative.ca\/International\/wp-json\/wp\/v2\/users\/1759"}],"replies":[{"embeddable":true,"href":"https:\/\/linitiative.ca\/International\/wp-json\/wp\/v2\/comments?post=73079"}],"version-history":[{"count":0,"href":"https:\/\/linitiative.ca\/International\/wp-json\/wp\/v2\/posts\/73079\/revisions"}],"wp:attachment":[{"href":"https:\/\/linitiative.ca\/International\/wp-json\/wp\/v2\/media?parent=73079"}],"wp:term":[{"taxonomy":"category","embeddable":true,"href":"https:\/\/linitiative.ca\/International\/wp-json\/wp\/v2\/categories?post=73079"},{"taxonomy":"post_tag","embeddable":true,"href":"https:\/\/linitiative.ca\/International\/wp-json\/wp\/v2\/tags?post=73079"}],"curies":[{"name":"wp","href":"https:\/\/api.w.org\/{rel}","templated":true}]}}