{"id":73080,"date":"2020-01-15T09:49:03","date_gmt":"2020-01-15T14:49:03","guid":{"rendered":"https:\/\/linitiative.ca\/International\/mohammedia-une-veuve-tuee-par-sa-belle-famille\/"},"modified":"2020-01-15T09:49:03","modified_gmt":"2020-01-15T14:49:03","slug":"mohammedia-une-veuve-tuee-par-sa-belle-famille","status":"publish","type":"post","link":"https:\/\/linitiative.ca\/International\/mohammedia-une-veuve-tuee-par-sa-belle-famille\/","title":{"rendered":"Mohammedia : Une veuve tu\u00e9e par sa belle-famille"},"content":{"rendered":"<p><img decoding=\"async\" class=\"post_layout_5_img\" src=\"http:\/\/aujourdhui.ma\/wp-content\/uploads\/2017\/11\/cour-dappel-casablanca-tribunal.jpg?x29840\" alt=\"Mohammedia : Une veuve tu\u00e9e par sa belle-famille\"\/><\/p>\n<p class=\"p1\"><span class=\"s1 c4\"><strong>Les enqu\u00eateurs ont tout de suite remarqu\u00e9 que le cadavre portait des ecchymoses et quelques blessures prouvant que la d\u00e9funte a \u00e9t\u00e9 violent\u00e9e.<\/strong><\/span><span id=\"more-329924\"\/><\/p>\n<p class=\"p1\"><span class=\"s1\">Nous sommes le mardi 31 d\u00e9cembre 2019. Le policier charg\u00e9 de la salle de trafic au district de la s\u00fbret\u00e9 de Mohammedia a re\u00e7u un appel t\u00e9l\u00e9phonique via le n\u00b0 19 l\u2019alertant qu\u2019une jeune femme, veuve, venait de rendre l\u2019\u00e2me dans des circonstances ind\u00e9termin\u00e9es et ce, chez sa belle-famille demeurant au quartier Al Hassania.<\/span><\/p>\n<p class=\"p1\"><span class=\"s1\">Une brigade de police judiciaire \u00e9paul\u00e9e des \u00e9l\u00e9ments de la brigade de la sc\u00e8ne de crime se sont d\u00e9p\u00each\u00e9s sur l\u2019adresse indiqu\u00e9e par l\u2019interlocuteur. Les enqu\u00eateurs ont tout de suite remarqu\u00e9 que le cadavre portait des ecchymoses et quelques blessures prouvant que la d\u00e9funte a \u00e9t\u00e9 violent\u00e9e. C\u2019est la raison pour laquelle les limiers ont commenc\u00e9 \u00e0 noter les d\u00e9clarations de la belle-famille de la d\u00e9funte, \u00e0 savoir sa belle-m\u00e8re, sa belle-s\u0153ur et son beau-fr\u00e8re. Tous les trois ont affirm\u00e9 que la d\u00e9funte n\u2019est pas retourn\u00e9e chez ses parents apr\u00e8s la mort de son \u00e9poux.<\/span><\/p>\n<p class=\"p1\"><span class=\"s1\">Elle est rest\u00e9e \u00e0 partager le m\u00eame toit. Ils ont ajout\u00e9 qu\u2019elle est sortie, ce dernier jour du l\u2019ann\u00e9e 2019, vers 10 h du matin pour retourner vers 22 h alors qu\u2019elle \u00e9tait dans un \u00e9tat lamentable avant de passer de vie \u00e0 tr\u00e9pas sans qu\u2019elle leur raconte pour autant ce qui lui est arriv\u00e9. Une version des faits qui, on s\u2019en doute, \u00e9tait loin de convaincre les fins limiers.<\/span><\/p>\n<p class=\"p1\"><span class=\"s1\">Ils ont d\u00e9cid\u00e9 de soumettre chacun des membres de la belle-famille \u00e0 un interrogatoire serr\u00e9. Une strat\u00e9gie payante puisque la belle-s\u0153ur, \u00e2g\u00e9e de dix-sept ans, a l\u00e2ch\u00e9 le morceau. Elle a affirm\u00e9 que suite \u00e0 un malentendu entre la d\u00e9funte et sa m\u00e8re, son fr\u00e8re et elle-m\u00eame, ils l\u2019ont maltrait\u00e9e tous les trois sauvagement jusqu\u2019au point qu\u2019elle ait rendu l\u2019\u00e2me.<\/span><\/p>\n<p class=\"p1\"><span class=\"s1\">Les trois membres de<span class=\"Apple-converted-space\">\u00a0<\/span> cette famille ont \u00e9t\u00e9 traduits, dimanche dernier, devant la Cour d\u2019appel de Casablanca.<\/span><\/p>\n<p>Auteur: Abderrafii ALOUMLIKI<br \/>\n<a href=\"http:\/\/aujourdhui.ma\/faits-divers\/mohammedia-une-veuve-tuee-par-sa-belle-famille\">Cliquez ici pour lire l&rsquo;article depuis sa source.<\/a><\/p>\n","protected":false},"excerpt":{"rendered":"<p>Les enqu\u00eateurs ont tout de suite remarqu\u00e9 que le cadavre portait des ecchymoses et quelques blessures prouvant que la d\u00e9funte a \u00e9t\u00e9 violent\u00e9e. Nous sommes le mardi 31 d\u00e9cembre 2019. Le policier charg\u00e9 de la salle de trafic au district de la s\u00fbret\u00e9 de Mohammedia a re\u00e7u un appel t\u00e9l\u00e9phonique via le n\u00b0 19 l\u2019alertant [&hellip;]<\/p>\n","protected":false},"author":1759,"featured_media":0,"comment_status":"closed","ping_status":"closed","sticky":false,"template":"","format":"standard","meta":{"fifu_image_url":"","fifu_image_alt":"","footnotes":""},"categories":[73,54],"tags":[],"class_list":["post-73080","post","type-post","status-publish","format-standard","hentry","category-actualite","category-maroc"],"_links":{"self":[{"href":"https:\/\/linitiative.ca\/International\/wp-json\/wp\/v2\/posts\/73080","targetHints":{"allow":["GET"]}}],"collection":[{"href":"https:\/\/linitiative.ca\/International\/wp-json\/wp\/v2\/posts"}],"about":[{"href":"https:\/\/linitiative.ca\/International\/wp-json\/wp\/v2\/types\/post"}],"author":[{"embeddable":true,"href":"https:\/\/linitiative.ca\/International\/wp-json\/wp\/v2\/users\/1759"}],"replies":[{"embeddable":true,"href":"https:\/\/linitiative.ca\/International\/wp-json\/wp\/v2\/comments?post=73080"}],"version-history":[{"count":0,"href":"https:\/\/linitiative.ca\/International\/wp-json\/wp\/v2\/posts\/73080\/revisions"}],"wp:attachment":[{"href":"https:\/\/linitiative.ca\/International\/wp-json\/wp\/v2\/media?parent=73080"}],"wp:term":[{"taxonomy":"category","embeddable":true,"href":"https:\/\/linitiative.ca\/International\/wp-json\/wp\/v2\/categories?post=73080"},{"taxonomy":"post_tag","embeddable":true,"href":"https:\/\/linitiative.ca\/International\/wp-json\/wp\/v2\/tags?post=73080"}],"curies":[{"name":"wp","href":"https:\/\/api.w.org\/{rel}","templated":true}]}}