{"id":73085,"date":"2020-01-15T05:54:36","date_gmt":"2020-01-15T10:54:36","guid":{"rendered":"https:\/\/linitiative.ca\/International\/toyota-va-batir-un-prototype-de-ville-du-futur\/"},"modified":"2020-01-15T05:54:36","modified_gmt":"2020-01-15T10:54:36","slug":"toyota-va-batir-un-prototype-de-ville-du-futur","status":"publish","type":"post","link":"https:\/\/linitiative.ca\/International\/toyota-va-batir-un-prototype-de-ville-du-futur\/","title":{"rendered":"Toyota va b\u00e2tir un prototype de ville du futur"},"content":{"rendered":"<p class=\"has-text-color c2\"><strong>Au Consumer Electronics Show (CES) de Las Vegas, Toyota a d\u00e9voil\u00e9 un projet d\u2019urbanisme in\u00e9dit: la construction d\u2019une ville du futur prototype sur un site de 70 hectares au pied du Mont Fuji situ\u00e9 \u00e0 presque 130 km de Tokyo. Baptis\u00e9e Woven City (\u00abla ville tiss\u00e9e\u00bb), elle constituera un \u00e9cosyst\u00e8me enti\u00e8rement connect\u00e9 et aliment\u00e9 par des piles \u00e0 combustible hydrog\u00e8ne.<\/strong><\/p>\n<p>Con\u00e7ue comme un \u00ablaboratoire vivant\u00bb, cette petite ville h\u00e9bergera \u00e0 temps plein des r\u00e9sidents et des chercheurs qui pourront y mettre au point et tester en conditions r\u00e9elles des technologies telles que les solutions autonomes, la robotique, la mobilit\u00e9 individuelle, les maisons intelligentes ou encore l\u2019intelligence artificielle.<\/p>\n<p>\u00abB\u00e2tir une ville enti\u00e8re en partant de z\u00e9ro, m\u00eame \u00e0 cette petite \u00e9chelle, est une opportunit\u00e9 unique pour d\u00e9velopper les technologies de demain, notamment un syst\u00e8me d\u2019exploitation num\u00e9rique d\u00e9di\u00e9 aux infrastructures\u00bb, exprime Akio Toyoda, Pr\u00e9sident de Toyota Motor Corporation. Et de poursuivre : \u00abDans la mesure o\u00f9 les habitants, b\u00e2timents et v\u00e9hicules seront tous interconnect\u00e9s et communiqueront entre eux par l\u2019interm\u00e9diaire de donn\u00e9es et de capteurs, nous allons pouvoir exp\u00e9rimenter l\u2019intelligence artificielle connect\u00e9e dans le monde virtuel comme dans le monde r\u00e9el afin d\u2019exploiter au mieux son potentiel\u00bb.<\/p>\n<p>Pour l\u2019urbanisme de Woven City, Toyota a fait appel \u00e0 l\u2019architecte danois Bjarke Ingels, Fondateur et Directeur de la cr\u00e9ation de Bjarke Ingels Group (BIG). Son \u00e9quipe est \u00e0 l\u2019origine de nombreux projets prestigieux, tels que la nouvelle tour Two World Trade Center \u00e0 New\u00a0York, la Maison Lego au Danemark ou encore les si\u00e8ges sociaux de Google \u00e0 Mountain View et Londres.<\/p>\n<p>Concernant les d\u00e9placements intra-urbains, seuls les v\u00e9hicules totalement autonomes et sans \u00e9mission seront autoris\u00e9s sur les grandes art\u00e8res. Des navettes autonomes e-Palette Toyota assureront le transport des personnes, les livraisons et feront office de boutiques itin\u00e9rantes \u00e9ph\u00e9m\u00e8res.<\/p>\n<p>Woven City sera peupl\u00e9e par des collaborateurs de Toyota Motor Corporation et leurs familles, des couples de retrait\u00e9s, des commer\u00e7ants, des scientifiques en visite et des professionnels partenaires. La population initiale sera de 2000 habitants mais pourra augmenter selon l\u2019\u00e9volution du projet. La pose de la premi\u00e8re pierre est pr\u00e9vue pour d\u00e9but 2021.<\/p>\n<p class=\"c3\"><strong>Aimen Bouzoggaghe<\/strong><\/p>\n<p>Auteur: M&rsquo;hammed rahal<br \/>\n<a href=\"http:\/\/albayane.press.ma\/toyota-va-batir-un-prototype-de-ville-du-futur.html\">Cliquez ici pour lire l&rsquo;article depuis sa source.<\/a><\/p>\n","protected":false},"excerpt":{"rendered":"<p>Au Consumer Electronics Show (CES) de Las Vegas, Toyota a d\u00e9voil\u00e9 un projet d\u2019urbanisme in\u00e9dit: la construction d\u2019une ville du futur prototype sur un site de 70 hectares au pied du Mont Fuji situ\u00e9 \u00e0 presque 130 km de Tokyo. Baptis\u00e9e Woven City (\u00abla ville tiss\u00e9e\u00bb), elle constituera un \u00e9cosyst\u00e8me enti\u00e8rement connect\u00e9 et aliment\u00e9 par [&hellip;]<\/p>\n","protected":false},"author":1760,"featured_media":0,"comment_status":"closed","ping_status":"closed","sticky":false,"template":"","format":"standard","meta":{"fifu_image_url":"","fifu_image_alt":"","footnotes":""},"categories":[73,54],"tags":[],"class_list":["post-73085","post","type-post","status-publish","format-standard","hentry","category-actualite","category-maroc"],"_links":{"self":[{"href":"https:\/\/linitiative.ca\/International\/wp-json\/wp\/v2\/posts\/73085","targetHints":{"allow":["GET"]}}],"collection":[{"href":"https:\/\/linitiative.ca\/International\/wp-json\/wp\/v2\/posts"}],"about":[{"href":"https:\/\/linitiative.ca\/International\/wp-json\/wp\/v2\/types\/post"}],"author":[{"embeddable":true,"href":"https:\/\/linitiative.ca\/International\/wp-json\/wp\/v2\/users\/1760"}],"replies":[{"embeddable":true,"href":"https:\/\/linitiative.ca\/International\/wp-json\/wp\/v2\/comments?post=73085"}],"version-history":[{"count":0,"href":"https:\/\/linitiative.ca\/International\/wp-json\/wp\/v2\/posts\/73085\/revisions"}],"wp:attachment":[{"href":"https:\/\/linitiative.ca\/International\/wp-json\/wp\/v2\/media?parent=73085"}],"wp:term":[{"taxonomy":"category","embeddable":true,"href":"https:\/\/linitiative.ca\/International\/wp-json\/wp\/v2\/categories?post=73085"},{"taxonomy":"post_tag","embeddable":true,"href":"https:\/\/linitiative.ca\/International\/wp-json\/wp\/v2\/tags?post=73085"}],"curies":[{"name":"wp","href":"https:\/\/api.w.org\/{rel}","templated":true}]}}