{"id":73091,"date":"2020-01-15T07:19:27","date_gmt":"2020-01-15T12:19:27","guid":{"rendered":"https:\/\/linitiative.ca\/International\/la-seance-pleniere-levee-a-larp-tension-extreme-entre-les-deputes-du-pdl-et-dennahdha\/"},"modified":"2020-01-15T07:19:27","modified_gmt":"2020-01-15T12:19:27","slug":"la-seance-pleniere-levee-a-larp-tension-extreme-entre-les-deputes-du-pdl-et-dennahdha","status":"publish","type":"post","link":"https:\/\/linitiative.ca\/International\/la-seance-pleniere-levee-a-larp-tension-extreme-entre-les-deputes-du-pdl-et-dennahdha\/","title":{"rendered":"La s\u00e9ance pl\u00e9ni\u00e8re lev\u00e9e \u00e0 l\u2019ARP : Tension extr\u00eame entre les d\u00e9put\u00e9s du PDL et d\u2019Ennahdha"},"content":{"rendered":"<p>La s\u00e9ance pl\u00e9ni\u00e8re consacr\u00e9e \u00e0 l\u2019examen du projet de loi relatif aux droits des patients et \u00e0 la responsabilit\u00e9 m\u00e9dicale a \u00e9t\u00e9 lev\u00e9e, mercredi, sur fond de tension entre la pr\u00e9sidente du bloc parlementaire du Parti destourien libre (PDL), Abir Moussi, et certains \u00e9lus du mouvement Ennahdha.<\/p>\n<p>Noureddine Bhiri, pr\u00e9sident du groupe parlementaire d\u2019Ennahdha a appel\u00e9 \u00e0 lever la s\u00e9ance et \u00e0 convoquer les pr\u00e9sidents des blocs parlementaires \u00e0 une r\u00e9union.<\/p>\n<p>Les d\u00e9put\u00e9s du bloc du PDL ont brandi des pancartes en faveur de la destitution du pr\u00e9sident de l\u2019Assembl\u00e9e des repr\u00e9sentants du peuple (ARP), Rached Ghannouchi<\/p>\n<p>\u00ab Le retrait de confiance au pr\u00e9sident de l\u2019ARP signifie la pr\u00e9servation de la s\u00e9curit\u00e9 nationale \u00bb, ont-ils estim\u00e9.<\/p>\n<p>Plusieurs \u00e9lus, issus des diff\u00e9rentes formations parlementaires ont \u00e9voqu\u00e9 la visite du pr\u00e9sident du parlement en Turquie, critiquant les arguments avanc\u00e9s par le mouvement Ennahdha \u00e0 ce sujet.<\/p>\n<p class=\"dpsp-share-text\">Partager c&rsquo;est aimer!<\/p>\n<div class=\"wp-post-author-wrap wp-post-author-shortcode left\">\n<h3 class=\"awpa-title\"\/>\n<div class=\"wp-post-author\">\n<div class=\"awpa-img awpa-author-block square\"><a href=\"http:\/\/lexpertjournal.net\/fr\/author\/expert\/\"><img loading=\"lazy\" decoding=\"async\" alt=\"\" src=\"http:\/\/0.gravatar.com\/avatar\/c828f0b17d24309f0d01a4eac3747085?s=150&#038;d=mm&#038;r=g\" srcset=\"http:\/\/0.gravatar.com\/avatar\/c828f0b17d24309f0d01a4eac3747085?s=300&#038;d=mm&#038;r=g 2x\" class=\"avatar avatar-150 photo\" height=\"150\" width=\"150\"\/><\/a><\/div>\n<\/div>\n<\/div>\n<p>Auteur: L&rsquo;expert<br \/>\n<a href=\"http:\/\/lexpertjournal.net\/fr\/2020\/01\/15\/la-seance-pleniere-levee-a-larp-tension-extreme-entre-les-deputes-du-pdl-et-dennahdha\/\">Cliquez ici pour lire l&rsquo;article depuis sa source.<\/a><\/p>\n","protected":false},"excerpt":{"rendered":"<p>La s\u00e9ance pl\u00e9ni\u00e8re consacr\u00e9e \u00e0 l\u2019examen du projet de loi relatif aux droits des patients et \u00e0 la responsabilit\u00e9 m\u00e9dicale a \u00e9t\u00e9 lev\u00e9e, mercredi, sur fond de tension entre la pr\u00e9sidente du bloc parlementaire du Parti destourien libre (PDL), Abir Moussi, et certains \u00e9lus du mouvement Ennahdha. Noureddine Bhiri, pr\u00e9sident du groupe parlementaire d\u2019Ennahdha a [&hellip;]<\/p>\n","protected":false},"author":1775,"featured_media":0,"comment_status":"closed","ping_status":"closed","sticky":false,"template":"","format":"standard","meta":{"fifu_image_url":"","fifu_image_alt":"","footnotes":""},"categories":[78,55],"tags":[],"class_list":["post-73091","post","type-post","status-publish","format-standard","hentry","category-economie","category-tunisie"],"_links":{"self":[{"href":"https:\/\/linitiative.ca\/International\/wp-json\/wp\/v2\/posts\/73091","targetHints":{"allow":["GET"]}}],"collection":[{"href":"https:\/\/linitiative.ca\/International\/wp-json\/wp\/v2\/posts"}],"about":[{"href":"https:\/\/linitiative.ca\/International\/wp-json\/wp\/v2\/types\/post"}],"author":[{"embeddable":true,"href":"https:\/\/linitiative.ca\/International\/wp-json\/wp\/v2\/users\/1775"}],"replies":[{"embeddable":true,"href":"https:\/\/linitiative.ca\/International\/wp-json\/wp\/v2\/comments?post=73091"}],"version-history":[{"count":0,"href":"https:\/\/linitiative.ca\/International\/wp-json\/wp\/v2\/posts\/73091\/revisions"}],"wp:attachment":[{"href":"https:\/\/linitiative.ca\/International\/wp-json\/wp\/v2\/media?parent=73091"}],"wp:term":[{"taxonomy":"category","embeddable":true,"href":"https:\/\/linitiative.ca\/International\/wp-json\/wp\/v2\/categories?post=73091"},{"taxonomy":"post_tag","embeddable":true,"href":"https:\/\/linitiative.ca\/International\/wp-json\/wp\/v2\/tags?post=73091"}],"curies":[{"name":"wp","href":"https:\/\/api.w.org\/{rel}","templated":true}]}}